{"id":32614,"date":"2018-06-07T22:28:30","date_gmt":"2018-06-08T03:28:30","guid":{"rendered":"http:\/\/contraluzcucuta.co\/?p=32614"},"modified":"2018-06-07T22:28:30","modified_gmt":"2018-06-08T03:28:30","slug":"victimas-del-conflicto-reparar-y-sanar-para-continuar-proyecto-para-construir-memoria-historica","status":"publish","type":"post","link":"https:\/\/contraluzcucuta.co\/?p=32614","title":{"rendered":"V\u00cdCTIMAS DEL CONFLICTO. \u2018Reparar y sanar para continuar\u2019, proyecto para \u00a0construir memoria hist\u00f3rica"},"content":{"rendered":"<p style=\"padding-left: 60px;\"><span style=\"color: #ff6600;\"><strong>C\u00daCUTA.-<\/strong> El proyecto \u2018Reparar y sanar para continuar\u2019 reuni\u00f3 a medio centenar &nbsp;de integrantes de asociaciones de v\u00edctimas. Al finalizar Del trabajo se cumplieron dos objetivos:<\/span><\/p>\n<p>1.- Brindar atenci\u00f3n, por medio de los sobrevivientes del conflicto, en terreno<\/p>\n<p>2.- Fomentar la relaci\u00f3n academia-institucionalidad.<\/p>\n<p>El proyecto se ejecut\u00f3 durante un mes. Estuvo enfocado en acompa\u00f1ar el camino de perd\u00f3n y reconciliaci\u00f3n iniciado por los participantes, con el fin de aportar a la construcci\u00f3n de la paz.<\/p>\n<p>En los barrios Antonia Santos y Toledo Plata de C\u00facuta, el Centro de Inspiraci\u00f3n para la Paz (CIP) y estudiantes de psicolog\u00eda de la Universidad Sim\u00f3n Bol\u00edvar desarrollaron talleres orientados a construir memoria hist\u00f3rica, con v\u00edctimas del conflicto armado.<\/p>\n<p>&nbsp;\u201cCompartieron sus historias y como resultado de las intervenciones se &nbsp;elabor\u00f3 un dise\u00f1o museogr\u00e1fico\u201d, dijo Lida Blanco, docente universitaria. En ese espacio se exponen los productos relacionados con tem\u00e1ticas como el cuerpo y sus emociones, la visualizaci\u00f3n del futuro y los objetos que los aferran al pasado.<\/p>\n<p>Marilyn Rueda Ortiz, estudiante de psicolog\u00eda de la Universidad Sim\u00f3n Bol\u00edvar, asegur\u00f3 que fortaleci\u00f3 el aprendizaje sobre el conflicto armado en la regi\u00f3n, \u201cpor medio de las historias que recopilamos. Tambi\u00e9n incentivamos a las comunidades a utilizar t\u00e9cnicas que le permitan olvidar, sanamente\u201d.<\/p>\n<p><strong>V\u00cdCTIMAS EMPRENDEDORAS<\/strong><\/p>\n<p>Luciana Bonet, de 53 a\u00f1os, es una de las&nbsp; 25 v\u00edctimas&nbsp; que empezaron el curso para aprender a dibujar, cortar y rellenar mu\u00f1ecos en fibra textil. La instructora del Sena, Tina Rol\u00f3n, est\u00e1 a cargo de la acividad.<\/p>\n<p>Deben asistir a los dos cursos de 100 horas continuas para obtener conocimiento en la confecci\u00f3n de superh\u00e9roes y mu\u00f1ecas de trapo, y para acceder al curso de emprendimiento, a trav\u00e9s del cual pueden formular proyectos productivos\u201d.<\/p>\n<p>&nbsp;\u201cLa idea es que los mu\u00f1ecos&nbsp; queden sin brumos, m\u00e1s firme, tengan mejor presentaci\u00f3n al p\u00fablico. Estos se rellenan con algod\u00f3n siliconado y tienen una mejor consistencia\u201d explico la profesora.<\/p>\n<p>Luciana ratifica este argumento y se\u00f1ala que hizo los primeros mu\u00f1ecos para los nietos. \u201cEs una experiencia muy buena, uno aprende mucho y si Dios lo permite podemos emprender un negocito. Con amor y paciencia se aprende, sin importar la edad\u201d, afirm\u00f3.<\/p>\n<p>El Sena mantiene cursos permanentes en le CRAV de C\u00facuta, especialmente para las mujeres que han padecido hechos victimizantes.<\/p>\n<p>&nbsp; <\/p>\n","protected":false},"excerpt":{"rendered":"<p>C\u00daCUTA.- El proyecto \u2018Reparar y sanar para continuar\u2019 reuni\u00f3 a medio centenar &nbsp;de integrantes de asociaciones de v\u00edctimas. Al finalizar Del trabajo se cumplieron dos objetivos: 1.- Brindar atenci\u00f3n, por medio de los sobrevivientes del conflicto, en terreno 2.- Fomentar la relaci\u00f3n academia-institucionalidad. El proyecto se ejecut\u00f3 durante un mes. Estuvo enfocado en acompa\u00f1ar el &hellip;<\/p>\n","protected":false},"author":1,"featured_media":32615,"comment_status":"open","ping_status":"open","sticky":false,"template":"","format":"standard","meta":{"footnotes":""},"categories":[4,5,6],"tags":[1473],"class_list":["post-32614","post","type-post","status-publish","format-standard","has-post-thumbnail","hentry","category-barra","category-justicia-transicional","category-ojo-avizor","tag-victimas-en-norte-de-santander"],"_links":{"self":[{"href":"https:\/\/contraluzcucuta.co\/index.php?rest_route=\/wp\/v2\/posts\/32614","targetHints":{"allow":["GET"]}}],"collection":[{"href":"https:\/\/contraluzcucuta.co\/index.php?rest_route=\/wp\/v2\/posts"}],"about":[{"href":"https:\/\/contraluzcucuta.co\/index.php?rest_route=\/wp\/v2\/types\/post"}],"author":[{"embeddable":true,"href":"https:\/\/contraluzcucuta.co\/index.php?rest_route=\/wp\/v2\/users\/1"}],"replies":[{"embeddable":true,"href":"https:\/\/contraluzcucuta.co\/index.php?rest_route=%2Fwp%2Fv2%2Fcomments&post=32614"}],"version-history":[{"count":1,"href":"https:\/\/contraluzcucuta.co\/index.php?rest_route=\/wp\/v2\/posts\/32614\/revisions"}],"predecessor-version":[{"id":32616,"href":"https:\/\/contraluzcucuta.co\/index.php?rest_route=\/wp\/v2\/posts\/32614\/revisions\/32616"}],"wp:featuredmedia":[{"embeddable":true,"href":"https:\/\/contraluzcucuta.co\/index.php?rest_route=\/wp\/v2\/media\/32615"}],"wp:attachment":[{"href":"https:\/\/contraluzcucuta.co\/index.php?rest_route=%2Fwp%2Fv2%2Fmedia&parent=32614"}],"wp:term":[{"taxonomy":"category","embeddable":true,"href":"https:\/\/contraluzcucuta.co\/index.php?rest_route=%2Fwp%2Fv2%2Fcategories&post=32614"},{"taxonomy":"post_tag","embeddable":true,"href":"https:\/\/contraluzcucuta.co\/index.php?rest_route=%2Fwp%2Fv2%2Ftags&post=32614"}],"curies":[{"name":"wp","href":"https:\/\/api.w.org\/{rel}","templated":true}]}}