{"id":32605,"date":"2018-06-07T20:59:12","date_gmt":"2018-06-08T01:59:12","guid":{"rendered":"http:\/\/contraluzcucuta.co\/?p=32605"},"modified":"2018-06-07T20:59:12","modified_gmt":"2018-06-08T01:59:12","slug":"notas-al-margen-lo-que-es-venir-la-vida-aprender-y-servir","status":"publish","type":"post","link":"https:\/\/contraluzcucuta.co\/?p=32605","title":{"rendered":"NOTAS AL MARGEN. Lo que es venir a la vida a aprender y a servir"},"content":{"rendered":"<p style=\"padding-left: 60px;\"><span style=\"color: #ff6600;\">1.- No hay nada m\u00e1s constructor y estimulante que vivir y dar aliento a dos&nbsp; prop\u00f3sitos y consignas \u2013 que se complementan y auxilian \u2013 como son el aprender y el servir. Porque quien aprende, pero no sirve, produce los mismos efectos que aquel que pretende servir, pero sin saber y&nbsp; de manera ignorante o sin raz\u00f3n o motivo.<\/span><\/p>\n<p>Por eso y, sin excepciones o temores, se requiere acudir a un prop\u00f3sito&nbsp; m\u00e1s calificado y que lleve a todos los sectores hacia un proceso y un nivel de mayor y serio compromiso para que haya una metodolog\u00eda m\u00e1s comprometida en el ser humano y sobre cualquier sector o grupo de quienes integran los n\u00facleos y las presencias de opini\u00f3n general o&nbsp;&nbsp; pol\u00edtica, en relaci\u00f3n con la paz y la presencia en la tierra o el planeta.<\/p>\n<p>Adem\u00e1s, porque&nbsp; solo habr\u00e1 paz, progreso, desarrollo y aut\u00e9ntica trasformaci\u00f3n, evoluci\u00f3n y entendimientos cuando la interrelaci\u00f3n&nbsp; humana haya captado el porqu\u00e9&nbsp; de la presencia y la de los dem\u00e1s seres vivos dentro de un concepto y noci\u00f3n universales, que demuestren la interrelaci\u00f3n de unos y otros, as\u00ed como la compaginaci\u00f3n de todo, con el Todo, que conforma&nbsp; la estructura, fundamento y realidad de lo que es y sustenta. Lo que llamamos la vida o la existencia.<\/p>\n<p>2.- S\u00ed, el reto m\u00e1s impactante, sensacional y&nbsp; extraordinario que Dios, en su benevolencia, le ha facilitado y otorgado al hombre para que se conozca, interrelacione y proyecte es el constante compartir con los&nbsp; agentes y los miembros que determinan y conforman la naturaleza.&nbsp; Y entendida esta como la suma de todo lo que hay&nbsp; y que \u2013 abiertamente \u2013 constata y representa el inmenso valor e importancia de obrar y emprender acciones con un empe\u00f1o general o colectivo, pero ansiando que el beneficio colectivo o el rendimiento individual o personal llegue&nbsp; y sea pleno y satisfactorio y no genere diferenciaciones, ni nociones de excepci\u00f3n o predominio para nadie, porque el uno y el todo no son opuestos, sino referencias e integrales proyecciones universales que nacen, crecen y&nbsp; cumplen sus destinos dentro de una concepci\u00f3n de equilibrio, igualdad y correspondencia, sin diferenciaciones de g\u00e9nero o calificaciones que obliguen a tratamientos o consideraciones especiales.<\/p>\n<p>3.- S\u00ed, eso fue lo que entend\u00ed cuando indagu\u00e9 sobre \u00bfpor qu\u00e9&nbsp; y para qu\u00e9&nbsp; llegamos a la vida? Y, luego de captar, intuir&nbsp; y comprender,&nbsp; el juicioso, sabio y directo mensaje al cerebro, coraz\u00f3n y alma o esp\u00edritu, con: vinimos a aprender y a servir.<\/p>\n<p><strong>JOS\u00c9 NEIRA REY<\/strong><\/p>\n<p><a href=\"mailto:jneirarey@hotmail.com\">jneirarey@hotmail.com<\/a> <\/p>\n","protected":false},"excerpt":{"rendered":"<p>1.- No hay nada m\u00e1s constructor y estimulante que vivir y dar aliento a dos&nbsp; prop\u00f3sitos y consignas \u2013 que se complementan y auxilian \u2013 como son el aprender y el servir. Porque quien aprende, pero no sirve, produce los mismos efectos que aquel que pretende servir, pero sin saber y&nbsp; de manera ignorante o &hellip;<\/p>\n","protected":false},"author":1,"featured_media":32606,"comment_status":"open","ping_status":"open","sticky":false,"template":"","format":"standard","meta":{"footnotes":""},"categories":[14,4],"tags":[382,956],"class_list":["post-32605","post","type-post","status-publish","format-standard","has-post-thumbnail","hentry","category-articulistas","category-barra","tag-jose-neira","tag-notas-al-margen"],"_links":{"self":[{"href":"https:\/\/contraluzcucuta.co\/index.php?rest_route=\/wp\/v2\/posts\/32605","targetHints":{"allow":["GET"]}}],"collection":[{"href":"https:\/\/contraluzcucuta.co\/index.php?rest_route=\/wp\/v2\/posts"}],"about":[{"href":"https:\/\/contraluzcucuta.co\/index.php?rest_route=\/wp\/v2\/types\/post"}],"author":[{"embeddable":true,"href":"https:\/\/contraluzcucuta.co\/index.php?rest_route=\/wp\/v2\/users\/1"}],"replies":[{"embeddable":true,"href":"https:\/\/contraluzcucuta.co\/index.php?rest_route=%2Fwp%2Fv2%2Fcomments&post=32605"}],"version-history":[{"count":1,"href":"https:\/\/contraluzcucuta.co\/index.php?rest_route=\/wp\/v2\/posts\/32605\/revisions"}],"predecessor-version":[{"id":32607,"href":"https:\/\/contraluzcucuta.co\/index.php?rest_route=\/wp\/v2\/posts\/32605\/revisions\/32607"}],"wp:featuredmedia":[{"embeddable":true,"href":"https:\/\/contraluzcucuta.co\/index.php?rest_route=\/wp\/v2\/media\/32606"}],"wp:attachment":[{"href":"https:\/\/contraluzcucuta.co\/index.php?rest_route=%2Fwp%2Fv2%2Fmedia&parent=32605"}],"wp:term":[{"taxonomy":"category","embeddable":true,"href":"https:\/\/contraluzcucuta.co\/index.php?rest_route=%2Fwp%2Fv2%2Fcategories&post=32605"},{"taxonomy":"post_tag","embeddable":true,"href":"https:\/\/contraluzcucuta.co\/index.php?rest_route=%2Fwp%2Fv2%2Ftags&post=32605"}],"curies":[{"name":"wp","href":"https:\/\/api.w.org\/{rel}","templated":true}]}}