{"id":32602,"date":"2018-06-07T20:35:33","date_gmt":"2018-06-08T01:35:33","guid":{"rendered":"http:\/\/contraluzcucuta.co\/?p=32602"},"modified":"2018-06-07T20:35:33","modified_gmt":"2018-06-08T01:35:33","slug":"futbol-de-segunda-roque-caballero-y-jader-obrian-dejan-las-toldas-motilonas","status":"publish","type":"post","link":"https:\/\/contraluzcucuta.co\/?p=32602","title":{"rendered":"F\u00daTBOL DE SEGUNDA. Roque Caballero y Jader Obrian dejan las toldas motilonas"},"content":{"rendered":"<p style=\"padding-left: 60px;\"><span style=\"color: #ff6600;\"><strong>C\u00daCUTA.-<\/strong> \u00c1guilas de Rionegro y Deportes Tolima solicitaron al C\u00facuta Deportivo la devoluci\u00f3n de los jugadores Roque Caballero y Jader Obrian, quienes vistieron la camiseta rojinegra en el primer semestre del 2018. Los futbolistas prestaron los servicios al cuadro motil\u00f3n en calidad de pr\u00e9stamo, con la condici\u00f3n de retornarlos a los clubes de origen en el momento de ser solicitados.<\/span><\/p>\n<p>Caballero comenzaba a afianzarse en la delantera cucute\u00f1a y tuvo participaci\u00f3n efectiva en los triunfos que pusieron al once fronterizo al tope de la tabla de clasificaci\u00f3n. El paraguayo marc\u00f3 siete goles en la segunda divisi\u00f3n y se consolidaba como goleador en el torneo.<\/p>\n<p>El C\u00facuta Deportivo explic\u00f3 las razones de la no continuidad &nbsp;y resalt\u00f3 el deseo de que contin\u00faen \u201cteniendo en cuenta la importancia que han tenido para los objetivos de este a\u00f1o\u201d. Los jugadores est\u00e1n a paz y salvo con la organizaci\u00f3n.<\/p>\n<p><strong>1.- Roque Caballero.<\/strong> El jugador paraguayo ha sido solicitado por el club Rionegro \u00c1guilas due\u00f1o de los derechos econ\u00f3micos. El club antioque\u00f1o hizo uso de la cl\u00e1usula segunda, p\u00e1rrafo 1, del convenio deportivo de cesi\u00f3n temporal de pr\u00e9stamo sin cargo y sin opci\u00f3n de compra.<\/p>\n<p>La norma deja en claro que si Rionegro, al finalizar la temporada &nbsp;requiere al jugador, el C\u00facuta deber\u00e1 devolverlo en las condiciones que fue recibido, sin penalidades o cobro por dicho concepto. El jugador deber\u00e1 presentase ante el club el 15 de junio.<\/p>\n<p><strong>2.- Jader Obrian.<\/strong> El club Deportes Tolima decidi\u00f3 requerir al jugador, teniendo en cuenta que es el due\u00f1o de los derechos econ\u00f3micos, en uso de los t\u00e9rminos expuestos en el convenio firmado entre las instituciones. La cl\u00e1usula decimotercera, referente a la Devoluci\u00f3n de jugador, se\u00f1ala que el club C\u00facuta Deportivo \u201cse compromete de manera perentoria, a devolver al jugador en perfectas condiciones de salud, con plena capacidad deportiva, libre de multas y sanciones que lo inhabiliten para participar en torneos nacionales e internacionales\u201d.<\/p>\n<p>El jugador deber\u00e1 presentarse en Ibagu\u00e9, a m\u00e1s tardar, el 15 de junio. <\/p>\n","protected":false},"excerpt":{"rendered":"<p>C\u00daCUTA.- \u00c1guilas de Rionegro y Deportes Tolima solicitaron al C\u00facuta Deportivo la devoluci\u00f3n de los jugadores Roque Caballero y Jader Obrian, quienes vistieron la camiseta rojinegra en el primer semestre del 2018. Los futbolistas prestaron los servicios al cuadro motil\u00f3n en calidad de pr\u00e9stamo, con la condici\u00f3n de retornarlos a los clubes de origen en &hellip;<\/p>\n","protected":false},"author":1,"featured_media":32603,"comment_status":"open","ping_status":"open","sticky":false,"template":"","format":"standard","meta":{"footnotes":""},"categories":[4,28],"tags":[3996,1396,4192],"class_list":["post-32602","post","type-post","status-publish","format-standard","has-post-thumbnail","hentry","category-barra","category-vistazo-deportivo","tag-cucuta-deportivo-2018","tag-dimayor","tag-roque-caballero"],"_links":{"self":[{"href":"https:\/\/contraluzcucuta.co\/index.php?rest_route=\/wp\/v2\/posts\/32602","targetHints":{"allow":["GET"]}}],"collection":[{"href":"https:\/\/contraluzcucuta.co\/index.php?rest_route=\/wp\/v2\/posts"}],"about":[{"href":"https:\/\/contraluzcucuta.co\/index.php?rest_route=\/wp\/v2\/types\/post"}],"author":[{"embeddable":true,"href":"https:\/\/contraluzcucuta.co\/index.php?rest_route=\/wp\/v2\/users\/1"}],"replies":[{"embeddable":true,"href":"https:\/\/contraluzcucuta.co\/index.php?rest_route=%2Fwp%2Fv2%2Fcomments&post=32602"}],"version-history":[{"count":1,"href":"https:\/\/contraluzcucuta.co\/index.php?rest_route=\/wp\/v2\/posts\/32602\/revisions"}],"predecessor-version":[{"id":32604,"href":"https:\/\/contraluzcucuta.co\/index.php?rest_route=\/wp\/v2\/posts\/32602\/revisions\/32604"}],"wp:featuredmedia":[{"embeddable":true,"href":"https:\/\/contraluzcucuta.co\/index.php?rest_route=\/wp\/v2\/media\/32603"}],"wp:attachment":[{"href":"https:\/\/contraluzcucuta.co\/index.php?rest_route=%2Fwp%2Fv2%2Fmedia&parent=32602"}],"wp:term":[{"taxonomy":"category","embeddable":true,"href":"https:\/\/contraluzcucuta.co\/index.php?rest_route=%2Fwp%2Fv2%2Fcategories&post=32602"},{"taxonomy":"post_tag","embeddable":true,"href":"https:\/\/contraluzcucuta.co\/index.php?rest_route=%2Fwp%2Fv2%2Ftags&post=32602"}],"curies":[{"name":"wp","href":"https:\/\/api.w.org\/{rel}","templated":true}]}}