{"id":32570,"date":"2018-05-31T21:54:15","date_gmt":"2018-06-01T02:54:15","guid":{"rendered":"http:\/\/contraluzcucuta.co\/?p=32570"},"modified":"2018-05-31T21:54:15","modified_gmt":"2018-06-01T02:54:15","slug":"notas-al-margen-cucuta-y-las-fronteras-piden-y-ofrecen-atencion-y-union-integracionista","status":"publish","type":"post","link":"https:\/\/contraluzcucuta.co\/?p=32570","title":{"rendered":"NOTAS AL MARGEN. C\u00facuta y las fronteras piden y ofrecen atenci\u00f3n y uni\u00f3n integracionista\u00a0"},"content":{"rendered":"<p style=\"padding-left: 60px;\"><span style=\"color: #ff6600;\">1.- El an\u00e1lisis de la situaci\u00f3n nacional y la importancia de las tem\u00e1ticas con mayor prioridad han constituido en los \u00faltimos d\u00edas y por&nbsp; la trascendencia del proceso electoral que debe definir el nombre del nuevo vocero, representante&nbsp; y Presidente de Colombia, un necesario y legitimo&nbsp; evaluar sobre lo que m\u00e1s necesitamos los colombianos, no solo en el orden de los requerimientos generales&nbsp; nacionales, sino sobre&nbsp; las necesidades y urgencias de regiones y&nbsp; ciudades, que dan presencia y vigencia al mapa geogr\u00e1fico, poblacional y pol\u00edtico que sintetiza nuestra presencia, ante el concierto internacional.<\/span><\/p>\n<p>Y dentro de las m\u00faltiples conclusiones y pareceres que se han expuesto y que hoy se debaten de manera personal o de grupos, entre los diversos sectores que dan vigencia a la opini\u00f3n y en particular a los partidos y n\u00facleos pol\u00edticos que se disputan el manejo del poder&nbsp; y&nbsp; la orientaci\u00f3n y direcci\u00f3n estatal, los conceptos alusivos a la derecha o izquierda de los pasos que se deben adelantar o que constituyen los mayores votos y soportes de la opini\u00f3n ciudadana existente, son los prioritarios o los de mayor valoraci\u00f3n, en el enfoque y calificaci\u00f3n de los medios period\u00edsticos e informativos a escala mundial.<\/p>\n<p>Por esas caracter\u00edsticas y porque las colindancias, proximidades o contactos de diversa \u00edndole dominan el panorama informativo por las expectativas y controversias que produjo la jornada&nbsp; que dio apertura a la segunda votaci\u00f3n, en procura de la definici\u00f3n del cargo presidencial entre los dos candidatos con mayor opci\u00f3n, Iv\u00e1n y Duque y Gustavo Petro, calificados mayoritariamente como voceros de la derecha y la izquierda, respectivamente y ante la obligada separaci\u00f3n de los dem\u00e1s candidatos y aspirantes.<\/p>\n<p>2.- Adem\u00e1s, el debate que suscit\u00f3 una gran participaci\u00f3n y en diferentes localidades e interrogadores, tambi\u00e9n&nbsp; dio origen a que las zonas fronterizas que sintetizan el&nbsp; 53 % de las fajas territoriales de Colombia, exteriorizaran su queja, con la nula o muy menguada&nbsp; referencia que&nbsp; &nbsp;candidatos, partidos pol\u00edticos&nbsp; y medios period\u00edsticos de radio, prensa y televisi\u00f3n otorgaron a las \u00e1reas perimetrales y colindantes con Venezuela y Ecuador, especialmente, donde hay situaciones y hechos de gran connotaci\u00f3n que ameritan una consideraci\u00f3n y trato de gran significaci\u00f3n, por lo que representan en el proceso bolivariano e integracionista y en lo socioecon\u00f3mico&nbsp; y la mancomunidad pol\u00edtica, dentro de los cambios y trasformaciones que vienen suscit\u00e1ndose en lo&nbsp; administrativo y operativo, que ha generado cierre de fronteras y momentos de convocatorias especiales.<\/p>\n<p>Y, dentro de esas circunstancias ,C\u00facuta ha jugado una particular referencia, por las variables que conjugan y proyectan los diferentes proyectos e iniciativas que han surgido al examinar y dar cabida a planes y programas referidos a la generaci\u00f3n de empleos y al aprovechamiento de ventajas comparativas en lo geoestrat\u00e9gico, por su ubicaci\u00f3n y en la mejor canalizaci\u00f3n de recursos y esfuerzos para el desarrollo industrial y la ampliaci\u00f3n de mercados tanto en lo nacional, como en lo externo.<\/p>\n<p>Y, como ha existido, un distanciamiento o demora de auxilios y ayudas por parte de los poderes centrales, as\u00ed como un estancamiento en lo estrictamente regional o local, por carencia de : incentivos, est\u00edmulos y mecanismos, como es f\u00e1cilmente comprobable ,por los indicadores sociales y econ\u00f3micos, m\u00e1s la semipar\u00e1lisis generada por el desempleo y la carencia de una presencia y participaci\u00f3n nacional y de doble presencia, por los beneficios bilaterales, que pueden generarse.<\/p>\n<p>3.-Estas apreciaciones y la necesidad de canalizar empe\u00f1os, mediante el vencimiento y superaci\u00f3n de celos nacionalistas, por la ausencia de un trato&nbsp; verdaderamente ejemplarizante y constructivo, que incremente el beneficio de la labor compartida y la moderna y tecnol\u00f3gica actualizaci\u00f3n, con la innovaci\u00f3n y la ordenada capacitaci\u00f3n, que produzca el obvio tr\u00e1nsito hacia el desarrollo y un mejor futuro.<\/p>\n<p>Y, lo sobresaliente, en lo m\u00e1s reciente y pr\u00e1ctico, es dar pasos y acciones que rompan esa apat\u00eda, indiferencia y desinter\u00e9s que los centros nacionales -tanto p\u00fablicos como privados -tienen que constatar lo que es imperativo y urgente, un giro&nbsp; hacia el progreso y la modernidad, como lo es hasta el hist\u00f3rico origen de estas naciones, que dieron presencia a la constituci\u00f3n de La Gran Colombia y que hasta ahora est\u00e1n entendiendo el sint\u00e9tico, cierto y futurista juicio del libertador Sim\u00f3n Bol\u00edvar, cuando refiri\u00e9ndose a las actitudes divisorias, que imped\u00edan un mayor avance, expres\u00f3: &#8220;El no habernos compuesto con Santander, nos ha perjudicado a todos&#8221;.<\/p>\n<p>Quiera Dios y la mentalidad que empieza a despertar y producir pensamientos y sentimientos renovadores -contrarios a las oposiciones dictatoriales y acomodaticias que no pulsan el valor de la democracia presencial y participativa, que se proyecta con el mejoramiento general y&nbsp; una capacitaci\u00f3n integral general, con visi\u00f3n futurista.<\/p>\n<p>Ciertamente, cuando se advierte y se\u00f1ala que el Complejo Hist\u00f3rico del Rosario, representa a la &#8221; Capital de la Integraci\u00f3n en Am\u00e9rica &#8221;&nbsp; y que la &#8221; Casa de Santander &#8221; debe congregar &#8211; y, en breve -a quienes dirijan y orienten los destinos de Colombia y Venezuela y de todo el Continente, se est\u00e1 dando configuraci\u00f3n y existencia, a una esperanza&nbsp; progresista , ansiosa de un amplio desarrollo&nbsp; y para beneficio general.&nbsp; S\u00ed, como el que se anhela desde C\u00facuta y permanente se insin\u00faa y expone, para acentuar el proceso de cambio y transformaci\u00f3n, que vjve y&nbsp; diariamente experimenta, esta parte de Am\u00e9rica y del Mundo.&nbsp;&nbsp;&nbsp;&nbsp;&nbsp;&nbsp;&nbsp;<\/p>\n<p><strong>JOSE NEIRA REY&nbsp; <\/strong> <\/p>\n","protected":false},"excerpt":{"rendered":"<p>1.- El an\u00e1lisis de la situaci\u00f3n nacional y la importancia de las tem\u00e1ticas con mayor prioridad han constituido en los \u00faltimos d\u00edas y por&nbsp; la trascendencia del proceso electoral que debe definir el nombre del nuevo vocero, representante&nbsp; y Presidente de Colombia, un necesario y legitimo&nbsp; evaluar sobre lo que m\u00e1s necesitamos los colombianos, no &hellip;<\/p>\n","protected":false},"author":1,"featured_media":32571,"comment_status":"open","ping_status":"open","sticky":false,"template":"","format":"standard","meta":{"footnotes":""},"categories":[14,4],"tags":[3989,382,956],"class_list":["post-32570","post","type-post","status-publish","format-standard","has-post-thumbnail","hentry","category-articulistas","category-barra","tag-elecciones-2018","tag-jose-neira","tag-notas-al-margen"],"_links":{"self":[{"href":"https:\/\/contraluzcucuta.co\/index.php?rest_route=\/wp\/v2\/posts\/32570","targetHints":{"allow":["GET"]}}],"collection":[{"href":"https:\/\/contraluzcucuta.co\/index.php?rest_route=\/wp\/v2\/posts"}],"about":[{"href":"https:\/\/contraluzcucuta.co\/index.php?rest_route=\/wp\/v2\/types\/post"}],"author":[{"embeddable":true,"href":"https:\/\/contraluzcucuta.co\/index.php?rest_route=\/wp\/v2\/users\/1"}],"replies":[{"embeddable":true,"href":"https:\/\/contraluzcucuta.co\/index.php?rest_route=%2Fwp%2Fv2%2Fcomments&post=32570"}],"version-history":[{"count":1,"href":"https:\/\/contraluzcucuta.co\/index.php?rest_route=\/wp\/v2\/posts\/32570\/revisions"}],"predecessor-version":[{"id":32572,"href":"https:\/\/contraluzcucuta.co\/index.php?rest_route=\/wp\/v2\/posts\/32570\/revisions\/32572"}],"wp:featuredmedia":[{"embeddable":true,"href":"https:\/\/contraluzcucuta.co\/index.php?rest_route=\/wp\/v2\/media\/32571"}],"wp:attachment":[{"href":"https:\/\/contraluzcucuta.co\/index.php?rest_route=%2Fwp%2Fv2%2Fmedia&parent=32570"}],"wp:term":[{"taxonomy":"category","embeddable":true,"href":"https:\/\/contraluzcucuta.co\/index.php?rest_route=%2Fwp%2Fv2%2Fcategories&post=32570"},{"taxonomy":"post_tag","embeddable":true,"href":"https:\/\/contraluzcucuta.co\/index.php?rest_route=%2Fwp%2Fv2%2Ftags&post=32570"}],"curies":[{"name":"wp","href":"https:\/\/api.w.org\/{rel}","templated":true}]}}