{"id":32563,"date":"2018-05-31T21:00:42","date_gmt":"2018-06-01T02:00:42","guid":{"rendered":"http:\/\/contraluzcucuta.co\/?p=32563"},"modified":"2018-05-31T21:01:37","modified_gmt":"2018-06-01T02:01:37","slug":"acuerdo-de-voluntadas-centro-de-eventos-y-convenciones-de-cucuta-dejara-de-ser-un-sueno","status":"publish","type":"post","link":"https:\/\/contraluzcucuta.co\/?p=32563","title":{"rendered":"ACUERDO DE VOLUNTADES. Centro de Eventos y Convenciones de C\u00facuta dejar\u00e1 de ser un sue\u00f1o"},"content":{"rendered":"<p style=\"padding-left: 60px;\"><span style=\"color: #ff6600;\"><strong>C\u00daCUTA.-<\/strong> El Centro de Eventos y Convenciones de C\u00facuta comienza despertar del letargo en el que se mantenido por diversas razones. La iniciativa nace desde el sector privado y busca la articulaci\u00f3n de esfuerzos para hacerla realidad. El proyecto permitir\u00e1 dinamizar la econom\u00eda mediante la organizaci\u00f3n de encuentros nacionales e internacionales que traigan cada a\u00f1o miles de viajeros a Norte de Santander.<\/span><\/p>\n<p>La primera reuni\u00f3n y que marc\u00f3 el comienzo de la obra, se llev\u00f3 a cabo en la C\u00e1mara de Comercio de C\u00facuta. Se conoci\u00f3 el caso de \u00e9xito \u2018El Primer Ladrillo\u2019, adelantado durante cinco a\u00f1os en Pereira y permiti\u00f3 la construcci\u00f3n del Centro de Convenciones de la capital risaraldense.<\/p>\n<p>La presentaci\u00f3n estuvo a cargo de Mauricio Vega, presidente ejecutivo de la C\u00e1mara de Comercio de Pereira. Mostr\u00f3 las similitudes de las dos regiones y la importancia que tiene el trabajo en equipo para materializar esta clase de proyectos.<\/p>\n<p>\u201cQueremos despertar el sentido de pertenencia de los cucute\u00f1os por nuestra regi\u00f3n y tener claro que somos capaces de hacer grandes cosas\u201d, expres\u00f3 Carlos Luna, presidente ejecutivo de la C\u00e1mara de Comercio de C\u00facuta.<\/p>\n<p>Al proyecto deben involucrarse comerciantes, empresarios, estudiantes y habitantes de la ciudad. \u201cLa motivaci\u00f3n debe ser absoluta, porque es el momento de hacer esta gran obra para la ciudad\u201d, dijo Luna.<\/p>\n<p>Los 50 asistentes en representaci\u00f3n de empresas, universidades, gremios, hoteles, agencias de viaje y medios de comunicaci\u00f3n firmaron el acuerdo de voluntades simb\u00f3lico que los compromete a vincularse a este equipo que har\u00e1 realidad el Centro de Eventos y Convenciones de C\u00facuta.<\/p>\n<p><strong>EXPOEMPR\u00c9NDELO<\/strong><\/p>\n<p>Expoempr\u00e9ndeloes el evento ferial en el que los emprendedores de la regi\u00f3n y que hacen parte del programa Empr\u00e9ndelo exhibir\u00e1n productos y creaciones. La jornada se cumplir\u00e1 del 7 al 9 de junio, y busca visibilizar y posicionar emprendimientos de la regi\u00f3n.<\/p>\n<p>La comercial cuenta con una agenda acad\u00e9mica con temas como marca personal y m\u00e1rquetin. Adem\u00e1s, habr\u00e1 un espacio para conocer casos de \u00e9xito de empresarios que han participado en Empr\u00e9ndelo y una micro pasarela para los emprendedores que tienen productos de moda.<\/p>\n<p>Empr\u00e9ndelo busca apoyar a aquellos emprendedores con poca experiencia en la actividad mediante el fortalecimiento de competencias para permitirles consolidar la idea de negocio en una unidad empresarial sostenible y orientada al crecimiento de la econom\u00eda y la b\u00fasqueda de nuevos mercados por medio de la innovaci\u00f3n y ejecuci\u00f3n de las ideas. <\/p>\n","protected":false},"excerpt":{"rendered":"<p>C\u00daCUTA.- El Centro de Eventos y Convenciones de C\u00facuta comienza despertar del letargo en el que se mantenido por diversas razones. La iniciativa nace desde el sector privado y busca la articulaci\u00f3n de esfuerzos para hacerla realidad. El proyecto permitir\u00e1 dinamizar la econom\u00eda mediante la organizaci\u00f3n de encuentros nacionales e internacionales que traigan cada a\u00f1o &hellip;<\/p>\n","protected":false},"author":1,"featured_media":32564,"comment_status":"open","ping_status":"open","sticky":false,"template":"","format":"standard","meta":{"footnotes":""},"categories":[4,6],"tags":[375,467,4182,4183],"class_list":["post-32563","post","type-post","status-publish","format-standard","has-post-thumbnail","hentry","category-barra","category-ojo-avizor","tag-camara-de-comercio-de-cucuta","tag-centro-de-convenciones-de-cucuta","tag-centro-de-eventos","tag-expoemprendelo"],"_links":{"self":[{"href":"https:\/\/contraluzcucuta.co\/index.php?rest_route=\/wp\/v2\/posts\/32563","targetHints":{"allow":["GET"]}}],"collection":[{"href":"https:\/\/contraluzcucuta.co\/index.php?rest_route=\/wp\/v2\/posts"}],"about":[{"href":"https:\/\/contraluzcucuta.co\/index.php?rest_route=\/wp\/v2\/types\/post"}],"author":[{"embeddable":true,"href":"https:\/\/contraluzcucuta.co\/index.php?rest_route=\/wp\/v2\/users\/1"}],"replies":[{"embeddable":true,"href":"https:\/\/contraluzcucuta.co\/index.php?rest_route=%2Fwp%2Fv2%2Fcomments&post=32563"}],"version-history":[{"count":2,"href":"https:\/\/contraluzcucuta.co\/index.php?rest_route=\/wp\/v2\/posts\/32563\/revisions"}],"predecessor-version":[{"id":32566,"href":"https:\/\/contraluzcucuta.co\/index.php?rest_route=\/wp\/v2\/posts\/32563\/revisions\/32566"}],"wp:featuredmedia":[{"embeddable":true,"href":"https:\/\/contraluzcucuta.co\/index.php?rest_route=\/wp\/v2\/media\/32564"}],"wp:attachment":[{"href":"https:\/\/contraluzcucuta.co\/index.php?rest_route=%2Fwp%2Fv2%2Fmedia&parent=32563"}],"wp:term":[{"taxonomy":"category","embeddable":true,"href":"https:\/\/contraluzcucuta.co\/index.php?rest_route=%2Fwp%2Fv2%2Fcategories&post=32563"},{"taxonomy":"post_tag","embeddable":true,"href":"https:\/\/contraluzcucuta.co\/index.php?rest_route=%2Fwp%2Fv2%2Ftags&post=32563"}],"curies":[{"name":"wp","href":"https:\/\/api.w.org\/{rel}","templated":true}]}}