{"id":32560,"date":"2018-05-31T14:59:32","date_gmt":"2018-05-31T19:59:32","guid":{"rendered":"http:\/\/contraluzcucuta.co\/?p=32560"},"modified":"2018-05-31T14:59:32","modified_gmt":"2018-05-31T19:59:32","slug":"infraestructura-entregado-corredor-vial-sardinata-lourdes-gramalote","status":"publish","type":"post","link":"https:\/\/contraluzcucuta.co\/?p=32560","title":{"rendered":"INFRAESTRUCTURA. Entregado corredor vial Sardinata \u2013 Lourdes \u2013 Gramalote"},"content":{"rendered":"<p style=\"padding-left: 60px;\"><span style=\"color: #ff6600;\"><strong>C\u00daCUTA.-<\/strong> Las obras de mantenimiento del corredor Sardinata \u2013 Lourdes \u2013 Gramalote tuvieron una inversi\u00f3n de $ 140 millones de recursos propios del departamento. Se intervinieron 10,2 kil\u00f3metros, limpieza de cunetas en 5,1 kil\u00f3metros, rocer\u00eda y construcci\u00f3n del muro de contenci\u00f3n de 12 metros.<\/span><\/p>\n<p>El secretario de Infraestructura, Rafael Segundo Ram\u00edrez, &nbsp;explic\u00f3 que el proyecto permitir\u00e1 brindar \u00f3ptimas condiciones de circulaci\u00f3n para habitantes y visitantes. Contribuye a disminuir los \u00edndices de accidentalidad por causa del mal estado de la v\u00eda.<\/p>\n<p>\u201cEs una obra importante para nuestro municipio, porque era preocupante ver c\u00f3mo se hab\u00eda ido la banca\u201d, dijo Concepci\u00f3n G\u00f3mez, concejala de Lourdes. Esta la \u00fanica v\u00eda con la que se comunican los lourdenses con otros municipios.<\/p>\n<p>La administraci\u00f3n departamental gestiona recursos econ\u00f3micos para mejorar otros trayectos del corredor vial y del departamento, que requieren pronta intervenci\u00f3n. <\/p>\n","protected":false},"excerpt":{"rendered":"<p>C\u00daCUTA.- Las obras de mantenimiento del corredor Sardinata \u2013 Lourdes \u2013 Gramalote tuvieron una inversi\u00f3n de $ 140 millones de recursos propios del departamento. Se intervinieron 10,2 kil\u00f3metros, limpieza de cunetas en 5,1 kil\u00f3metros, rocer\u00eda y construcci\u00f3n del muro de contenci\u00f3n de 12 metros. El secretario de Infraestructura, Rafael Segundo Ram\u00edrez, &nbsp;explic\u00f3 que el proyecto &hellip;<\/p>\n","protected":false},"author":1,"featured_media":32561,"comment_status":"open","ping_status":"open","sticky":false,"template":"","format":"standard","meta":{"footnotes":""},"categories":[2630],"tags":[2895],"class_list":["post-32560","post","type-post","status-publish","format-standard","has-post-thumbnail","hentry","category-gobernacion","tag-secretaria-de-infraestructura"],"_links":{"self":[{"href":"https:\/\/contraluzcucuta.co\/index.php?rest_route=\/wp\/v2\/posts\/32560","targetHints":{"allow":["GET"]}}],"collection":[{"href":"https:\/\/contraluzcucuta.co\/index.php?rest_route=\/wp\/v2\/posts"}],"about":[{"href":"https:\/\/contraluzcucuta.co\/index.php?rest_route=\/wp\/v2\/types\/post"}],"author":[{"embeddable":true,"href":"https:\/\/contraluzcucuta.co\/index.php?rest_route=\/wp\/v2\/users\/1"}],"replies":[{"embeddable":true,"href":"https:\/\/contraluzcucuta.co\/index.php?rest_route=%2Fwp%2Fv2%2Fcomments&post=32560"}],"version-history":[{"count":1,"href":"https:\/\/contraluzcucuta.co\/index.php?rest_route=\/wp\/v2\/posts\/32560\/revisions"}],"predecessor-version":[{"id":32562,"href":"https:\/\/contraluzcucuta.co\/index.php?rest_route=\/wp\/v2\/posts\/32560\/revisions\/32562"}],"wp:featuredmedia":[{"embeddable":true,"href":"https:\/\/contraluzcucuta.co\/index.php?rest_route=\/wp\/v2\/media\/32561"}],"wp:attachment":[{"href":"https:\/\/contraluzcucuta.co\/index.php?rest_route=%2Fwp%2Fv2%2Fmedia&parent=32560"}],"wp:term":[{"taxonomy":"category","embeddable":true,"href":"https:\/\/contraluzcucuta.co\/index.php?rest_route=%2Fwp%2Fv2%2Fcategories&post=32560"},{"taxonomy":"post_tag","embeddable":true,"href":"https:\/\/contraluzcucuta.co\/index.php?rest_route=%2Fwp%2Fv2%2Ftags&post=32560"}],"curies":[{"name":"wp","href":"https:\/\/api.w.org\/{rel}","templated":true}]}}