{"id":32549,"date":"2018-05-27T19:57:43","date_gmt":"2018-05-28T00:57:43","guid":{"rendered":"http:\/\/contraluzcucuta.co\/?p=32549"},"modified":"2018-05-27T19:57:43","modified_gmt":"2018-05-28T00:57:43","slug":"ivan-duque-la-esperanza-de-la-derecha-colombiana","status":"publish","type":"post","link":"https:\/\/contraluzcucuta.co\/?p=32549","title":{"rendered":"IV\u00c1N DUQUE. La esperanza de la derecha colombiana"},"content":{"rendered":"<p style=\"padding-left: 60px;\"><span style=\"color: #ff6600;\"><strong>BOGOT\u00c1 \u2014<\/strong> El 7 de mayo en Monter\u00eda, una peque\u00f1a ciudad ganadera del Caribe colombiano, el candidato presidencial Iv\u00e1n Duque cantaba y bailaba junto a Silvestre Dangond, un popular cantante de vallenatos que atrae a multitudes en este pa\u00eds. Con un sombrero \u201cvueltiao\u201d, una prenda tradicional en esta zona, Duque mov\u00eda la cabeza y coreaba mientras recorr\u00eda la tarima tratando de seguir el ritmo de la canci\u00f3n que habla del desamor de una chica: \u201cMaterialista, interesada\/ lo tuyo es rumba, dinero y fama\u201d. Pero sus pasos luc\u00edan torpes comparados con la destreza del cantante que lo animaba.<\/span><\/p>\n<p>En su juventud, Duque lider\u00f3 una banda de rock, y m\u00e1s tarde se aficion\u00f3 a la trova cubana. Pero aquella noche sobre el escenario, aunque se sab\u00eda las canciones, Duque luc\u00eda inc\u00f3modo bajo las luces y era evidente que sus aptitudes se hab\u00edan alejado de las artes hac\u00eda mucho tiempo, para enfocarse en los rudimentos de la danza pol\u00edtica.<\/p>\n<p>M\u00e1s temprano, al llegar a la tarima, Duque fue recibido con aplausos por sus seguidores. Pero una algarab\u00eda mayor se escuch\u00f3 cuando pidi\u00f3 al p\u00fablico \u201cun saludo para el presidente \u00c1lvaro Uribe\u201d. El candidato esper\u00f3 a que el ruido bajara y, refiri\u00e9ndose a Gustavo Petro, su principal adversario en esta campa\u00f1a, declar\u00f3 que si \u00e9l gana las elecciones, su gobierno estar\u00eda muy alejado del \u201cfallido sistema de Venezuela\u201d.<\/p>\n<p>Estas dos frases podr\u00edan resumir la campa\u00f1a de Iv\u00e1n Duque. \u00c9l y su partido, el Centro Democr\u00e1tico, han construido buena parte del discurso electoral sobre la influencia del expresidente Uribe y el miedo que despierta el chavismo entre muchos electores. Con 41 a\u00f1os y un ascenso veloz en la pol\u00edtica, Duque es la nueva esperanza para un sector de la derecha colombiana, desplazada del poder durante los \u00faltimos ocho a\u00f1os.<\/p>\n<p><strong>Hijo de gato<\/strong><\/p>\n<p>En Colombia la pol\u00edtica es un legado de sangre. El abuelo materno de Iv\u00e1n Duque fue viceministro de Minas a principios de los setenta, poco antes de que naciera el candidato. Su padre, Iv\u00e1n Duque Escobar, fue gobernador, ministro y registrador nacional. \u201cM\u00e1s que un pol\u00edtico, mi pap\u00e1 fue un servidor p\u00fablico; un tecn\u00f3crata\u201d, me dijo el candidato en un hotel de Monter\u00eda, al d\u00eda siguiente del concierto. \u201cLe gustaba mucho la pol\u00edtica y me inculc\u00f3 ese amor desde ni\u00f1o. \u00c9l fue mi primer mentor\u201d.<\/p>\n<p>La biblioteca de ese mentor es famosa: guardaba 17.000 vol\u00famenes, y en ella empez\u00f3 la formaci\u00f3n de Duque. Desde entonces ha sido un lector asiduo en temas de gobierno y un admirador de la pol\u00edtica estadounidense. Desde ni\u00f1o demostr\u00f3 admiraci\u00f3n por los grandes hombres p\u00fablicos. A los 7 a\u00f1os, de memoria, recitaba los discursos de Jorge Eli\u00e9cer Gait\u00e1n, el gran orador liberal asesinado en 1948.<\/p>\n<p>Duque est\u00e1 casado con la abogada Mar\u00eda Juliana Ruiz y tiene tres hijos: Luciana, Mat\u00edas y Elo\u00edsa. Aunque \u00e9l tambi\u00e9n se gradu\u00f3 en Derecho, se ha dedicado m\u00e1s a la econom\u00eda y los negocios internacionales. Durante trece a\u00f1os, en Estados Unidos, el candidato trabaj\u00f3 en el Banco Interamericano de Desarrollo y en Naciones Unidas, y complet\u00f3 dos maestr\u00edas: una en Derecho Internacional Econ\u00f3mico y otra en Gerencia de Pol\u00edticas P\u00fablicas.<\/p>\n<p>Simpatizantes de Iv\u00e1n Duque que asistieron al Parque El Tunal, el 20 de mayo de 2018 Credit Fernando Vergara\/Associated Press<\/p>\n<p>\u201cIv\u00e1n no es un pol\u00edtico, pero tampoco es un bur\u00f3crata\u201d, me dijo a mediados de mayo Luis Guillermo Echeverri, exdirector ejecutivo del BID para Colombia. Echeverri fue el jefe de Duque durante ocho a\u00f1os en ese organismo. \u201cAll\u00e1, juntos, negociamos cr\u00e9ditos para el pa\u00eds. Iv\u00e1n es un ejecutor con una enorme capacidad anal\u00edtica. El paso por el banco fue una gran experiencia para \u00e9l\u201d.<\/p>\n<p>Un d\u00eda, cont\u00f3 Echeverri, Duque le confes\u00f3 que quer\u00eda ser presidente: \u201cYo le dije que ten\u00eda que prepararse para no ser otro pol\u00edtico mediocre como tantos que hemos tenido. Le dije que en el banco ten\u00eda una gran oportunidad, y creo que \u00e9l se tom\u00f3 eso muy en serio\u201d.<\/p>\n<p>Duque, como su padre, se ve como un tecn\u00f3crata. Y tambi\u00e9n como corredor en una prueba de relevo. \u201cCreo que el presidente Uribe tiene ahora el deseo de pasar la posta y promover un nuevo liderazgo. Yo tengo el enorme compromiso de encarnar esa transici\u00f3n generacional; no solo en mi partido, sino tambi\u00e9n en la pol\u00edtica colombiana\u201d, dijo aquella ma\u00f1ana en el hotel.<\/p>\n<p>De forma constante, desde que se convirti\u00f3 en candidato, los adversarios de Duque lo han descrito como un simple t\u00edtere de \u00c1lvaro Uribe. El estilo personalista del expresidente ha colaborado con la construcci\u00f3n de esa idea.<\/p>\n<p>Uribe fue un presidente muy popular entre 2002 y 2006, que luego promovi\u00f3 una reforma constitucional para acceder a un segundo mandato. En 2010 busc\u00f3 reelegirse para un tercero, pero la Corte Constitucional lo detuvo. Entonces Uribe apoy\u00f3 a Juan Manuel Santos, su ministro de Defensa, que gan\u00f3 la presidencia gracias a ese respaldo.<\/p>\n<p>Pero Santos traicion\u00f3 pronto a su padrino, sobre todo cuando abandon\u00f3 la estrategia b\u00e9lica y se sent\u00f3 a negociar la paz con la antigua guerrilla de las Farc. Uribe intent\u00f3 derrotarlo en 2014 cuando apoy\u00f3 a \u00d3scar Iv\u00e1n Zuluaga, otro de sus ministros, pero no lo consigui\u00f3. Ahora Iv\u00e1n Duque ofrece la oportunidad de recuperar el poder perdido.<\/p>\n<p>Iron\u00edas de la pol\u00edtica endog\u00e1mica: Santos fue el descubridor de Duque. En 1998, el ahora candidato de la derecha pr\u00e1cticamente empez\u00f3 su carrera en la Fundaci\u00f3n Buen Gobierno, un centro de pensamiento fundado por el actual presidente. De ah\u00ed, en el a\u00f1o 2000, Santos se lo llev\u00f3 como asistente al Ministerio de Hacienda, cargo que ocup\u00f3 durante el gobierno de Andr\u00e9s Pastrana. El presidente, considerado como un traidor del uribismo, ayud\u00f3 a formar al actual candidato estrella de ese movimiento, y su posible sucesor en la presidencia de la rep\u00fablica.<\/p>\n<p>Una pregunta clave es cu\u00e1n aut\u00f3nomo ser\u00e1 Duque si gana con los votos del uribismo. Duque ha dicho que Uribe ser\u00e1 solo un asesor: \u201cYo ser\u00e9 el presidente y \u00e9l liderar\u00e1 desde el Senado\u201d. Seg\u00fan el candidato, esa alianza beneficiar\u00e1 mucho al pa\u00eds.<\/p>\n<p>En las elecciones de marzo pasado, el Centro Democr\u00e1tico logr\u00f3 elegir 19 senadores y 32 representantes a la C\u00e1mara, lo que convierte al partido en la primera fuerza pol\u00edtica del Congreso. El senador m\u00e1s votado fue Uribe, y es muy probable que presida el Senado cuando se inicie el periodo el pr\u00f3ximo 20 de julio. La alianza entre Duque y Uribe hace que muchos teman por la futura independencia de poderes.<\/p>\n<p><strong>La gran oportunidad<\/strong><\/p>\n<p>Iv\u00e1n Duque no buscaba el poder; al menos no tan pronto. Pero en octubre de 2013, en Washington, despu\u00e9s de su larga temporada en el BID, el joven funcionario empez\u00f3 a relacionarse con el expresidente Uribe.<\/p>\n<p>\u201cYo hab\u00eda sido su profesor asistente en Georgetown, y montando las clases habl\u00e1bamos de pol\u00edtica, de los pa\u00edses que estaban en el centro. Un d\u00eda me pregunt\u00f3 si me interesar\u00eda regresar a Colombia y empezar a construir un proyecto pol\u00edtico\u201d, dijo Duque aquella ma\u00f1ana en el hotel de Monter\u00eda, justo antes de salir a una cita con ganaderos y comerciantes de la ciudad.<\/p>\n<p>Duque acept\u00f3 la invitaci\u00f3n y volvi\u00f3 a Bogot\u00e1 para sumarse al Centro Democr\u00e1tico, el nuevo partido uribista. En 2014 fue candidato de ese movimiento al Senado y logr\u00f3 su primer y hasta ahora \u00fanico cargo de elecci\u00f3n popular. Entre todos los candidatos a la presidencia, Duque es el m\u00e1s joven e inexperto, y ese ha sido el blanco donde han hecho diana sus adversarios.<\/p>\n<p>Al mismo tiempo, su juventud y su falta de trayectoria pueden verse como un valor agregado: Duque tiene pocos v\u00ednculos con la pol\u00edtica tradicional y puede venderse como un l\u00edder nuevo, desligado del viejo bipartidismo y de las maquinarias clientelares que tanto rechazo inspiran entre los votantes j\u00f3venes.<\/p>\n<p>El candidato suele recordar su periodo en el Congreso, donde promovi\u00f3 algunas leyes que considera valiosas. \u201cPor ejemplo, la ampliaci\u00f3n de la licencia de maternidad de 14 a 18 semanas\u201d, dijo en el hotel. \u201cO la ley de cesant\u00edas, que permite a los padres retirar ahorros y comprar seguros educativos para sus hijos. Y la ley naranja, que promueve las industrias creativas\u201d.<\/p>\n<p>Antes de completar su periodo parlamentario, Duque gan\u00f3 una encuesta interna de su partido y se convirti\u00f3 en candidato presidencial. Despu\u00e9s, en marzo de este a\u00f1o, volvi\u00f3 a medirse con otros dos candidatos de derecha, Alejandro Ord\u00f3\u00f1ez, exprocurador, y Marta Luc\u00eda Ram\u00edrez, exministra de Comercio Exterior y de Defensa.<\/p>\n<p>A ellos tambi\u00e9n les gan\u00f3 por un amplio margen y Ram\u00edrez, del Partido Conservador, se convirti\u00f3 en su candidata a la vicepresidencia. Si vuelve a ganar en los pr\u00f3ximos d\u00edas, Iv\u00e1n Duque ser\u00e1 el presidente m\u00e1s joven de la historia moderna en Colombia.<\/p>\n<p>Hasta ahora el due\u00f1o de ese r\u00e9cord es C\u00e9sar Gaviria, presidente entre 1990 y 1994. El candidato con mayor opci\u00f3n de triunfo ese a\u00f1o era Luis Carlos Gal\u00e1n, asesinado en 1989. Gaviria asumi\u00f3 la candidatura y gan\u00f3. Por eso \u00e9l y Duque est\u00e1n unidos por el fen\u00f3meno del liderazgo heredado.<\/p>\n<p><strong>Una derecha recargada<\/strong><\/p>\n<p>La estructura del poder tradicional aumenta las posibilidades de triunfo de Duque, pero al mismo tiempo contamina su propuesta. En el Centro Democr\u00e1tico hay casos de corrupci\u00f3n y v\u00ednculos delictivos; sin embargo, el legado m\u00e1s oscuro del gobierno de Uribe es el de los llamados falsos positivos: miles de j\u00f3venes fueron vestidos como guerrilleros y asesinados por las Fuerzas Armadas para demostrar avances en la lucha contra la insurgencia.<\/p>\n<p>Sin decirlo, el candidato pareciera amagar con un posible distanciamiento. \u201cM\u00e1s all\u00e1 del Centro Democr\u00e1tico debemos darle espacio a una nueva forma de hacer pol\u00edtica\u201d, me dijo en Monter\u00eda, a punto de abordar una caravana de camionetas blindadas. \u201cVenimos con rigor acad\u00e9mico, lejos de las pr\u00e1cticas del pasado, hablando de pol\u00edticas p\u00fablicas. Mi reto es que el pa\u00eds vea una nueva generaci\u00f3n que puede reconciliar a Colombia y dejar atr\u00e1s los debates anacr\u00f3nicos\u201d.<\/p>\n<p>Otra bandera de Duque ha sido su promesa de revisar el Acuerdo de Paz firmado con las Farc. Se trata de un punto innegociable de su partido y del propio Uribe, que lider\u00f3 en 2016 la campa\u00f1a ganadora del no en el plebiscito que buscaba aprobar ese acuerdo en las urnas.<\/p>\n<p>El 2 de mayo por la tarde, en un parque ubicado al norte de Bogot\u00e1, el candidato habl\u00f3 frente a 600 v\u00edctimas de la guerrilla que ahora est\u00e1n reunidas en una federaci\u00f3n. All\u00ed Duque sintetiz\u00f3 su posici\u00f3n en torno al fin de la guerra. \u201cQueremos la paz, pero una paz que sea producto de la legalidad, con castigo para los victimarios y justicia para las v\u00edctimas\u201d, dijo.<\/p>\n<p>En Monter\u00eda, la ma\u00f1ana en que conversamos, fue m\u00e1s all\u00e1 y separ\u00f3 el mensaje seg\u00fan su destinatario. \u201cPara la tropa guerrillera, condiciones que ayuden a su reinserci\u00f3n\u201d, dijo. \u201cY para los comandantes, el narcotr\u00e1fico no ser\u00e1 un delito conexo al delito pol\u00edtico; por lo tanto, no hay amnist\u00eda\u201d. Si a los antiguos l\u00edderes les comprueban armas y dinero escondidos, asegur\u00f3 Duque, perder\u00e1n los beneficios acordados. Por otro lado, dijo, cualquier sanci\u00f3n por cr\u00edmenes de lesa humanidad les quitar\u00e1 sus curules en el Congreso. \u201cY cumplir\u00e1n penas por esos delitos; de lo contrario hay impunidad\u201d.<\/p>\n<p>Francisco Miranda, analista pol\u00edtico, trabaj\u00f3 en la edici\u00f3n de El futuro est\u00e1 en el centro, el libro m\u00e1s reciente publicado por el candidato. \u201cDuque es un tipo estudioso, disciplinado, reflexivo\u201d, dice Miranda. \u201cY es sobre todo un hacedor de pol\u00edtica p\u00fablica. En cierto modo representa la posibilidad de modernizar a su partido, de traerlo m\u00e1s hacia el centro\u201d.<\/p>\n<p>Miranda reconoce que la mayor\u00eda de los votos de Duque son heredados de Uribe, su segundo mentor. Pero tambi\u00e9n dice que el nuevo candidato est\u00e1 haciendo un aporte sustancial: \u201cEst\u00e1 atrayendo nuevos votantes. Uribe no endosa todos los votos que tiene, por eso necesitaba un buen candidato\u201d, dice. Miranda escribi\u00f3 una columna reciente donde define el fen\u00f3meno de Duque como un \u201cUribismo 2.0\u201d.<\/p>\n<p>Aquella ma\u00f1ana a principios de mayo, le ped\u00ed a Duque que se ubicara en el espectro ideol\u00f3gico. Dijo que sent\u00eda una gran afinidad con las ideas de Mario Vargas Llosa y su defensa de los principios liberales. Elogi\u00f3 el trabajo de Mauricio Macri en Argentina y se mostr\u00f3 complacido con el regreso de Sebasti\u00e1n Pi\u00f1era a la presidencia de Chile. Tambi\u00e9n mencion\u00f3 a Emmanuel Macron en Francia, a Justin Trudeau en Canad\u00e1 y Albert Rivera en Espa\u00f1a.<\/p>\n<p>En Venezuela, el pa\u00eds vecino, reconoci\u00f3 la resistencia de Leopoldo L\u00f3pez, un opositor al r\u00e9gimen de Nicol\u00e1s Maduro que sigue detenido en su casa. \u201cMaduro es un dictador y en mi gobierno buscar\u00e9 una soluci\u00f3n diplom\u00e1tica a la crisis de Venezuela\u201d, dijo.<\/p>\n<p>Si gana, Duque enfrentar\u00e1 el mismo dilema que Juan Manuel Santos: permanecer fiel al l\u00edder que lo promovi\u00f3, o construir su propio camino y asumir el enorme costo pol\u00edtico de la independencia. Para irse solo, no tiene el dinero, la estructura ni las relaciones de Santos pero, como suele ocurrir con las j\u00f3venes promesas, puede que sus verdaderos antecedentes a\u00fan est\u00e9n por venir.<\/p>\n<p>Desde ni\u00f1o, Iv\u00e1n Duque ha sido un aficionado a la magia. La practica y asiste a verla en espect\u00e1culos cada vez que puede. Ahora parece estar listo para ejecutar su mayor truco: el de su posible ascenso al poder. Si gana, enfrentar\u00e1 el reto de gobernar un pa\u00eds fragmentado.<\/p>\n<p>\u201cVamos a superar diferencias y a unir a los colombianos para situar al pa\u00eds en el futuro\u201d, dijo esa ma\u00f1ana en Monter\u00eda. Luego desapareci\u00f3 en su caravana.<\/p>\n<p><strong>SINAR ALVARADO<\/strong> <\/p>\n","protected":false},"excerpt":{"rendered":"<p>BOGOT\u00c1 \u2014 El 7 de mayo en Monter\u00eda, una peque\u00f1a ciudad ganadera del Caribe colombiano, el candidato presidencial Iv\u00e1n Duque cantaba y bailaba junto a Silvestre Dangond, un popular cantante de vallenatos que atrae a multitudes en este pa\u00eds. Con un sombrero \u201cvueltiao\u201d, una prenda tradicional en esta zona, Duque mov\u00eda la cabeza y coreaba &hellip;<\/p>\n","protected":false},"author":1,"featured_media":32550,"comment_status":"open","ping_status":"open","sticky":false,"template":"","format":"standard","meta":{"footnotes":""},"categories":[9],"tags":[1100,3544,3146],"class_list":["post-32549","post","type-post","status-publish","format-standard","has-post-thumbnail","hentry","category-politica","tag-centro-democratico","tag-ivan-duque","tag-nytimes"],"_links":{"self":[{"href":"https:\/\/contraluzcucuta.co\/index.php?rest_route=\/wp\/v2\/posts\/32549","targetHints":{"allow":["GET"]}}],"collection":[{"href":"https:\/\/contraluzcucuta.co\/index.php?rest_route=\/wp\/v2\/posts"}],"about":[{"href":"https:\/\/contraluzcucuta.co\/index.php?rest_route=\/wp\/v2\/types\/post"}],"author":[{"embeddable":true,"href":"https:\/\/contraluzcucuta.co\/index.php?rest_route=\/wp\/v2\/users\/1"}],"replies":[{"embeddable":true,"href":"https:\/\/contraluzcucuta.co\/index.php?rest_route=%2Fwp%2Fv2%2Fcomments&post=32549"}],"version-history":[{"count":1,"href":"https:\/\/contraluzcucuta.co\/index.php?rest_route=\/wp\/v2\/posts\/32549\/revisions"}],"predecessor-version":[{"id":32551,"href":"https:\/\/contraluzcucuta.co\/index.php?rest_route=\/wp\/v2\/posts\/32549\/revisions\/32551"}],"wp:featuredmedia":[{"embeddable":true,"href":"https:\/\/contraluzcucuta.co\/index.php?rest_route=\/wp\/v2\/media\/32550"}],"wp:attachment":[{"href":"https:\/\/contraluzcucuta.co\/index.php?rest_route=%2Fwp%2Fv2%2Fmedia&parent=32549"}],"wp:term":[{"taxonomy":"category","embeddable":true,"href":"https:\/\/contraluzcucuta.co\/index.php?rest_route=%2Fwp%2Fv2%2Fcategories&post=32549"},{"taxonomy":"post_tag","embeddable":true,"href":"https:\/\/contraluzcucuta.co\/index.php?rest_route=%2Fwp%2Fv2%2Ftags&post=32549"}],"curies":[{"name":"wp","href":"https:\/\/api.w.org\/{rel}","templated":true}]}}