{"id":32546,"date":"2018-05-27T19:41:56","date_gmt":"2018-05-28T00:41:56","guid":{"rendered":"http:\/\/contraluzcucuta.co\/?p=32546"},"modified":"2018-05-27T19:41:56","modified_gmt":"2018-05-28T00:41:56","slug":"gustavo-petro-el-sobreviviente-de-la-izquierda-colombiana","status":"publish","type":"post","link":"https:\/\/contraluzcucuta.co\/?p=32546","title":{"rendered":"GUSTAVO PETRO. El sobreviviente de la izquierda colombiana"},"content":{"rendered":"<p style=\"padding-left: 60px;\"><span style=\"color: #ff6600;\"><strong>BOGOT\u00c1 \u2014<\/strong> La noche del 17 de mayo, en la Plaza de Bol\u00edvar, en pleno centro de Bogot\u00e1, Gustavo Petro cerr\u00f3 su campa\u00f1a presidencial rodeado de s\u00edmbolos. A sus espaldas ten\u00eda el Palacio de Justicia, asaltado en 1985 por el M-19, la guerrilla en la que milit\u00f3 en su juventud. A la derecha pod\u00eda ver la alcald\u00eda que gobern\u00f3 entre 2012 y 2015. Al frente, el Congreso, donde promovi\u00f3 debates como parlamentario. Y al fondo, fuera de su vista, la Casa de Nari\u00f1o, sede del gobierno, donde espera vivir los pr\u00f3ximos cuatro a\u00f1os.<\/span><\/p>\n<p>Frente a decenas de miles de seguidores, el candidato del movimiento Colombia Humana evoc\u00f3 las \u201cvoces antiguas\u201d, un recuento hist\u00f3rico que se ha vuelto obligatorio en sus m\u00edtines. Record\u00f3 a Rafael Uribe Uribe, un militar y pol\u00edtico liberal asesinado a machetazos en una esquina de la plaza en 1914. Mencion\u00f3 enseguida a Jorge Eli\u00e9cer Gait\u00e1n, caudillo liberal baleado un par de cuadras al norte, en 1948. Y cerr\u00f3 con Luis Carlos Gal\u00e1n, el candidato liberal masacrado en 1989, en otra plaza ubicada a pocos kil\u00f3metros.<\/p>\n<p>En sus discursos, Petro tambi\u00e9n suele recordar a Carlos Pizarro, l\u00edder del M-19, y al conservador \u00c1lvaro G\u00f3mez Hurtado, ambos acallados por las balas. En un pa\u00eds donde el asesinato es el meg\u00e1fono de la opini\u00f3n pol\u00edtica, Petro se identifica como un heredero de esos liderazgos abortados; el \u00fanico que ha sobrevivido para vislumbrar la presidencia. Aquella noche, expuesto ante la multitud, el candidato se acomod\u00f3 varias veces el chaleco antibalas que llevaba oculto bajo una camisa blanca.<\/p>\n<p>Durante cuatro d\u00e9cadas de ejercicio pol\u00edtico, Petro ha recibido muchas amenazas y un ataque reciente. En Colombia, su activismo de izquierda coquetea con el martirio de forma permanente.<\/p>\n<p>\u201cPero no es por deporte, es por vocaci\u00f3n\u201d, me dijo el 6 de abril durante un almuerzo, minutos antes de llegar a Ci\u00e9naga de Oro, el pueblo ganadero donde naci\u00f3 el 19 de abril de 1960. \u201cHemos tenido un pa\u00eds donde nada se ha podido cambiar en dos siglos; y a m\u00ed me dan ganas de cambiarlo. Ser el primero que lo cambie\u201d.<\/p>\n<p>Petro vivi\u00f3 su infancia en ese rinc\u00f3n caluroso del Caribe colombiano, rodeado de fincas donde pastaban las vacas o crec\u00edan los cultivos de arroz y ma\u00edz. Hoy el centro de Ci\u00e9naga de Oro tiene casas antiguas bien conservadas, y otras con paredes de adobe y techo de paja. En las calles de la periferia falta el pavimento y el agua llega de forma irregular.<\/p>\n<p>A principios de la d\u00e9cada de los setenta, la familia del candidato se mud\u00f3 a Zipaquir\u00e1, un pueblo fr\u00edo ubicado a 50 kil\u00f3metros de Bogot\u00e1, donde termin\u00f3 sus estudios de bachillerato y empez\u00f3 a cultivar el germen ideol\u00f3gico que sellar\u00eda su destino.<\/p>\n<p>&nbsp;<\/p>\n<p>\u201cZipaquir\u00e1 era un pueblo industrial; la mitad de la poblaci\u00f3n era obrera y eso fue lo que yo encontr\u00e9\u201d. Mientras terminaba un plato de sopa, Petro recordaba esa \u00e9poca, a ratos interrumpido por seguidores que se acercaban a saludarlo. \u201cEntonces pude ver el mundo te\u00f3rico, el del marxismo que le\u00eda en los libros, en su aplicaci\u00f3n real y no apartado de la sociedad\u201d. Justo ah\u00ed, en el trecho que divide las pol\u00edticas ideales y su aplicaci\u00f3n pr\u00e1ctica, est\u00e1n algunas fallas que le critican al candidato.<\/p>\n<p>Frente a las multitudes que congrega en distintos lugares del pa\u00eds, en los ochenta discursos que ha pronunciado durante esta campa\u00f1a, Petro repite el mismo m\u00e9todo: largas intervenciones, de hasta dos horas, como el discurso que pronunci\u00f3 en Bogot\u00e1, donde expone su diagn\u00f3stico del pa\u00eds: la desigualdad, el escaso acceso a la educaci\u00f3n, la salud ineficaz para muchos, la tierra para pocos.<\/p>\n<p>Y remata con sus propuestas: transici\u00f3n progresiva del carb\u00f3n y el petr\u00f3leo a energ\u00edas limpias, cr\u00e9ditos oficiales para campesinos y peque\u00f1os emprendedores, educaci\u00f3n superior gratuita y salud preventiva sin mediaci\u00f3n privada.<\/p>\n<p>Sobre la tarima, siempre con sus lentes de lector asiduo, Petro no alza la voz. Su estilo es el de un profesor aferrado a la pedagog\u00eda pol\u00edtica: \u201cPara m\u00ed la comunicaci\u00f3n es un asunto central\u201d.<\/p>\n<p><strong>La experiencia guerrillera<\/strong><\/p>\n<p>Seg\u00fan Petro, a fines de los a\u00f1os setenta la izquierda colombiana era representada de forma ortodoxa por las Fuerzas Armadas Revolucionarias de Colombia y por el Partido Comunista, pero estaba casi tan divorciada de la clase obrera como le suced\u00eda a los partidos de derecha.<\/p>\n<p>Pero entonces surgi\u00f3 una alternativa que sedujo a muchos j\u00f3venes: el Movimiento 19 de abril (M-19). Este grupo insurgente, lleno de universitarios, desafi\u00f3 al gobierno de Julio C\u00e9sar Turbay, quien hab\u00eda decretado el Estatuto de Seguridad, una pol\u00edtica oficial que provoc\u00f3 persecuciones, torturas y exilios.<\/p>\n<p>Petro, quien naci\u00f3 un 19 de abril, se enrol\u00f3 en el M-19 a los 17 a\u00f1os y dedic\u00f3 su militancia a trabajar con sindicalistas y obreros de Zipaquir\u00e1. As\u00ed organiz\u00f3 a centenares de familias sin techo y fund\u00f3 con ellas el barrio Bol\u00edvar 83 en un terreno que lograron ocupar.<\/p>\n<p>En 1985, convertido en concejal de Zipaquir\u00e1, ese barrio se convirti\u00f3 en el refugio donde Petro, todav\u00eda guerrillero, pas\u00f3 meses escondido mientras lo buscaba la polic\u00eda. Cuando lo detuvieron por porte il\u00edcito de armas, ese mismo d\u00eda supo que Nicol\u00e1s, su primer hijo, ven\u00eda en camino. Meses despu\u00e9s lo conoci\u00f3 en prisi\u00f3n. Hoy el pol\u00edtico tiene seis hijos de sus matrimonios con Katia Burgos, Mary Luz Herr\u00e1n y Ver\u00f3nica Alcocer, su actual esposa.<\/p>\n<p>Los azares de la guerrilla y la vida fugitiva pueden transmitir una imagen temeraria del personaje, pero Gustavo Petro nunca fue un verdadero hombre de acci\u00f3n: \u201cNo me gustan las armas ni los uniformes, y en la guerrilla me aburr\u00eda la jerarqu\u00eda militar. No creo que gente que se ordene de ese modo termine haciendo una revoluci\u00f3n. Le tengo temor a jerarquizar las estructuras pol\u00edticas, porque derivan en dictaduras y autoritarismos\u201d.<\/p>\n<p>En 1977, Petro se hab\u00eda graduado de bachiller con uno de los mejores promedios de todo el pa\u00eds y se gan\u00f3 una beca para estudiar econom\u00eda en la Universidad Externado de Colombia. Desde las aulas sigui\u00f3 militando, pero en esa \u00e9poca empezaron sus dudas sobre la pertinencia de la lucha armada.<\/p>\n<p>Alberto Pe\u00f1aranda, escritor y viejo amigo del candidato, recuerda un di\u00e1logo que tuvieron en la universidad: \u201c\u00c9l me pregunt\u00f3 qu\u00e9 pensaba de las elecciones y le contest\u00e9 que eran una farsa. Se me qued\u00f3 mirando un rato y al fin, como desahog\u00e1ndose, me dijo que alg\u00fan d\u00eda tendr\u00edamos que confrontar al establecimiento con candidatos y programas propios\u201d.<\/p>\n<p><strong>Conquistar el poder con los votos<\/strong><\/p>\n<p>A principios de 1990, despu\u00e9s de una larga negociaci\u00f3n con el gobierno, el M-19 entreg\u00f3 las armas y dio lugar a un nuevo partido pol\u00edtico: la Alianza Democr\u00e1tica M-19, que logr\u00f3 una amplia participaci\u00f3n en la Asamblea Constituyente de 1991.<\/p>\n<p>\u201cEsa fue nuestra gran victoria\u201d, explica el candidato. \u201cPorque llevamos el proyecto democr\u00e1tico, el Estado Social de Derecho, a la Constituci\u00f3n\u201d.<\/p>\n<p>Petro fue representante a la C\u00e1mara y dos veces senador. En el Senado destap\u00f3 el caso de la llamada \u201cparapol\u00edtica\u201d, que demostr\u00f3 los v\u00ednculos entre los ej\u00e9rcitos paramilitares y decenas de funcionarios ahora condenados. Tambi\u00e9n lider\u00f3 debates contra la corrupci\u00f3n en los contratos de grandes obras p\u00fablicas.<\/p>\n<p>Desde el Congreso, Petro construy\u00f3 una fama nacional de personaje intransigente y corajudo, enfrentado a la corrupci\u00f3n de la clase dominante. Las amenazas, que a mediados de los a\u00f1os noventa lo obligaron a exiliarse en B\u00e9lgica, volvieron y salpicaron esta vez a la familia: su madre, su hermana y sus sobrinos tuvieron que dejar el pa\u00eds durante varios a\u00f1os. Pero \u00e9l se qued\u00f3 en Colombia.<\/p>\n<p>El Senado fue para Petro un campo de batalla y un trampol\u00edn: de ah\u00ed salt\u00f3 a la primera candidatura presidencial, en 2010. Pero lleg\u00f3 de tercero y decidi\u00f3 probar suerte en el segundo cargo m\u00e1s importante del pa\u00eds: la alcald\u00eda de Bogot\u00e1. Muchos pol\u00edticos en Colombia usan este cargo como un paso intermedio en la b\u00fasqueda del poder nacional. La ciudad, con nueve millones de habitantes, da entrenamiento, exposici\u00f3n y votos para intentar despu\u00e9s la presidencia. Petro sigui\u00f3 ese camino.<\/p>\n<p>Eduardo Durango, sacerdote de izquierda que lo ha acompa\u00f1ado desde los tiempos de la guerrilla, ve la gesti\u00f3n en Bogot\u00e1 como el laboratorio donde ensay\u00f3 su propuesta con relativo \u00e9xito: \u201cSe logr\u00f3 mucho en t\u00e9rminos de inclusi\u00f3n de personas: ni\u00f1os, ancianos, drogadictos. Fueron cosas bien hechas, pero desafortunadamente esa clase olig\u00e1rquica con la que \u00e9l se meti\u00f3, y sus intereses econ\u00f3micos, no dejaron que avanzara m\u00e1s la Bogot\u00e1 Humana\u201d.<\/p>\n<p>Petro gan\u00f3 esa elecci\u00f3n en 2011 y empez\u00f3 una administraci\u00f3n que fue conflictiva y tensa. El balance oficial dice que redujo la pobreza, mejor\u00f3 la inclusi\u00f3n social y el acceso a la educaci\u00f3n p\u00fablica, pero muchos proyectos no llegaron a completarse. Petro intent\u00f3 cambiar el esquema de recolecci\u00f3n de basura, controlada seg\u00fan \u00e9l por mafias poderosas, y la Procuradur\u00eda lo destituy\u00f3. Entonces convoc\u00f3 a multitudes que lo apoyaron y pas\u00f3 m\u00e1s de un a\u00f1o fuera del cargo, antes de regresar por decisi\u00f3n de un tribunal.<\/p>\n<p>Petro sali\u00f3 de la alcald\u00eda bastante golpeado, con una estela de historias en los medios que retrataban su talante soberbio y su supuesta incapacidad para trabajar en equipo. Algunos tambi\u00e9n afirman que sus logros son exagerados, y cuentan m\u00e1s metas fallidas que \u00e9xitos demostrables.<\/p>\n<p>En resumen, Petro figuraba como un l\u00edder valioso para la oposici\u00f3n y la denuncia, pero ineficaz como gobernante. Y todav\u00eda carga con ese fardo.<\/p>\n<p><strong>Reformas y justicia social<\/strong><\/p>\n<p>A Gustavo Petro lo han vinculado al \u201ccastrochavismo\u201d, porque propone expropiar latifundios y ponerlos a producir. Cada tanto lo relacionan con Hugo Ch\u00e1vez, a quien recibi\u00f3 en Bogot\u00e1 durante su primera visita, en 1994.<\/p>\n<p>El Centro Democr\u00e1tico, partido que apoya a Iv\u00e1n Duque, el joven candidato que puntea en las encuestas seguido por Petro, dice que una eventual victoria del abanderado de Colombia Humana traer\u00eda a Colombia el comunismo y sus ruinas. Ante esos se\u00f1alamientos, Petro responde que los verdaderos chavistas son el expresidente Uribe y sus aliados: \u201cPorque nos expropiaron todo, privatiz\u00e1ndolo: la tierra, la salud, el saber. Nos quitaron las condiciones para el trabajo, que es la \u00fanica forma de construir riqueza\u201d.<\/p>\n<p>Petro insiste en que su proyecto no es de extrema izquierda. Durante el discurso de cierre de campa\u00f1a en Bogot\u00e1 se desmarc\u00f3 a\u00fan m\u00e1s de Nicol\u00e1s Maduro, a quien atribuy\u00f3 la corrupci\u00f3n, el abuso de poder y la persecuci\u00f3n pol\u00edtica que tantos han denunciado en Venezuela.<\/p>\n<p>\u201cEn cualquier otro pa\u00eds yo ser\u00eda visto como un tipo de centro, pero esto es Colombia, un pa\u00eds conservador\u201d, me dijo a principios de abril, mientras recorr\u00edamos su regi\u00f3n en una caravana, siempre acompa\u00f1ado por su esposa, Ver\u00f3nica, y su hijo mayor, Nicol\u00e1s, quien trabaja de forma activa en la campa\u00f1a. \u201cMis adversarios promueven la violencia y la guerra porque sin ellas no se sostiene el discurso del miedo. Si no hay violencia, el pa\u00eds entra en otra discusi\u00f3n\u201d.<\/p>\n<p>Petro, que pas\u00f3 de la guerrilla a la pol\u00edtica despu\u00e9s de un acuerdo de paz, ha defendido el que firm\u00f3 el gobierno de Colombia con las antiguas Farc. Duque, su principal contendor, dice que someter\u00e1 a revisi\u00f3n lo acordado. Petro, sin embargo, prefiere revisar la Constituci\u00f3n.<\/p>\n<p>&nbsp;\u201cEl tema de la justicia social amerita tambi\u00e9n unas reformas\u201d, sostiene. \u201cMe refiero a la salud y a la educaci\u00f3n; me refiero a la necesidad de separar la justicia de la pol\u00edtica. Para eso es necesaria una reforma constitucional\u201d.<\/p>\n<p>Cuando se le pregunta c\u00f3mo se har\u00eda esa reforma, el candidato dice: \u201cEl problema es que el Congreso est\u00e1 en manos de quien no quiere hacer las reformas. Entonces la posibilidad de una constituyente est\u00e1 abierta, pero no para hacer una nueva constituci\u00f3n ni adue\u00f1arme del poder, sino para construir un pa\u00eds m\u00e1s equitativo\u201d.<\/p>\n<p>Colombia tiene una de las sociedades m\u00e1s desiguales del continente, y tambi\u00e9n una de las m\u00e1s violentas. Este doble indicador no es casual, seg\u00fan Petro, uno explica al otro. Muchos lo acusan de promover el odio de clases, mientras otros opinan que su discurso solo evidencia una lucha que ya existe desde hace tiempo.<\/p>\n<p>\u201cEl m\u00edo no es un programa radical\u201d, sostiene el candidato. \u201cEs solo un programa de reformas democr\u00e1ticas que hace un siglo debieron hacerse, y por no hacerlas fue que el pa\u00eds entr\u00f3 en la violencia\u201d.<\/p>\n<p>Petro se ve a s\u00ed mismo como una consecuencia del sistema y como un instrumento de justicia para la mayor\u00eda marginada. Esta elecci\u00f3n, ha dicho, consiste en escoger a los mismos de siempre, o darle a \u00e9l y al pa\u00eds, como escribi\u00f3 Gabriel Garc\u00eda M\u00e1rquez, uno de sus autores favoritos, \u201cuna segunda oportunidad sobre la Tierra\u201d.<\/p>\n<p>Si gana las elecciones, Petro ser\u00e1 el segundo presidente de origen caribe\u00f1o en toda la historia del pa\u00eds (el primero fue Rafael N\u00fa\u00f1ez, durante el siglo XIX), cuyos l\u00edderes andinos han dominado el poder de forma casi hereditaria. Y ser\u00e1 tambi\u00e9n el primero abiertamente de izquierda.<\/p>\n<p>Pero enfrentar\u00e1 a grandes intereses y a una oposici\u00f3n que domina el Congreso. Repetir\u00e1 por cuatro a\u00f1os la resistencia que encontr\u00f3 en la alcald\u00eda de Bogot\u00e1, pero a una escala mayor. \u00c9l prev\u00e9 ese destino y suele resumir su estrategia con la frase \u201cdefenderme en medio de las transformaciones\u201d.<\/p>\n<p>Esto suceder\u00e1 si gana. Si pierde y llega de segundo, una reciente reforma constitucional le garantiza el regreso al Senado, donde tendr\u00e1 la oportunidad de liderar a la oposici\u00f3n e intentar una tercera campa\u00f1a en 2022.<\/p>\n<p>Pero Gustavo Petro, el guerrillero at\u00edpico, el provinciano que lleg\u00f3 a gobernar la capital, no est\u00e1 pensando en la derrota. \u201cYo aspiro a ganar\u201d, dice convencido.<\/p>\n<p><strong>SINAR ALVARADO<\/strong> <\/p>\n","protected":false},"excerpt":{"rendered":"<p>BOGOT\u00c1 \u2014 La noche del 17 de mayo, en la Plaza de Bol\u00edvar, en pleno centro de Bogot\u00e1, Gustavo Petro cerr\u00f3 su campa\u00f1a presidencial rodeado de s\u00edmbolos. A sus espaldas ten\u00eda el Palacio de Justicia, asaltado en 1985 por el M-19, la guerrilla en la que milit\u00f3 en su juventud. A la derecha pod\u00eda ver &hellip;<\/p>\n","protected":false},"author":1,"featured_media":32547,"comment_status":"open","ping_status":"open","sticky":false,"template":"","format":"standard","meta":{"footnotes":""},"categories":[9],"tags":[3442,4157,3146],"class_list":["post-32546","post","type-post","status-publish","format-standard","has-post-thumbnail","hentry","category-politica","tag-elecciones-en-colombia","tag-gustavo-petro","tag-nytimes"],"_links":{"self":[{"href":"https:\/\/contraluzcucuta.co\/index.php?rest_route=\/wp\/v2\/posts\/32546","targetHints":{"allow":["GET"]}}],"collection":[{"href":"https:\/\/contraluzcucuta.co\/index.php?rest_route=\/wp\/v2\/posts"}],"about":[{"href":"https:\/\/contraluzcucuta.co\/index.php?rest_route=\/wp\/v2\/types\/post"}],"author":[{"embeddable":true,"href":"https:\/\/contraluzcucuta.co\/index.php?rest_route=\/wp\/v2\/users\/1"}],"replies":[{"embeddable":true,"href":"https:\/\/contraluzcucuta.co\/index.php?rest_route=%2Fwp%2Fv2%2Fcomments&post=32546"}],"version-history":[{"count":1,"href":"https:\/\/contraluzcucuta.co\/index.php?rest_route=\/wp\/v2\/posts\/32546\/revisions"}],"predecessor-version":[{"id":32548,"href":"https:\/\/contraluzcucuta.co\/index.php?rest_route=\/wp\/v2\/posts\/32546\/revisions\/32548"}],"wp:featuredmedia":[{"embeddable":true,"href":"https:\/\/contraluzcucuta.co\/index.php?rest_route=\/wp\/v2\/media\/32547"}],"wp:attachment":[{"href":"https:\/\/contraluzcucuta.co\/index.php?rest_route=%2Fwp%2Fv2%2Fmedia&parent=32546"}],"wp:term":[{"taxonomy":"category","embeddable":true,"href":"https:\/\/contraluzcucuta.co\/index.php?rest_route=%2Fwp%2Fv2%2Fcategories&post=32546"},{"taxonomy":"post_tag","embeddable":true,"href":"https:\/\/contraluzcucuta.co\/index.php?rest_route=%2Fwp%2Fv2%2Ftags&post=32546"}],"curies":[{"name":"wp","href":"https:\/\/api.w.org\/{rel}","templated":true}]}}