{"id":32496,"date":"2018-05-22T15:06:33","date_gmt":"2018-05-22T20:06:33","guid":{"rendered":"http:\/\/contraluzcucuta.co\/?p=32496"},"modified":"2018-05-22T15:06:33","modified_gmt":"2018-05-22T20:06:33","slug":"ferias-2018-en-comunas-y-corregimientos-buscaran-candidatas-senorita-cucuta","status":"publish","type":"post","link":"https:\/\/contraluzcucuta.co\/?p=32496","title":{"rendered":"FERIAS 2018. En comunas y corregimientos buscar\u00e1n candidatas a Se\u00f1orita C\u00facuta"},"content":{"rendered":"<p style=\"padding-left: 60px;\"><span style=\"color: #ff6600;\"><strong>C\u00daCUTA.-<\/strong> Comuna por comuna y corregimiento por corregimiento, la Alcald\u00eda buscar\u00e1 a las mujeres que quieran participar en el reinado de belleza que elegir\u00e1 a la Se\u00f1orita C\u00facuta 2018. La selecci\u00f3n y coronaci\u00f3n se cumplir\u00e1 en las ferias locales, del 18 al 22 de julio.<\/span><\/p>\n<p>Las secretar\u00edas de Desarrollo Econ\u00f3mico y Cultura son los despachos encargados de encontrar a las candidatas, a partir del primero de junio. La reina vigente es <a href=\"https:\/\/contraluzcucuta.co\/articulos\/senorita-cucuta-lina-daza-duele-el-sufrimiento-de-los-venezolanos\/\">Lina Daniela Daza<\/a>, elegida en las ferias del 2017.<\/p>\n<p>Las interesadas deben dirigirse al presidente de la junta comunal del barrio o al edil de la comuna y entregar la ficha de inscripci\u00f3n.<\/p>\n<p>Los requisitos para tener en cuenta son los siguientes:<\/p>\n<p>1.- Sin o con poca experiencia en el mundo del modelaje<\/p>\n<p>2.- De 18 a\u00f1os a 24 a\u00f1os.<\/p>\n<p>3.- Estatura m\u00ednima 1,60 metros descalzas.<\/p>\n<p>4.- Piel sana, sin tatuajes.<\/p>\n<p>5.- Cabello sano. Buen estado.<\/p>\n<p>6.- U\u00f1as de manos y pies al estilo franc\u00e9s<\/p>\n<p>7.- Aretes de perlas blancas.<\/p>\n<p>8.- El maquillaje y penado va por cuenta de cada participante.<\/p>\n<p>La candidata de cada comuna har\u00e1 presencia en el reinado de las ferias de C\u00facuta y la elegida obtendr\u00e1 el titulo de Se\u00f1orita C\u00facuta 2018. El &nbsp;vestuario para la elecci\u00f3n y coronaci\u00f3n de la candidata de comunas y corregimientos constar\u00e1 de traje de ba\u00f1o de una pieza o dos piezas (libre elecci\u00f3n, color y dise\u00f1o) y traje de gala, vestido largo o corto (libre elecci\u00f3n, color y dise\u00f1o).<\/p>\n<p>El programa de elecci\u00f3n por Comuna ser\u00e1 el siguiente:<\/p>\n<p>1.- Comunas&nbsp;&nbsp; 9 y 10: 1 de junio<\/p>\n<p>2.- Comunas&nbsp;&nbsp; 7 y 8: 2 de junio<\/p>\n<p>3.- Comunas&nbsp;&nbsp; 3 y 4: 3 de junio<\/p>\n<p>4.- Comuna 6: 9 de junio<\/p>\n<p>5.- Comunas 1, 2 y 5: 23 de junio<\/p>\n<p>6.- Corregimientos: 24 de junio.<\/p>\n<p>La iniciativa del alcalde C\u00e9sar Rojas busca que sea un reinado incluyente en el que participen representantes de los sectores urbano y rural, para engalanar las Ferias de C\u00facuta 2018. <\/p>\n","protected":false},"excerpt":{"rendered":"<p>C\u00daCUTA.- Comuna por comuna y corregimiento por corregimiento, la Alcald\u00eda buscar\u00e1 a las mujeres que quieran participar en el reinado de belleza que elegir\u00e1 a la Se\u00f1orita C\u00facuta 2018. La selecci\u00f3n y coronaci\u00f3n se cumplir\u00e1 en las ferias locales, del 18 al 22 de julio. Las secretar\u00edas de Desarrollo Econ\u00f3mico y Cultura son los despachos &hellip;<\/p>\n","protected":false},"author":1,"featured_media":32497,"comment_status":"open","ping_status":"open","sticky":false,"template":"","format":"standard","meta":{"footnotes":""},"categories":[4,6],"tags":[226,4170,3723],"class_list":["post-32496","post","type-post","status-publish","format-standard","has-post-thumbnail","hentry","category-barra","category-ojo-avizor","tag-alcaldia-de-cucuta","tag-lina-daniela-daza","tag-senorita-cucuta"],"_links":{"self":[{"href":"https:\/\/contraluzcucuta.co\/index.php?rest_route=\/wp\/v2\/posts\/32496","targetHints":{"allow":["GET"]}}],"collection":[{"href":"https:\/\/contraluzcucuta.co\/index.php?rest_route=\/wp\/v2\/posts"}],"about":[{"href":"https:\/\/contraluzcucuta.co\/index.php?rest_route=\/wp\/v2\/types\/post"}],"author":[{"embeddable":true,"href":"https:\/\/contraluzcucuta.co\/index.php?rest_route=\/wp\/v2\/users\/1"}],"replies":[{"embeddable":true,"href":"https:\/\/contraluzcucuta.co\/index.php?rest_route=%2Fwp%2Fv2%2Fcomments&post=32496"}],"version-history":[{"count":1,"href":"https:\/\/contraluzcucuta.co\/index.php?rest_route=\/wp\/v2\/posts\/32496\/revisions"}],"predecessor-version":[{"id":32498,"href":"https:\/\/contraluzcucuta.co\/index.php?rest_route=\/wp\/v2\/posts\/32496\/revisions\/32498"}],"wp:featuredmedia":[{"embeddable":true,"href":"https:\/\/contraluzcucuta.co\/index.php?rest_route=\/wp\/v2\/media\/32497"}],"wp:attachment":[{"href":"https:\/\/contraluzcucuta.co\/index.php?rest_route=%2Fwp%2Fv2%2Fmedia&parent=32496"}],"wp:term":[{"taxonomy":"category","embeddable":true,"href":"https:\/\/contraluzcucuta.co\/index.php?rest_route=%2Fwp%2Fv2%2Fcategories&post=32496"},{"taxonomy":"post_tag","embeddable":true,"href":"https:\/\/contraluzcucuta.co\/index.php?rest_route=%2Fwp%2Fv2%2Ftags&post=32496"}],"curies":[{"name":"wp","href":"https:\/\/api.w.org\/{rel}","templated":true}]}}