{"id":32483,"date":"2018-05-20T19:28:58","date_gmt":"2018-05-21T00:28:58","guid":{"rendered":"http:\/\/contraluzcucuta.co\/?p=32483"},"modified":"2018-05-20T19:28:58","modified_gmt":"2018-05-21T00:28:58","slug":"al-notas-margen-cucuta-y-la-region-necesitan-obrar-unidos-y-con-vision-de-futuro","status":"publish","type":"post","link":"https:\/\/contraluzcucuta.co\/?p=32483","title":{"rendered":"AL NOTAS MARGEN. C\u00facuta y la regi\u00f3n necesitan obrar unidos y con visi\u00f3n de futuro"},"content":{"rendered":"<p style=\"padding-left: 60px;\"><span style=\"color: #ff6600;\">1.- El grado de indiferencia, apat\u00eda y ausencia de solidaridad y compa\u00f1\u00eda que se capta y vive en la regi\u00f3n y la frontera llega a extremos incre\u00edbles, como puede testificarlo y pregonarlo el desinter\u00e9s en lograr con los presidenciables un encuentro o foro, antes de los resultados del 27 de mayo, en procura de conocer lo que piensan y quieren los aspirantes al primer cargo de la Naci\u00f3n.<\/span><\/p>\n<p>Y, lo anoto y destaco, no porque lo expuse en las anteriores Notas al Margen y solicit\u00e9 consideraci\u00f3n y atenci\u00f3n a esa posibilidad, insinuando que el encuentro bien podr\u00eda ser en el Complejo Hist\u00f3rico de Villa del &nbsp;Rosario, que bien puede denominarse \u2018La capital de la integraci\u00f3n en Am\u00e9rica\u2019, por lo que representa el Congreso Constituyente de la Gran Colombia para el Continente y para destacar la funci\u00f3n desarrollada y por cumplir.<\/p>\n<p>2.- Un silencio sepulcral y un \u201cEso dej\u00e9moslo as\u00ed, porque ninguno nada sabe de nosotros\u201d, fueron parte de las manifestaciones que surgieron, junto a una insinuaci\u00f3n para que la gesti\u00f3n la cumpliera la C\u00e1mara de Comercio o el peri\u00f3dico La Opini\u00f3n.&nbsp; Reconocer la inmensa magnitud de la crisis y constatar la necesidad y la urgencia de auxilios y apoyos obliga &#8211; indiscutiblemente &#8211; a un cambio de conducta y a una renovaci\u00f3n de cuadros con visiones de futuro m\u00e1s acordes con la realidad y en procura de perspectivas, propuestas y planes que pueden promoverse y ejecutarse, pero con presencia, participaci\u00f3n, estudio y an\u00e1lisis de las opciones, respaldando las conclusiones o resultados. .<\/p>\n<p>3.-Las regiones fronterizas, que representan el 53 % de la faja territorial nacional y que son las \u00e1reas m\u00e1s marginales y abandonadas de Colombia, requieren de un mayor y mejor trato, y de una real e innovadora&nbsp; valoraci\u00f3n y comprensi\u00f3n clara, n\u00edtida y profunda, de las posibilidades de entendimiento y acciones que se pueden llevar a cabo con Venezuela, Ecuador y dem\u00e1s pa\u00edses vecinos, porque el futuro de C\u00facuta y de la regi\u00f3n, en gran medida, depender\u00e1 no del aislamiento y del distanciamiento, sino de la mutua y futurista vivencia integradora, como consecuencia y producto del importante y extenso historial que nos une, compromete&nbsp; y puede proyectarse y fortalecerse.<\/p>\n<p>Hace 2 a\u00f1os, y con la cooperaci\u00f3n de Cesar Vallejo Mej\u00eda, Sergio Entrena, Pedro Sayago Rojas y Alfonso Mar\u00eda Padilla entregamos a las canciller\u00edas de Colombia y Venezuela una propuesta de acci\u00f3n compartida para crear e impulsar parques industriales y tecnol\u00f3gicos, Zonas Francas Especializadas y la Zona Aduanera para el establecimiento de maquiladoras.<\/p>\n<p>Por eso, y porque lo que viene, involucra investigaci\u00f3n, innovaci\u00f3n, capacitaci\u00f3n y est\u00edmulos, la tarea no puede proseguir tan solo a la espera. Y, sin un&nbsp; enfoque y atenci\u00f3n, sobre los vac\u00edos, para que verdaderamente operen los cambios y las trasformaciones que se requieren.<\/p>\n<p>El desempleo y la magnitud del desinter\u00e9s obligan a un giro hacia la asociaci\u00f3n y la labor en equipo.<\/p>\n<p><strong>JOS\u00c9 NEIRA REY&nbsp;&nbsp;&nbsp;&nbsp;&nbsp;&nbsp;&nbsp;&nbsp;&nbsp;&nbsp;&nbsp;&nbsp;&nbsp;&nbsp;&nbsp;&nbsp;&nbsp;&nbsp;&nbsp;&nbsp;&nbsp;&nbsp;&nbsp;&nbsp;&nbsp;&nbsp;&nbsp;&nbsp;&nbsp;&nbsp;&nbsp;&nbsp;&nbsp;&nbsp;&nbsp;&nbsp;&nbsp;&nbsp;&nbsp;&nbsp;&nbsp;&nbsp;&nbsp;&nbsp;&nbsp;&nbsp;&nbsp;&nbsp;&nbsp;&nbsp;&nbsp;&nbsp;&nbsp;&nbsp;&nbsp;&nbsp;&nbsp;&nbsp;&nbsp;&nbsp;&nbsp;&nbsp;&nbsp;&nbsp;&nbsp;&nbsp;&nbsp;&nbsp;&nbsp;&nbsp;&nbsp;&nbsp;&nbsp;&nbsp;&nbsp;&nbsp;&nbsp;&nbsp;&nbsp;&nbsp;&nbsp;&nbsp;&nbsp;&nbsp;&nbsp;&nbsp; &nbsp;&nbsp;&nbsp;&nbsp;&nbsp;&nbsp;&nbsp;&nbsp;&nbsp;&nbsp;&nbsp;&nbsp;&nbsp;&nbsp;&nbsp;&nbsp;&nbsp;&nbsp;&nbsp;&nbsp;&nbsp;&nbsp;&nbsp;&nbsp;&nbsp;&nbsp;&nbsp;&nbsp;&nbsp;&nbsp;&nbsp;&nbsp;&nbsp;&nbsp;&nbsp;&nbsp;&nbsp;&nbsp;&nbsp;&nbsp;&nbsp;&nbsp;&nbsp;&nbsp;&nbsp;&nbsp;&nbsp;&nbsp;&nbsp;&nbsp;&nbsp;&nbsp;&nbsp;&nbsp;&nbsp;&nbsp;&nbsp;&nbsp;&nbsp;&nbsp;&nbsp;&nbsp;&nbsp;&nbsp;&nbsp;&nbsp;&nbsp;&nbsp;&nbsp;&nbsp;&nbsp;&nbsp;&nbsp;&nbsp;&nbsp;&nbsp;&nbsp;&nbsp;&nbsp;&nbsp;&nbsp;&nbsp;&nbsp;&nbsp;&nbsp;&nbsp;&nbsp;&nbsp;&nbsp;&nbsp;&nbsp;&nbsp;&nbsp;&nbsp;&nbsp;&nbsp;&nbsp;&nbsp;&nbsp;&nbsp;&nbsp;&nbsp;&nbsp;&nbsp;&nbsp;&nbsp;&nbsp;&nbsp;&nbsp;&nbsp;<\/strong><\/p>\n<p><strong><a href=\"mailto:jneirarey@hotmail.com\">jneirarey@hotmail.com<\/a><\/strong><\/p>\n<p><strong>&nbsp;<\/strong> <\/p>\n","protected":false},"excerpt":{"rendered":"<p>1.- El grado de indiferencia, apat\u00eda y ausencia de solidaridad y compa\u00f1\u00eda que se capta y vive en la regi\u00f3n y la frontera llega a extremos incre\u00edbles, como puede testificarlo y pregonarlo el desinter\u00e9s en lograr con los presidenciables un encuentro o foro, antes de los resultados del 27 de mayo, en procura de conocer &hellip;<\/p>\n","protected":false},"author":1,"featured_media":32484,"comment_status":"open","ping_status":"open","sticky":false,"template":"","format":"standard","meta":{"footnotes":""},"categories":[14,4],"tags":[382,956],"class_list":["post-32483","post","type-post","status-publish","format-standard","has-post-thumbnail","hentry","category-articulistas","category-barra","tag-jose-neira","tag-notas-al-margen"],"_links":{"self":[{"href":"https:\/\/contraluzcucuta.co\/index.php?rest_route=\/wp\/v2\/posts\/32483","targetHints":{"allow":["GET"]}}],"collection":[{"href":"https:\/\/contraluzcucuta.co\/index.php?rest_route=\/wp\/v2\/posts"}],"about":[{"href":"https:\/\/contraluzcucuta.co\/index.php?rest_route=\/wp\/v2\/types\/post"}],"author":[{"embeddable":true,"href":"https:\/\/contraluzcucuta.co\/index.php?rest_route=\/wp\/v2\/users\/1"}],"replies":[{"embeddable":true,"href":"https:\/\/contraluzcucuta.co\/index.php?rest_route=%2Fwp%2Fv2%2Fcomments&post=32483"}],"version-history":[{"count":1,"href":"https:\/\/contraluzcucuta.co\/index.php?rest_route=\/wp\/v2\/posts\/32483\/revisions"}],"predecessor-version":[{"id":32485,"href":"https:\/\/contraluzcucuta.co\/index.php?rest_route=\/wp\/v2\/posts\/32483\/revisions\/32485"}],"wp:featuredmedia":[{"embeddable":true,"href":"https:\/\/contraluzcucuta.co\/index.php?rest_route=\/wp\/v2\/media\/32484"}],"wp:attachment":[{"href":"https:\/\/contraluzcucuta.co\/index.php?rest_route=%2Fwp%2Fv2%2Fmedia&parent=32483"}],"wp:term":[{"taxonomy":"category","embeddable":true,"href":"https:\/\/contraluzcucuta.co\/index.php?rest_route=%2Fwp%2Fv2%2Fcategories&post=32483"},{"taxonomy":"post_tag","embeddable":true,"href":"https:\/\/contraluzcucuta.co\/index.php?rest_route=%2Fwp%2Fv2%2Ftags&post=32483"}],"curies":[{"name":"wp","href":"https:\/\/api.w.org\/{rel}","templated":true}]}}