{"id":32480,"date":"2018-05-20T19:04:08","date_gmt":"2018-05-21T00:04:08","guid":{"rendered":"http:\/\/contraluzcucuta.co\/?p=32480"},"modified":"2018-05-20T20:54:14","modified_gmt":"2018-05-21T01:54:14","slug":"carta-al-nono-rafa-gracias-por-hacerme-participe-del-buen-momento-del-cucuta-deportivo","status":"publish","type":"post","link":"https:\/\/contraluzcucuta.co\/?p=32480","title":{"rendered":"CARTA AL NONO RAFA. Gracias por hacerme part\u00edcipe del buen momento del C\u00facuta Deportivo"},"content":{"rendered":"<p style=\"padding-left: 60px;\"><span style=\"color: #ff6600;\">Hola, Nono. Te escribo desde C\u00facuta, ciudad a la que te trajeron m\u00e1s chico que Yo, hace casi 60 a\u00f1os, y que s\u00e9 te duele lo que ocurre en esas calles que a diario recorres en busca de noticas, personajes para los perfiles, fuentes para los reportajes y hechos para las cr\u00f3nicas.<\/span><\/p>\n<p>Nono, en mis cortos a\u00f1os (5), solo hab\u00eda visitado una vez el estadio general Santander, en compa\u00f1\u00eda de mi hermana mayor (Sara Sophie) para jugar con las regaderas en el prado. Pasamos una tarde deliciosa, sin la compa\u00f1\u00eda rega\u00f1ona de mi Nona, sino amparados por la mirada complaciente y alcahueta tuya. Corrimos, nos mojamos y terminamos felices. En esa ocasi\u00f3n pregunt\u00e9 \u00bfpor qu\u00e9 los futbolistas no est\u00e1n en el campo? Tu respuesta sabia fue que descansaban para luego disputar otro partido por el torneo de la B. No entend\u00ed.<\/p>\n<p>Hace poco, tuviste otra de esas ideas maravillosas que me encantan, porque las disfruto a plenitud en tu compa\u00f1\u00eda. Ordenaste a mi pap\u00e1 ponerme la camiseta rojinegra, la del equipo que prefieres por sobre el Real Madrid y el Boca Juniors, porque esa noche nos \u00edbamos de f\u00fatbol. El C\u00facuta Deportivo encaraba otro juego como l\u00edder del campeonato de Segunda Divisi\u00f3n. Y gole\u00f3 cuatro a cero a los rivales uniformados de amarillo y verde.<\/p>\n<p>En esa ocasi\u00f3n me encant\u00f3 ver a los pocos cucute\u00f1os que asistieron al estadio vestidos con camisas como la m\u00eda, porque eso es sentido de pertenencia. Los c\u00e1nticos de los muchachos que ocupan la tribuna Sur me agradaron, me aprend\u00ed algunos estribillos, pero a mi mam\u00e1 no le gust\u00f3 cuando en casa entonaba \u201cG\u00fcevo, pongan m\u00e1s g\u00fcevo, pongan m\u00e1s coraz\u00f3n, como ponemos nosotros en el tabl\u00f3n\u201d. Solo son cuestiones de madre.<\/p>\n<p>Ese d\u00eda comprend\u00ed, Nono, que el equipo motil\u00f3n es grande, que los aficionados lo quieren, que es cierto que la hinchada lo sigue. Y no entend\u00ed por qu\u00e9 mi t\u00edo Jorge, como muchos, prefieren al Barcelona, y no vienen al&nbsp; General; o que mi pap\u00e1 escoja partidos de Copa Libertadores (2007) para acompa\u00f1ar al cuadro local. Entonces, vino tu explicaci\u00f3n, de nuevo sabia, \u201ces que no creen en Cadena\u201d. Bueno, ah\u00ed s\u00ed los entiendo.<\/p>\n<p>Hoy, Cuando termin\u00f3 la primera ronda del Torneo y el C\u00facuta es l\u00edder con 37 puntos, te agradezco por haberme hecho part\u00edcipe de esta racha ganadora. Terminar 15 partidos invictos es mucho decir. No s\u00e9, Nono, si agradecerle a Lucas Pusineri por esta campa\u00f1a, a los jugadores por saber defender la rojinegra o a los directivos por no desbaratar el equipo a destiempo. Enti\u00e9ndame, por favor, en el segundo semestre quiero volver al General Santander y ojal\u00e1 acompa\u00f1ado de sus compadres que tanto hablan del C\u00facuta, s\u00ed en Oriental, me someto al sol de la tarde dominical y prometo no dormirme como mi t\u00eda Consuelo en una oportunidad.<\/p>\n<p>\u201cDejamos todo solo por ver esta camiseta&#8230; pongan m\u00e1s g\u00fcevo, pongan m\u00e1s coraz\u00f3n, mi rojo y negro que hay que salir campe\u00f3n. Vamos, glorioso, no le falles a toda tu gente&#8230;\u201d. Ah, qu\u00e9 canto tan bonito. Nono, no le cuente a mi mam\u00e1 que se lo voy a ense\u00f1ar a mis amiguitos del jard\u00edn.<\/p>\n<p>Nono, el C\u00facuta jug\u00f3 15 partidos, gan\u00f3 11 y empat\u00f3 4, convirti\u00f3 31 goles y solo le marcaron 9. Tiene 22 goles de diferencia y 37 puntos. \u00a1Qu\u00e9 campa\u00f1\u00f3n! Lo malo es que no podemos echar campanas al vuelo, ni reventar voladores, porque faltan las decisiones de don Jos\u00e9 Augusto. Ojal\u00e1 el mundial de Rusia lo convenza de que el f\u00fatbol es buen negocio si se tiene un buen producto.<\/p>\n<p>Nono, le env\u00edo los resultados en casa durante este largo recorrido, que comenz\u00f3 el 12 de febrero, por la Primera B. Gu\u00e1rdelos, al final del a\u00f1o sirven para el resumen deportivo:<\/p>\n<p>C\u00facuta Deportivo 3-1 Deportes Quind\u00edo<\/p>\n<p>C\u00facuta Deportivo&nbsp; 1-1&nbsp;&nbsp;&nbsp;&nbsp; Fortaleza FC&nbsp;&nbsp;&nbsp;&nbsp;&nbsp;&nbsp;&nbsp;&nbsp;&nbsp;&nbsp;&nbsp;<\/p>\n<p>C\u00facuta Deportivo&nbsp; 2-1&nbsp;&nbsp;&nbsp;&nbsp; Deportivo Pereira<\/p>\n<p>C\u00facuta Deportivo&nbsp; 3-0&nbsp;&nbsp;&nbsp;&nbsp; Bogot\u00e1 FC<\/p>\n<p>C\u00facuta Deportivo&nbsp; 1-0&nbsp;&nbsp;&nbsp;&nbsp; Uni\u00f3n Magdalena<\/p>\n<p>C\u00facuta Deportivo&nbsp; 3-0&nbsp;&nbsp;&nbsp;&nbsp; Universitario Popay\u00e1n<\/p>\n<p>C\u00facuta Deportivo&nbsp; 4-0&nbsp;&nbsp;&nbsp;&nbsp; Orsomarso SC<\/p>\n<p>C\u00facuta Deportivo&nbsp; 1-1&nbsp;&nbsp;&nbsp;&nbsp; Tigres FC<\/p>\n<p>Como visitante obtuvo los siguientes resultados:<\/p>\n<p>Barranquilla FC&nbsp;&nbsp;&nbsp;&nbsp;&nbsp; 1-1&nbsp;&nbsp;&nbsp;&nbsp; C\u00facuta Deportivo<\/p>\n<p>Llaneros&nbsp;&nbsp;&nbsp;&nbsp;&nbsp;&nbsp;&nbsp; 1-2&nbsp;&nbsp;&nbsp;&nbsp; C\u00facuta Deportivo<\/p>\n<p>Cortulu\u00e1&nbsp;&nbsp;&nbsp;&nbsp;&nbsp;&nbsp; 1-2&nbsp;&nbsp;&nbsp;&nbsp; C\u00facuta Deportivo<\/p>\n<p>Real Cartagena&nbsp;&nbsp;&nbsp;&nbsp;&nbsp;&nbsp; 0-2&nbsp;&nbsp;&nbsp;&nbsp; C\u00facuta Deportivo<\/p>\n<p>Real Santander&nbsp;&nbsp;&nbsp;&nbsp;&nbsp;&nbsp; 0-0&nbsp;&nbsp;&nbsp;&nbsp; C\u00facuta Deportivo<\/p>\n<p>Valledupar F.C.&nbsp;&nbsp;&nbsp;&nbsp;&nbsp; 2-3&nbsp;&nbsp;&nbsp;&nbsp; C\u00facuta Deportivo<\/p>\n<p>Atl\u00e9tico FC&nbsp;&nbsp; 0-3&nbsp;&nbsp;&nbsp;&nbsp; C\u00facuta Deportivo<\/p>\n<p>En la Copa Colombia, Nono, no nos fue tan bien como hubi\u00e9ramos querido para aspirar a otro torneo internacional.<\/p>\n<p>Atl\u00e9tico FC&nbsp;&nbsp; 0-1&nbsp;&nbsp;&nbsp;&nbsp; C\u00facuta Deportivo<\/p>\n<p>C\u00facuta Deportivo&nbsp; 1-0&nbsp;&nbsp;&nbsp;&nbsp; Atl\u00e9tico FC<\/p>\n<p>Real Cartagena&nbsp;&nbsp;&nbsp;&nbsp;&nbsp;&nbsp; 0-1&nbsp;&nbsp;&nbsp;&nbsp; C\u00facuta Deportivo<\/p>\n<p>C\u00facuta Deportivo&nbsp; 2-1&nbsp;&nbsp;&nbsp;&nbsp; Real Cartagena<\/p>\n<p>Boyac\u00e1 Chic\u00f3 FC&nbsp;&nbsp;&nbsp; 2-1&nbsp;&nbsp;&nbsp;&nbsp; C\u00facuta Deportivo<\/p>\n<p>C\u00facuta Deportivo&nbsp; 2-2&nbsp;&nbsp;&nbsp;&nbsp; Boyac\u00e1 Chic\u00f3 FC<\/p>\n<p>De nuevo, Nono Rafa, gracias por haberme llevado al estadio. Te cuento que desde ese d\u00eda me gusta el f\u00fatbol y mi pap\u00e1 me regal\u00f3 un bal\u00f3n. Un d\u00eda de estos te invito para que me ense\u00f1es a patear como lo hac\u00edas en la Selecci\u00f3n Bel\u00e9n. Te prometo que dentro de tres mundiales estar\u00e1s en tribuna preferencial mientras disfrutas mi debut en la Selecci\u00f3n Colombia. La bendici\u00f3n.<\/p>\n<p><strong>Tu nieto SAMUEL YAMIT <\/strong> <\/p>\n","protected":false},"excerpt":{"rendered":"<p>Hola, Nono. Te escribo desde C\u00facuta, ciudad a la que te trajeron m\u00e1s chico que Yo, hace casi 60 a\u00f1os, y que s\u00e9 te duele lo que ocurre en esas calles que a diario recorres en busca de noticas, personajes para los perfiles, fuentes para los reportajes y hechos para las cr\u00f3nicas. Nono, en mis &hellip;<\/p>\n","protected":false},"author":1,"featured_media":32481,"comment_status":"open","ping_status":"open","sticky":false,"template":"","format":"standard","meta":{"footnotes":""},"categories":[4,28],"tags":[4168,3996,2509],"class_list":["post-32480","post","type-post","status-publish","format-standard","has-post-thumbnail","hentry","category-barra","category-vistazo-deportivo","tag-carta-a","tag-cucuta-deportivo-2018","tag-jose-augusto-cadena"],"_links":{"self":[{"href":"https:\/\/contraluzcucuta.co\/index.php?rest_route=\/wp\/v2\/posts\/32480","targetHints":{"allow":["GET"]}}],"collection":[{"href":"https:\/\/contraluzcucuta.co\/index.php?rest_route=\/wp\/v2\/posts"}],"about":[{"href":"https:\/\/contraluzcucuta.co\/index.php?rest_route=\/wp\/v2\/types\/post"}],"author":[{"embeddable":true,"href":"https:\/\/contraluzcucuta.co\/index.php?rest_route=\/wp\/v2\/users\/1"}],"replies":[{"embeddable":true,"href":"https:\/\/contraluzcucuta.co\/index.php?rest_route=%2Fwp%2Fv2%2Fcomments&post=32480"}],"version-history":[{"count":3,"href":"https:\/\/contraluzcucuta.co\/index.php?rest_route=\/wp\/v2\/posts\/32480\/revisions"}],"predecessor-version":[{"id":32495,"href":"https:\/\/contraluzcucuta.co\/index.php?rest_route=\/wp\/v2\/posts\/32480\/revisions\/32495"}],"wp:featuredmedia":[{"embeddable":true,"href":"https:\/\/contraluzcucuta.co\/index.php?rest_route=\/wp\/v2\/media\/32481"}],"wp:attachment":[{"href":"https:\/\/contraluzcucuta.co\/index.php?rest_route=%2Fwp%2Fv2%2Fmedia&parent=32480"}],"wp:term":[{"taxonomy":"category","embeddable":true,"href":"https:\/\/contraluzcucuta.co\/index.php?rest_route=%2Fwp%2Fv2%2Fcategories&post=32480"},{"taxonomy":"post_tag","embeddable":true,"href":"https:\/\/contraluzcucuta.co\/index.php?rest_route=%2Fwp%2Fv2%2Ftags&post=32480"}],"curies":[{"name":"wp","href":"https:\/\/api.w.org\/{rel}","templated":true}]}}