{"id":32478,"date":"2018-05-20T16:47:43","date_gmt":"2018-05-20T21:47:43","guid":{"rendered":"http:\/\/contraluzcucuta.co\/?p=32478"},"modified":"2018-05-20T16:47:43","modified_gmt":"2018-05-20T21:47:43","slug":"perfil-lorena-meritano-gustaria-tener-el-don-de-sanar-de-curar","status":"publish","type":"post","link":"https:\/\/contraluzcucuta.co\/?p=32478","title":{"rendered":"PERFIL. Lorena Meritano, me gustar\u00eda tener el don de sanar, de curar"},"content":{"rendered":"<p style=\"padding-left: 60px;\"><span style=\"color: #ff6600;\"><strong>C\u00daCUTA.-<\/strong> Lorena Meritano Gelfenben naci\u00f3 en Concordia, Entre R\u00edos (Argentina) y creci\u00f3 en una familia conformada por tres hermanos y padres humildes. Es la mayor. A los cuatro a\u00f1os fue bailarina. En 1985, fue modelo, tiempo despu\u00e9s se radic\u00f3 en Buenos Aires donde estudi\u00f3 y se gradu\u00f3 bachiller. M\u00e1s adelante la llevaron a las pasarelas de Italia, donde se convirti\u00f3 en la modelo m\u00e1s solicitada.<\/span><\/p>\n<p>El primer papel para televisi\u00f3n fue en 1994, en la novela mexicana \u2018Prisionera de amor\u2019. En 1995, particip\u00f3 en \u2018Maravillas diez y pico\u2019; en 1996, actu\u00f3 en \u2018Tric-Tac\u2019, y en 1997, hizo parte de \u2018Rivales por accidente\u2019, en M\u00e9xico D.F.&nbsp; En 1998, el productor argentino Ra\u00fal Lecouna le ofreci\u00f3 trabajar en la <a href=\"http:\/\/es.wikipedia.org\/wiki\/Telenovela\">novela<\/a> \u2018<a href=\"http:\/\/es.wikipedia.org\/wiki\/Mu%C3%B1eca_brava\">Mu\u00f1eca brava<\/a>\u2019 y ese mismo a\u00f1o actu\u00f3 en \u2018La mujer de mi vida\u2019, para Venevisi\u00f3n.<\/p>\n<p>En el 2001, lleg\u00f3 contratada a Colombia para la serie \u2018Ecomoda\u2019, y particip\u00f3 en \u2018La lectora\u2019, en el 2002. En el 2003, hizo parte de \u2018El aut\u00e9ntico Rodrigo Leal\u2019, y en 2004, interpret\u00f3 a Dinora Rosales en \u2018Pasi\u00f3n de gavilanes\u2019. En 2005, particip\u00f3 en el <em>reality show<\/em> \u2018La isla de los famosos\u2019.<\/p>\n<p>En 2006, trabaj\u00f3 en \u2018Merlina mujer divina\u2019 y en 2007 fue Mariela la envenenadora, en \u2018Mujeres asesinas\u2019. Hizo una participaci\u00f3n especial, como Julia en \u2018Mujeres de nadie\u2019, en 2008. En 2010, trabaj\u00f3 en \u2018Mujeres asesinas\u2019, versi\u00f3n mexicana. En 2011, volvi\u00f3 a las pantallas colombianas como Minerva Samper en \u2018Chepe Fortuna\u2019; particip\u00f3 en \u2018Casa de reinas\u2019, en 2012, y en 2013, fue Raquel en \u2018El d\u00eda de la suerte\u2019.<\/p>\n<p>Infortunadamente, en 2014, los m\u00e9dicos le diagnostican c\u00e1ncer de seno. Enfermedad que Lorena asumi\u00f3 con valent\u00eda, fuerza, humildad y fe. Esta guerrera no se pregunt\u00f3 \u00bfpor qu\u00e9 a m\u00ed?, sino \u00bfpara qu\u00e9 a m\u00ed? Ahora responde que, seguro, para ser m\u00e1s humana, m\u00e1s humilde, para ser m\u00e1s sana en las relaciones, tener m\u00e1s fe y ser m\u00e1s agradecida.<\/p>\n<p>\u201cHan sido cuatro a\u00f1os de proceso, que no han sido nada f\u00e1ciles, llenos de bendiciones, milagros, dolor, &nbsp;p\u00e9rdidas y de gente maravillosa que Dios ha puesto en mi camino, por supuesto mi familia, mis doctores y gente que reza por m\u00ed\u201d.<\/p>\n<p>Ha ganado cantidad de premios desde 1995, con el \u2018Palmas de oro\u2019, por la novela \u2018Prisionera de amor\u2019. En 1999, gan\u00f3 los galardones \u2018Gran \u00e1guila de oro\u2019, \u2018Premio Ace\u2019, \u2018Palmas de oro\u2019 y \u2018Mara de oro\u2019. En &nbsp;2000, obtuvo los reconocimientos \u2018Estrella de Venezuela\u2019, \u2018Sol de oro\u2019, \u2018Mara de oro\u2019, \u2018Palmas de oro\u2019 y \u2018Latin Ace Award\u2019.<\/p>\n<p>En el 2006 gan\u00f3 el \u2018India Catalina\u2019, en Cartagena, como mejor actriz antag\u00f3nica por \u2018Merlina, mujer divina\u2019 y en 2010, obtuvo el \u2018Premio a la excelencia universal.<\/p>\n<p>En este momento Lorena afronta la etapa m\u00e9dica, llamada remisi\u00f3n. Son revisiones cada tres y seis meses. En junio, tiene chequeos. \u201cMe tienen que hacer unos estudios, me han salido m\u00e1s bolas\u201d.<\/p>\n<p>En 2018, regres\u00f3 a las pantallas en la serie \u2018La bella y las bestias, de Univisi\u00f3n. Es una valiente que deslumbra con la admirable belleza; es sencilla, humilde, tierna y talentosa. La entrega, el compromiso y la pasi\u00f3n son algunas de las cualidades de esta noble artista.<\/p>\n<p>Parece irreal verla en C\u00facuta mientras \u201crecarga energ\u00eda en esta hermosa ciudad\u201d. Disfrut\u00f3 del sol y la piscina, tranquila. Lee \u2018El salvaje\u2019, de Guillermo Arraiga Jord\u00e1n. En la mu\u00f1eca izquierda porta una pa\u00f1oleta verde. Luce un hermoso traje de ba\u00f1o blanco. Cubre el rostro con lentes oscuros de tono caf\u00e9 y se protege con un sombrero grande, que a simple vista parece artesanal. Es imposible acercarse e interrumpirla en ese momento de tranquilidad por respeto y admiraci\u00f3n.<\/p>\n<p>Horas m\u00e1s tarde, la actriz argentina sale despampanante del ascensor. Humilde, sencilla, noble y cari\u00f1osa. Mide 1,80 metros, tez blanca, cabello casta\u00f1o oscuro, ahora luce una gorra verde manzana con el rostro de Marilyn Monroe. Los ojos verdes esmeralda tienen un brillo deslumbrante. Irradia con esa coqueta sonrisa que resalta con labial rosado. La delicadeza al caminar resalta el l\u00facido y esbelto cuerpo.<\/p>\n<p>Est\u00e1 vestida con blusa blanca, con grabados de rosas en hilos de colores alrededor del cuello. Lleva bolso beis de mano, con un estampado de la bandera de Colombia. El tono de las u\u00f1as es rosa p\u00e1lido. El pantal\u00f3n rojo y ajustado deja a la vista la belleza natural del cuerpo. Calza sandalias relajadas y sencillas, negro con dorado. Las u\u00f1as de los pies son doradas y combinan con el calzado.<\/p>\n<p>La modelo, actriz y presentadora de televisi\u00f3n es ejemplo de humildad y fe con el testimonio \u2018Lorena sobreviviente\u2019. El libro que saldr\u00e1 pronto al mercado llevar\u00e1 ese t\u00edtulo. \u201cLa finalidad es concientizar a la gente para que no les pase lo que me estaba pasando\u201d. El \u00fanico prop\u00f3sito del testimonio es generar conciencia para llevar un mensaje de esperanza.<\/p>\n<p>Lorena se considera adicta a los libros. La creencia por la Virgen de Guadalupe es firme. Su amigo canino se llama Fidel, que significa fiel. Es hincha apasionada de River Plate. Y si del principal rasgo del car\u00e1cter se trata, con mirada sincera respondi\u00f3, \u201csoy muy apasiona\u201d. Al entrar en detalles expres\u00f3 con firmeza y seguridad, que la cualidad que m\u00e1s aprecia en los hombres es la lealtad y en las mujeres, la honradez.<\/p>\n<p>De los amigos lo \u00fanico que espera es verdad. Como mayor defecto mencion\u00f3 la ansiedad y la ocupaci\u00f3n favorita es \u201cestar con mi familia\u201d. El ideal de felicidad es estar en paz. La manera de ser representa esa paz de la que habla. Sin embargo, opin\u00f3 que la mayor desgracia ser\u00eda no tener salud. Si la pusieran a elegir entre fama y la felicidad, escoger\u00eda ser feliz, y deja escapar otra tierna sonrisa. El color preferido es el verde y el azahar, la flor que m\u00e1s le llama la atenci\u00f3n.<\/p>\n<p>Entre los poetas prefiere a Benedetti, Neruda y Federico Garc\u00eda Lorca. En ficci\u00f3n los h\u00e9roes de Lorena son Batman y la Mujer Maravilla. En lo personal, el compositor favorito es Beethoven, pero s\u00ed de arte se trata Dal\u00ed es el pintor preferido.<\/p>\n<p>En la sociedad el h\u00e1bito ajeno que no soporta es la mentira y &nbsp;detesta la mentira. \u00bfQue don de la naturaleza le gustar\u00eda poseer? Respir\u00f3, pens\u00f3 unos segundos, toc\u00f3 la gorra con la mano izquierda y respondi\u00f3 \u201cel don de sanar, de curar\u201d.<\/p>\n<p>Al hablar del estado t\u00edpico de \u00e1nimo mir\u00f3 la c\u00e1mara, sonr\u00edo y dijo, \u201cagradecida\u201d. El lema de Lorena Meritano es \u201cSolo por hoy\u201d. Esa victoriosa sonrisa se acopl\u00f3 con la mirada de satisfacci\u00f3n que reflej\u00f3 al estar en C\u00facuta. La visita se cumpli\u00f3 por invitaci\u00f3n de la fundaci\u00f3n Pa\u00f1oletas de Colores, dirigida por M\u00f3nica Mujica. La finalidad era hablar desde su experiencia, con el prop\u00f3sito de generar conciencia para llevar un mensaje de esperanza a las mujeres que padecen c\u00e1ncer de seno. \u201cLo \u00fanico que me queda por decirle a este proceso es, gracias\u201d.<\/p>\n<p><strong>&nbsp;<\/strong><\/p>\n<p><strong>TAMAHITY CU\u00c9LLAR<\/strong><\/p>\n<p><strong>Comunicadora Social en formaci\u00f3n <\/strong><\/p>\n<p><strong>Universidad de Pamplona<\/strong><\/p>\n<p><strong>Campus de Villa del Rosario<\/strong> <\/p>\n","protected":false},"excerpt":{"rendered":"<p>C\u00daCUTA.- Lorena Meritano Gelfenben naci\u00f3 en Concordia, Entre R\u00edos (Argentina) y creci\u00f3 en una familia conformada por tres hermanos y padres humildes. Es la mayor. A los cuatro a\u00f1os fue bailarina. En 1985, fue modelo, tiempo despu\u00e9s se radic\u00f3 en Buenos Aires donde estudi\u00f3 y se gradu\u00f3 bachiller. M\u00e1s adelante la llevaron a las pasarelas &hellip;<\/p>\n","protected":false},"author":1,"featured_media":32419,"comment_status":"open","ping_status":"open","sticky":false,"template":"","format":"standard","meta":{"footnotes":""},"categories":[17,4],"tags":[4146,4147],"class_list":["post-32478","post","type-post","status-publish","format-standard","has-post-thumbnail","hentry","category-conversaciones-a-contraluz","category-barra","tag-lorena-meritano","tag-panoletas-de-colores"],"_links":{"self":[{"href":"https:\/\/contraluzcucuta.co\/index.php?rest_route=\/wp\/v2\/posts\/32478","targetHints":{"allow":["GET"]}}],"collection":[{"href":"https:\/\/contraluzcucuta.co\/index.php?rest_route=\/wp\/v2\/posts"}],"about":[{"href":"https:\/\/contraluzcucuta.co\/index.php?rest_route=\/wp\/v2\/types\/post"}],"author":[{"embeddable":true,"href":"https:\/\/contraluzcucuta.co\/index.php?rest_route=\/wp\/v2\/users\/1"}],"replies":[{"embeddable":true,"href":"https:\/\/contraluzcucuta.co\/index.php?rest_route=%2Fwp%2Fv2%2Fcomments&post=32478"}],"version-history":[{"count":1,"href":"https:\/\/contraluzcucuta.co\/index.php?rest_route=\/wp\/v2\/posts\/32478\/revisions"}],"predecessor-version":[{"id":32479,"href":"https:\/\/contraluzcucuta.co\/index.php?rest_route=\/wp\/v2\/posts\/32478\/revisions\/32479"}],"wp:featuredmedia":[{"embeddable":true,"href":"https:\/\/contraluzcucuta.co\/index.php?rest_route=\/wp\/v2\/media\/32419"}],"wp:attachment":[{"href":"https:\/\/contraluzcucuta.co\/index.php?rest_route=%2Fwp%2Fv2%2Fmedia&parent=32478"}],"wp:term":[{"taxonomy":"category","embeddable":true,"href":"https:\/\/contraluzcucuta.co\/index.php?rest_route=%2Fwp%2Fv2%2Fcategories&post=32478"},{"taxonomy":"post_tag","embeddable":true,"href":"https:\/\/contraluzcucuta.co\/index.php?rest_route=%2Fwp%2Fv2%2Ftags&post=32478"}],"curies":[{"name":"wp","href":"https:\/\/api.w.org\/{rel}","templated":true}]}}