{"id":32475,"date":"2018-05-20T09:03:17","date_gmt":"2018-05-20T14:03:17","guid":{"rendered":"http:\/\/contraluzcucuta.co\/?p=32475"},"modified":"2018-05-20T09:03:17","modified_gmt":"2018-05-20T14:03:17","slug":"cierre-de-frontera-embellecimiento-y-lavado-del-puente-simon-bolivar","status":"publish","type":"post","link":"https:\/\/contraluzcucuta.co\/?p=32475","title":{"rendered":"CIERRE DE FRONTERA. \u00a0Embellecimiento y lavado del puente Sim\u00f3n Bol\u00edvar"},"content":{"rendered":"<p style=\"padding-left: 60px;\"><span style=\"color: #ff6600;\"><strong>C\u00daCUTA.-<\/strong> Uniformados de la Polic\u00eda Metropolitana de C\u00facuta adelantaron, en el puente internacional Sim\u00f3n Bol\u00edvar, en l\u00edmites del corregimiento de La Parada (Villa del Rosario) y San Antonio del T\u00e1chira, una jornada de embellecimiento y recuperaci\u00f3n del espacio p\u00fablico.<\/span><\/p>\n<p>La tarea se cumpli\u00f3 con ocasi\u00f3n del cierre de la frontera por los comicios, este 20 de mayo en Venezuela. Agentes de la Estaci\u00f3n de Villa del Rosario, Unidad Nacional de Intervenci\u00f3n Policial, Auxiliares Bachilleres de Polic\u00eda, funcionarios de la administraci\u00f3n municipal, voluntarios del Cuerpo de Bomberos, operarios de empresas de aseo y comunidad se integraron para la recuperaci\u00f3n del paso sobre el r\u00edo T\u00e1chira.<\/p>\n<p>La actividad obtuvo como resultado la recuperaci\u00f3n del espacio p\u00fablico y de las zonas peatonales. En aplicaci\u00f3n del C\u00f3digo Nacional de Polic\u00eda y Convivencia se cumpli\u00f3 el prop\u00f3sito de incentivar en la conciencia ciudadana la necesidad de cuidar, mantener y apropiarse de las zonas p\u00fablicas d\u00e1ndoles mejor uso y disfrutar del aire libre en \u00e1reas limpias y funcionales. <\/p>\n","protected":false},"excerpt":{"rendered":"<p>C\u00daCUTA.- Uniformados de la Polic\u00eda Metropolitana de C\u00facuta adelantaron, en el puente internacional Sim\u00f3n Bol\u00edvar, en l\u00edmites del corregimiento de La Parada (Villa del Rosario) y San Antonio del T\u00e1chira, una jornada de embellecimiento y recuperaci\u00f3n del espacio p\u00fablico. La tarea se cumpli\u00f3 con ocasi\u00f3n del cierre de la frontera por los comicios, este 20 &hellip;<\/p>\n","protected":false},"author":1,"featured_media":32476,"comment_status":"open","ping_status":"open","sticky":false,"template":"","format":"standard","meta":{"footnotes":""},"categories":[11],"tags":[323,163,177],"class_list":["post-32475","post","type-post","status-publish","format-standard","has-post-thumbnail","hentry","category-cronica-roja","tag-mecuc","tag-policia-metropolitana","tag-puente-simon-bolivar"],"_links":{"self":[{"href":"https:\/\/contraluzcucuta.co\/index.php?rest_route=\/wp\/v2\/posts\/32475","targetHints":{"allow":["GET"]}}],"collection":[{"href":"https:\/\/contraluzcucuta.co\/index.php?rest_route=\/wp\/v2\/posts"}],"about":[{"href":"https:\/\/contraluzcucuta.co\/index.php?rest_route=\/wp\/v2\/types\/post"}],"author":[{"embeddable":true,"href":"https:\/\/contraluzcucuta.co\/index.php?rest_route=\/wp\/v2\/users\/1"}],"replies":[{"embeddable":true,"href":"https:\/\/contraluzcucuta.co\/index.php?rest_route=%2Fwp%2Fv2%2Fcomments&post=32475"}],"version-history":[{"count":1,"href":"https:\/\/contraluzcucuta.co\/index.php?rest_route=\/wp\/v2\/posts\/32475\/revisions"}],"predecessor-version":[{"id":32477,"href":"https:\/\/contraluzcucuta.co\/index.php?rest_route=\/wp\/v2\/posts\/32475\/revisions\/32477"}],"wp:featuredmedia":[{"embeddable":true,"href":"https:\/\/contraluzcucuta.co\/index.php?rest_route=\/wp\/v2\/media\/32476"}],"wp:attachment":[{"href":"https:\/\/contraluzcucuta.co\/index.php?rest_route=%2Fwp%2Fv2%2Fmedia&parent=32475"}],"wp:term":[{"taxonomy":"category","embeddable":true,"href":"https:\/\/contraluzcucuta.co\/index.php?rest_route=%2Fwp%2Fv2%2Fcategories&post=32475"},{"taxonomy":"post_tag","embeddable":true,"href":"https:\/\/contraluzcucuta.co\/index.php?rest_route=%2Fwp%2Fv2%2Ftags&post=32475"}],"curies":[{"name":"wp","href":"https:\/\/api.w.org\/{rel}","templated":true}]}}