{"id":32469,"date":"2018-05-20T08:13:13","date_gmt":"2018-05-20T13:13:13","guid":{"rendered":"http:\/\/contraluzcucuta.co\/?p=32469"},"modified":"2018-05-20T08:13:13","modified_gmt":"2018-05-20T13:13:13","slug":"plantar-apuesta-para-el-desarrollo-productivo-y-sostenible-en-seis-municipios","status":"publish","type":"post","link":"https:\/\/contraluzcucuta.co\/?p=32469","title":{"rendered":"\u2018PLANTAR\u2019. Apuesta para el desarrollo productivo y\u00a0 sostenible \u00a0en seis municipios"},"content":{"rendered":"<p style=\"padding-left: 60px;\"><span style=\"color: #ff6600;\"><strong>C\u00daCUTA.-<\/strong> El programa \u2018Plantar\u2019 ha permitido la georreferenciaci\u00f3n y captura de im\u00e1genes&nbsp; multiespectrales para determinar las caracter\u00edsticas de la vegetaci\u00f3n y los suelos de seis municipios de Norte de Santander. De esa manera pueden iniciarse procesos de fertilizaci\u00f3n y fumigaci\u00f3n de terrenos para el fortalecimiento del desarrollo social y productivo de los&nbsp;agricultores.<\/span><\/p>\n<p>Los avances de las acciones fueron socializados por el gobernador William Villamizar Laguado y la secretaria TIC, Marina Lozano. Los funcionarios resaltaron la importancia de canalizar acciones en favor de las familias agricultoras de la regi\u00f3n.<\/p>\n<p>La Secretar\u00eda TIC, en la calidad de gerente del proyecto, y la Universidad de Pamplona, como operador, iniciaron el proceso de&nbsp; sobrevuelos con drones en Arboledas, La Esperanza, La Playa, Mutiscua y Oca\u00f1a.<\/p>\n<p>Los sobrevuelos facilitan la captura de im\u00e1genes y ayudan a avanzar en la fertilizaci\u00f3n y la fumigaci\u00f3n de los terrenos. \u201cLa tecnolog\u00eda permite hacer un mejor uso de las t\u00e9cnicas, y evita procesos innecesarios que puedan llegar a contaminar y deteriorar el campo\u201d, dijo Lozano.<\/p>\n<p>\u2018Plantar\u2019 es una apuesta para el desarrollo productivo y&nbsp; sostenible del sector agr\u00edcola. La iniciativa permitir\u00e1 que sean estudiadas y analizadas 180 hect\u00e1reas, para implementar cultivos agroec\u00f3logicos, junto a 90 familias de los municipios priorizados.<\/p>\n<p>&nbsp; <\/p>\n","protected":false},"excerpt":{"rendered":"<p>C\u00daCUTA.- El programa \u2018Plantar\u2019 ha permitido la georreferenciaci\u00f3n y captura de im\u00e1genes&nbsp; multiespectrales para determinar las caracter\u00edsticas de la vegetaci\u00f3n y los suelos de seis municipios de Norte de Santander. De esa manera pueden iniciarse procesos de fertilizaci\u00f3n y fumigaci\u00f3n de terrenos para el fortalecimiento del desarrollo social y productivo de los&nbsp;agricultores. Los avances de &hellip;<\/p>\n","protected":false},"author":1,"featured_media":32470,"comment_status":"open","ping_status":"open","sticky":false,"template":"","format":"standard","meta":{"footnotes":""},"categories":[2630],"tags":[379,4166],"class_list":["post-32469","post","type-post","status-publish","format-standard","has-post-thumbnail","hentry","category-gobernacion","tag-gobernacion-de-norte-de-santander","tag-plantar"],"_links":{"self":[{"href":"https:\/\/contraluzcucuta.co\/index.php?rest_route=\/wp\/v2\/posts\/32469","targetHints":{"allow":["GET"]}}],"collection":[{"href":"https:\/\/contraluzcucuta.co\/index.php?rest_route=\/wp\/v2\/posts"}],"about":[{"href":"https:\/\/contraluzcucuta.co\/index.php?rest_route=\/wp\/v2\/types\/post"}],"author":[{"embeddable":true,"href":"https:\/\/contraluzcucuta.co\/index.php?rest_route=\/wp\/v2\/users\/1"}],"replies":[{"embeddable":true,"href":"https:\/\/contraluzcucuta.co\/index.php?rest_route=%2Fwp%2Fv2%2Fcomments&post=32469"}],"version-history":[{"count":1,"href":"https:\/\/contraluzcucuta.co\/index.php?rest_route=\/wp\/v2\/posts\/32469\/revisions"}],"predecessor-version":[{"id":32471,"href":"https:\/\/contraluzcucuta.co\/index.php?rest_route=\/wp\/v2\/posts\/32469\/revisions\/32471"}],"wp:featuredmedia":[{"embeddable":true,"href":"https:\/\/contraluzcucuta.co\/index.php?rest_route=\/wp\/v2\/media\/32470"}],"wp:attachment":[{"href":"https:\/\/contraluzcucuta.co\/index.php?rest_route=%2Fwp%2Fv2%2Fmedia&parent=32469"}],"wp:term":[{"taxonomy":"category","embeddable":true,"href":"https:\/\/contraluzcucuta.co\/index.php?rest_route=%2Fwp%2Fv2%2Fcategories&post=32469"},{"taxonomy":"post_tag","embeddable":true,"href":"https:\/\/contraluzcucuta.co\/index.php?rest_route=%2Fwp%2Fv2%2Ftags&post=32469"}],"curies":[{"name":"wp","href":"https:\/\/api.w.org\/{rel}","templated":true}]}}