{"id":32451,"date":"2018-05-14T17:57:38","date_gmt":"2018-05-14T22:57:38","guid":{"rendered":"http:\/\/contraluzcucuta.co\/?p=32451"},"modified":"2018-05-14T17:57:38","modified_gmt":"2018-05-14T22:57:38","slug":"mano-mano-con-tanucci-el-entrenador-depende-mucho-del-futbolista","status":"publish","type":"post","link":"https:\/\/contraluzcucuta.co\/?p=32451","title":{"rendered":"MANO A MANO CON TANUCCI. El entrenador depende mucho del\u00a0\u00a0 futbolista"},"content":{"rendered":"<p style=\"padding-left: 60px;\"><span style=\"color: #ff6600;\"><strong>C\u00daCUTA.-<\/strong> El f\u00fatbol da muchas vueltas y esta historia no es la excepci\u00f3n. Mientras ayer dirig\u00eda a Lucas Pusineri como jugador, hoy el deporte los vuelve a unir, pero esta vez para ascender al \u00fanico campe\u00f3n que tiene el oriente colombiano. Para Rub\u00e9n Tanucci llevar al C\u00facuta Deportivo a la m\u00e1xima categor\u00eda es un reto bonito y espera con su experiencia aportar para cumplir la meta.<\/span><\/p>\n<p><strong>\u00bfQu\u00e9 recuerda de su etapa como futbolista profesional?<\/strong><\/p>\n<ul>\n<li><em>Fue una etapa hermosa. Es un camino largo que uno recorre antes de ser profesional con sacrificio, dedicaci\u00f3n y responsabilidad. Despu\u00e9s, hay que sostenerlo.<\/em><\/li>\n<\/ul>\n<p><strong>\u00bfPor qu\u00e9 le llamo la atenci\u00f3n la posici\u00f3n de defensa?<\/strong><\/p>\n<ul>\n<li><em>Hay dos motivos. Uno, porque era un jugador que no ten\u00eda habilidad. Lo otro, por la altura. Un jugador con la altura m\u00eda ten\u00eda que jugar de central. La mayor\u00eda de los defensores centrales tienen poca habilidad. <\/em><\/li>\n<\/ul>\n<p><strong>\u00bfRecuerda su primer partido como profesional?<\/strong><\/p>\n<ul>\n<li><em>Ten\u00eda 20 a\u00f1os. Toda mi carrera de divisiones inferiores la hice en Independiente y me toc\u00f3 ir a pr\u00e9stamo a un equipo del interior. Ah\u00ed debute contra San Lorenzo de Almagro. Perdimos. Pero es el primer momento de uno, la alegr\u00eda y los nervios que se entremezclan para el d\u00eda del debut. <\/em><\/li>\n<\/ul>\n<p><strong>\u00bfQu\u00e9 director t\u00e9cnico le dio la oportunidad de debutar?<\/strong><\/p>\n<ul>\n<li><em>Osvaldo D\u00edaz dirig\u00eda ese equipo en&nbsp; aquel momento.<\/em><\/li>\n<\/ul>\n<p><strong>\u00bfQue tanto le aport\u00f3 haber crecido en Independiente?<\/strong><\/p>\n<ul>\n<li><em>Creo que todo. Ingres\u00e9 cuando ten\u00eda 10 u 11 a\u00f1os. Hice toda mi carrera como juvenil y mi primera experiencia en un plantel profesional. As\u00ed que le debo todo, igualmente en mi formaci\u00f3n como persona, como futbolista como todo.<\/em><\/li>\n<\/ul>\n<p><strong>\u00bfQu\u00e9 tiene el hincha de Independiente que lo hace diferente a los dem\u00e1s fan\u00e1ticos del f\u00fatbol argentino?<\/strong><\/p>\n<ul>\n<li><em>El hincha de Independiente est\u00e1 acostumbrado a ganar, a tener \u00e9pocas de gloria. Es un simpatizante ganador. Le gusta el buen f\u00fatbol. Y esa es la exigencia que pone en todos los partidos<\/em>.<\/li>\n<\/ul>\n<p><strong>\u00bfPor qu\u00e9 se da su llegada a Hurac\u00e1n?<\/strong><\/p>\n<ul>\n<li><em>En ese momento el t\u00e9cnico me llam\u00f3, me pidi\u00f3 y me pregunto si quer\u00eda jugar en Hurac\u00e1n. En ese momento el \u2018Globo\u2019 estaba en segunda divisi\u00f3n, pero es un equipo grande y para m\u00ed era un honor vestir esa camiseta. As\u00ed que sumamente agradecido con el t\u00e9cnico y con la gente de ese entonces.<\/em><\/li>\n<\/ul>\n<p><strong>\u00bfC\u00f3mo fue su llegada y qu\u00e9&nbsp; recuerdos le trae el paso por Uni\u00f3n Espa\u00f1ola, en Chile?<\/strong><\/p>\n<ul>\n<li><em>Me contact\u00f3 un empresario cuando jugaba para Racing de C\u00f3rdoba y me habl\u00f3 de ir a jugar a Uni\u00f3n Espa\u00f1ola. Habl\u00f3 con el presidente del club de C\u00f3rdoba, obviamente el dio el visto bueno. As\u00ed que se dio la posibilidad de ir a Chile. Uni\u00f3n Espa\u00f1ola tiene un significado especial para m\u00ed. Llego a Chile y dejo el f\u00fatbol portando la camisa de Uni\u00f3n. Por eso el paso por Chile fue significativo, porque ah\u00ed se criaron mis hijos. Tuve una linda etapa en la que cosech\u00e9 buenos amigos.<\/em><\/li>\n<\/ul>\n<p><strong>\u00bfQu\u00e9 recuerdos le trae el paso por Alianza Lima, en Per\u00fa?<\/strong><\/p>\n<ul>\n<li><em>Fue un desaf\u00edo y paso importante por un equipo grande. Lamentablemente, no me fue bien, me lesion\u00e9, no tuve buen rendimiento como futbolista. Desde lo deportivo, el balance no fue positivo, pero como experiencia de vida es una de las tantas cosas que me han sumado.<\/em><\/li>\n<\/ul>\n<p><strong>\u00bfFue dif\u00edcil mantener la comunicaci\u00f3n con los hijos cuando se encontraba en Uni\u00f3n Espa\u00f1ola?<\/strong><\/p>\n<ul>\n<li><em> En Chile estuve casi 9 a\u00f1os y fue la etapa de infancia de mis hijos. Obvio, uno est\u00e1 con los chicos. En ese momento a lo mejor no se concentraba tanto como ahora en los equipos. Ten\u00eda comunicaci\u00f3n fluida con mis hijos. As\u00ed que eso nunca nos afect\u00f3 para nada.<\/em><\/li>\n<\/ul>\n<p><strong>\u00bfQu\u00e9 lo motiv\u00f3 a retirarse del f\u00fatbol profesional? <\/strong><\/p>\n<ul>\n<li><em>Una lesi\u00f3n de rodilla cuando ten\u00eda 34 a\u00f1os. Ten\u00eda una recuperaci\u00f3n de 7 meses. As\u00ed que en ese momento tom\u00e9 la decisi\u00f3n de abandonar el f\u00fatbol y empezar a tomar la preparaci\u00f3n para ser director t\u00e9cnico. <\/em><\/li>\n<\/ul>\n<p><strong>\u00bfC\u00f3mo&nbsp; fue ese primer paso como t\u00e9cnico en Independiente?<\/strong><\/p>\n<ul>\n<li><em>Cuando comenc\u00e9 el curso de entrenador lo hice con el pensamiento de formar una escuela de f\u00fatbol. Trat\u00e9 de capacitarme antes de lanzarme a armar algo de ese tipo. Era importante la capacitaci\u00f3n para trabajar con los chicos. Manuel Rosendo Mag\u00e1n (exjugador del C\u00facuta Deportivo) me ofreci\u00f3 que lo acompa\u00f1ara a dirigir infantiles en Independiente. Por haber estado tanto tiempo en Avellaneda y haber crecido all\u00ed, no lo dud\u00e9 ni un instante. Empec\u00e9 en ese momento a dirigir, me dio mucho orgullo y fue un honor dirigir todas las categor\u00edas de los chicos. Arranqu\u00e9 con los chiquiticos de 8 a\u00f1os hasta un plantel profesional. <\/em><\/li>\n<\/ul>\n<p><strong>\u00bfC\u00f3mo es la manera correcta de hablarle a un ni\u00f1o de 8 a\u00f1os para que mantenga la idea de que el f\u00fatbol es un juego? <\/strong><\/p>\n<ul>\n<li><em>Tengo una concepci\u00f3n y es que no hay que hacerles entender tanto a los chicos que es un juego, ellos saben que es un juego. El tema es dramatizar el juego y el resultado. El problema mayor lo tienen los padres, porque no entienden que es un juego y presionan demasiado a los chicos. Muchas veces, hay que educar m\u00e1s a los padres que a los chicos. <\/em><\/li>\n<\/ul>\n<p><strong>\u00bfC\u00f3mo lleg\u00f3 a dirigir y c\u00f3mo fue el proceso en Jaguares, en M\u00e9xico? <\/strong><\/p>\n<ul>\n<li><em>En M\u00e9xico tuve dos procesos. El primero fue en Chiapas, la idea inicial era el armado de la escuela de f\u00fatbol. Era un proyecto del Gobierno, pero al final no se pudo llevar a cabo y empec\u00e9 a trabajar en el club. Tuve la posibilidad de trabajar con la reserva y con un equipo filial que ten\u00edan en segunda divisi\u00f3n. La otra etapa fue hace poco antes de venir a C\u00facuta, la hice en Reynosa donde trabaj\u00e9 con el equipo profesional.<\/em><\/li>\n<\/ul>\n<p><strong>Usted ha dirigido f\u00fatbol profesional, reservas, infantil y juvenil \u00bfCon cu\u00e1l se siente mejor?<\/strong><\/p>\n<ul>\n<li><em>Con todas me siento c\u00f3modo. Cada una de las edades de los futbolistas tiene una necesidad especial y para eso hay que capacitarse. En la actualidad hago parte de la escuela de entrenadores del f\u00fatbol argentino. Entonces, la capacitaci\u00f3n debe ser constante. Antes de llegar a C\u00facuta ten\u00eda una escuela de f\u00fatbol que estaba en crecimiento. Me gusta trabajar el f\u00fatbol en general. Hay dos etapas que son la de crecimiento, que es en infantil, y de exigencia, que es la profesional. <\/em><\/li>\n<\/ul>\n<p><strong>\u00bfQu\u00e9 errores&nbsp; cometen los entrenadores a la hora del manejo de grupo que hacen fracasar el proceso en un equipo profesional?<\/strong><\/p>\n<ul>\n<li><em>El entrenador depende mucho del futbolista. No alcanza solo con llevar adelante buenos entrenamientos, ni tener un repertorio o conocimiento futbol\u00edstico para esto. Influye m\u00e1s el manejo del plantel. Creo que en eso Lucas (Pusineri) tiene un buen manejo de grupo y le responden de buena manera. Eso se ve reflejado en la <\/em><\/li>\n<\/ul>\n<p><strong>\u00bfEs cierto que usted dirigi\u00f3 a Lucas Pusineri en Independiente?<\/strong><\/p>\n<ul>\n<li><em>S\u00ed. Cuando me toc\u00f3 estar como asistente t\u00e9cnico. El t\u00e9cnico en ese momento era Santoro y Lucas estaba como futbolista. Ah\u00ed nos conocimos. Despu\u00e9s, el tiempo y el destino nos puso juntos para trabajar como cuerpo t\u00e9cnico.<\/em><\/li>\n<\/ul>\n<p><strong>\u00bfEn qu\u00e9 ha cambiado Lucas Pusineri ahora como entrenador?<\/strong><\/p>\n<ul>\n<li><em>No s\u00e9 si ha cambiado. Como futbolista ha sido aplicado en el trabajo, buen profesional. Hoy, como entrenador, es exactamente igual. En el f\u00fatbol hay pilares que se deben respetar, la responsabilidad, el profesionalismo y vivir el f\u00fatbol para poder vivir del futbol. Es una frase que la repito a los futbolistas. <\/em><\/li>\n<\/ul>\n<p><strong>\u00bfQue lo motiv\u00f3 para aceptar la propuesta de trabajo con Lucas Pusineri y dirigir al C\u00facuta? <\/strong><\/p>\n<ul>\n<li><em>Hac\u00eda un a\u00f1o que ven\u00edamos en conversaciones, porque cuando decidi\u00f3 dedicarse a ser entrenador yo trabajaba en juveniles (no me acuerdo si en Hurac\u00e1n o Independiente). Nos sentamos y me ofreci\u00f3 ser parte del cuerpo t\u00e9cnico cuando tuviera una posibilidad de dirigir. No dud\u00e9 en decirle que s\u00ed. Despu\u00e9s sali\u00f3 la oportunidad del C\u00facuta y, bueno, aqu\u00ed estamos. <\/em><\/li>\n<\/ul>\n<p><strong>\u00bfC\u00f3mo cuerpo t\u00e9cnico que los motiv\u00f3 a decirle s\u00ed a la propuesta de dirigir al C\u00facuta Deportivo?<\/strong><\/p>\n<ul>\n<li><em>Cuando se dio la posibilidad y Lucas me lo plante\u00f3, creo que coincidimos en que era una posibilidad importante, porque era un equipo grande de Colombia. Conoc\u00edamos su nombre en la Argentina. Ver al equipo nos pareci\u00f3 un buen desaf\u00edo para hacer el esfuerzo para que ascienda.<\/em><\/li>\n<\/ul>\n<p><strong>\u00bfC\u00f3mo fue ese primer entrenamiento con el grupo? \u00bfHubo nervios?<\/strong><\/p>\n<ul>\n<li><em>De parte m\u00eda no hubo nervios. Porque llevo tiempo en este trabajo. Fue un entrenamiento normal desde mi lugar. S\u00ed nos dimos cuenta de una vez que este grupo era serio y con ganas de hacer las cosas bien. Con predisposici\u00f3n hacia el trabajo para que uno pueda trabajar tranquilo desde la parte t\u00e9cnica.<\/em><\/li>\n<\/ul>\n<p><strong>\u00bfLe hubiera gustado ir a un mundial?<\/strong><\/p>\n<ul>\n<li><em>Claro, a qui\u00e9n no. Pero bueno era consciente de mis limitaciones futbol\u00edsticas y sab\u00eda hasta d\u00f3nde pod\u00eda dar. Siempre digo que estoy agradecido con el f\u00fatbol, porque me ha dado m\u00e1s de lo que merec\u00eda por mis condiciones futbol\u00edsticas. Pero tambi\u00e9n le dediqu\u00e9 mi vida. Creo que fue algo reciproco. <\/em><\/li>\n<\/ul>\n<p><strong>\u00bfQu\u00e9 opini\u00f3n tiene sobre el futbolista cucute\u00f1o?<\/strong><\/p>\n<ul>\n<li><em>A los jugadores del plantel los veo con muchas ansias de progresar. Hemos visto los chicos Sub 20 que est\u00e1n ac\u00e1 en el club y tienen esos deseos de hacer parte del f\u00fatbol profesional colombiano. <\/em><\/li>\n<\/ul>\n<p><strong>\u00bfC\u00f3mo podemos describir a Rub\u00e9n Tanucci?<\/strong><\/p>\n<ul>\n<li>Simplemente, como alguien que se dedica de lleno a su profesi\u00f3n. Amo y vivo para esta profesi\u00f3n, as\u00ed que me parece que es tratar de mostrar profesionalismo y respeto a los futbolistas que son los que nos dan vida.<\/li>\n<\/ul>\n<p><strong>JORDY ORLANDO CRUZ<\/strong> <\/p>\n","protected":false},"excerpt":{"rendered":"<p>C\u00daCUTA.- El f\u00fatbol da muchas vueltas y esta historia no es la excepci\u00f3n. Mientras ayer dirig\u00eda a Lucas Pusineri como jugador, hoy el deporte los vuelve a unir, pero esta vez para ascender al \u00fanico campe\u00f3n que tiene el oriente colombiano. Para Rub\u00e9n Tanucci llevar al C\u00facuta Deportivo a la m\u00e1xima categor\u00eda es un reto &hellip;<\/p>\n","protected":false},"author":1,"featured_media":32452,"comment_status":"open","ping_status":"open","sticky":false,"template":"","format":"standard","meta":{"footnotes":""},"categories":[4,28],"tags":[3996,1988,3997,4163],"class_list":["post-32451","post","type-post","status-publish","format-standard","has-post-thumbnail","hentry","category-barra","category-vistazo-deportivo","tag-cucuta-deportivo-2018","tag-futbol-de-segunda","tag-lucas-pusineri","tag-ruben-tanucci"],"_links":{"self":[{"href":"https:\/\/contraluzcucuta.co\/index.php?rest_route=\/wp\/v2\/posts\/32451","targetHints":{"allow":["GET"]}}],"collection":[{"href":"https:\/\/contraluzcucuta.co\/index.php?rest_route=\/wp\/v2\/posts"}],"about":[{"href":"https:\/\/contraluzcucuta.co\/index.php?rest_route=\/wp\/v2\/types\/post"}],"author":[{"embeddable":true,"href":"https:\/\/contraluzcucuta.co\/index.php?rest_route=\/wp\/v2\/users\/1"}],"replies":[{"embeddable":true,"href":"https:\/\/contraluzcucuta.co\/index.php?rest_route=%2Fwp%2Fv2%2Fcomments&post=32451"}],"version-history":[{"count":1,"href":"https:\/\/contraluzcucuta.co\/index.php?rest_route=\/wp\/v2\/posts\/32451\/revisions"}],"predecessor-version":[{"id":32453,"href":"https:\/\/contraluzcucuta.co\/index.php?rest_route=\/wp\/v2\/posts\/32451\/revisions\/32453"}],"wp:featuredmedia":[{"embeddable":true,"href":"https:\/\/contraluzcucuta.co\/index.php?rest_route=\/wp\/v2\/media\/32452"}],"wp:attachment":[{"href":"https:\/\/contraluzcucuta.co\/index.php?rest_route=%2Fwp%2Fv2%2Fmedia&parent=32451"}],"wp:term":[{"taxonomy":"category","embeddable":true,"href":"https:\/\/contraluzcucuta.co\/index.php?rest_route=%2Fwp%2Fv2%2Fcategories&post=32451"},{"taxonomy":"post_tag","embeddable":true,"href":"https:\/\/contraluzcucuta.co\/index.php?rest_route=%2Fwp%2Fv2%2Ftags&post=32451"}],"curies":[{"name":"wp","href":"https:\/\/api.w.org\/{rel}","templated":true}]}}