{"id":32448,"date":"2018-05-14T17:03:17","date_gmt":"2018-05-14T22:03:17","guid":{"rendered":"http:\/\/contraluzcucuta.co\/?p=32448"},"modified":"2018-05-14T17:03:17","modified_gmt":"2018-05-14T22:03:17","slug":"perfil-pablo-tarazona-no-imagino-al-mundo-sin-musica","status":"publish","type":"post","link":"https:\/\/contraluzcucuta.co\/?p=32448","title":{"rendered":"PERFIL. Pablo Tarazona: No imagino al mundo sin m\u00fasica"},"content":{"rendered":"<p style=\"padding-left: 60px;\"><span style=\"color: #ff6600;\"><strong>C\u00daCUTA.-<\/strong> El maestro Pablo&nbsp; Tarazona Prada, compositor del himno de C\u00facuta,&nbsp; cumple con sus labores acad\u00e9micas en el conservatorio. Despu\u00e9s de largos minutos de pr\u00e1ctica con la sobrina y sin obtener el resultado esperado, baja al primer piso a descansar. Una vez all\u00ed, escuch\u00f3 la pieza y pens\u00f3 en que por fin la sobrina hab\u00eda aprendido, pero cuando subi\u00f3 encontr\u00f3 frente al instrumento a su primer hijo var\u00f3n, Pablo, quien ten\u00eda 4 a\u00f1os y por primera vez tocaba.<\/span><\/p>\n<p>Pablo naci\u00f3 en C\u00facuta, el 18 de septiembre 1964, con la m\u00fasica corri\u00e9ndole por las venas, heredada de los abuelos. Su padre era m\u00e1ster en m\u00fasica del Peabody Institute de Baltimore (Estados Unidos), y su madre Gladis Nubia G\u00f3mez, soprano y violinista en la Orquesta Sinf\u00f3nica. As\u00ed que desde joven fue inevitable sumergirse en el oc\u00e9ano infinito de la m\u00fasica.&nbsp;<\/p>\n<p>A los 7 a\u00f1os, dio el primer recital de piano en el teatro Zulima; a los 10, escrib\u00eda y armonizaba peque\u00f1as obras, y aunque se hab\u00eda convertido en m\u00fasico semi profesional; a los 16, se interes\u00f3 por ser parte de la fuerza a\u00e9rea. Se present\u00f3 y para sorpresa de la familia pas\u00f3. Por una raz\u00f3n mayor, llamada mam\u00e1, quien se opuso, decidi\u00f3 desertar y&nbsp; escogi\u00f3 medicina, como la de la mayor\u00eda de los primos. Termin\u00f3 en&nbsp; ingenier\u00eda civil, por el gusto a las m\u00e1quinas.<\/p>\n<p>El fallecimiento de su amado padre lo llev\u00f3 a remplazarlo como director de la Orquesta Filarm\u00f3nica del Instituto de Cultura y Bellas Artes de C\u00facuta. Ten\u00eda 19 a\u00f1os. Esta responsabilidad acarreaba viajes y compromisos que lo llevaron a tomar la decisi\u00f3n de inclinarse por aquello que amaba y dej\u00f3 la carrera universitaria a mitad de camino.<\/p>\n<p>Para continuar con el sue\u00f1o se traslad\u00f3 a Bogot\u00e1 a estudiar en el Conservatorio Nacional en Bogot\u00e1, con el maestro Dimitri Manolov. All\u00ed, logro ser pianista concertino en la Orquesta Sinf\u00f3nica Nacional de Colombia; adem\u00e1s, se perfeccion\u00f3 como productor discogr\u00e1fico e ingeniero de sonido, arreglista y compositor. Trabaj\u00f3 con m\u00fasica comercial, produjo, dirigi\u00f3 y&nbsp; grab\u00f3 rancheras, merengue, rock, pop, salsa, folclor colombiano, jazz y bandas sonoras para cortometrajes.<\/p>\n<p>Los conciertos de piano lo llevaron a viajar por el mundo y a presentarse en toda clase de espacios convencionales o no. Incluso, fue concertino de la Orquesta Sinf\u00f3nica en San Juan de Puerto Rico y declarado \u2018Hu\u00e9sped distinguido\u2019. Como premio recibi\u00f3 las llaves de Ponce, en la isla del encanto.<\/p>\n<p>Luego de m\u00e1s de 30 a\u00f1os de experiencia regres\u00f3 a la tierra natal, en el 2012, a ese lugar donde su padre hab\u00eda dejado un legado musical que ahora deb\u00eda continuar. Lleg\u00f3 a C\u00facuta para hacer unos trabajos y de repente se abrieron puertas con ofertas laborales y decidi\u00f3 quedarse. Recordaba que su padre, cuando era peque\u00f1o, le dec\u00eda que deb\u00eda aportar un grano de arena a la cultura de la ciudad, y como la historia tiende a repetirse decidi\u00f3 continuar la tradici\u00f3n, volvi\u00f3 a los ancestros cl\u00e1sicos y form\u00f3 el Sistema Pedag\u00f3gico Orquestal.&nbsp;<\/p>\n<p>Empez\u00f3 con 30 alumnos, a los que no les cobraba. Se expandi\u00f3 y requer\u00eda m\u00e1s docentes y la planta f\u00edsica. La escuela crec\u00eda y generaba ingresos suficientes para mantenerla. Actualmente, es la \u00fanica escuela que cuenta con dos sinf\u00f3nicas propias y la coral polif\u00f3nica, con 25 voces. La mayor\u00eda de los familiares hace parte del grupo.&nbsp; Esto gener\u00f3 en la ciudad un nivel de formaci\u00f3n acad\u00e9mica que se acrecent\u00f3 poco a poco.<\/p>\n<p>A los 53 a\u00f1os, es un tipo insistido. Cuando se le mete algo en la cabeza no descansa hasta cumplirlo y el alcanzar esas metas lo llena de felicidad.&nbsp; Aunque es un hombre cari\u00f1oso, humilde y amistoso con los alumnos, genera un v\u00ednculo con ellos que cuando se trata de la parte sinf\u00f3nica se convierte en un ser exigente.<\/p>\n<p>\u201cEs un mal necesario para avanzar, rompiendo los esquemas mediocres, buscando la excelencia por medio del esfuerzo, la disciplina y la constancia\u201d.<\/p>\n<p>Sigue el legado musical y de conservatorio acad\u00e9mico de los ancestros y en aras de fomentar el turismo art\u00edstico e hist\u00f3rico en Norte de Santander, cre\u00f3 el espacio \u2018Un Norte cultural &#8211; festival 2018\u2019 para todas las generaciones. El primer festival sinf\u00f3nico busca incentivar a los cucute\u00f1os y visitantes a retomar el paisaje culto de la ciudad y a rescatar el sentido de pertenencia. Se har\u00e1, el 19 de mayo a las 5:00 de la tarde,&nbsp; en el auditorio del Centro Cristiano. Entrada libre.<\/p>\n<p>\u201cLa m\u00fasica lo es todo. No imagino al mundo sin m\u00fasica. Es el mejor remedio y la mejor terapia para que las nuevas generaciones dejen a un lado toda clase de violencia. Es la herramienta para llenar el alma y eso se refleja en lo que somos como artistas. Los m\u00fasicos ven el mundo de una manera distinta\u201d, dijo Pablo Tarazona G\u00f3mez.<\/p>\n<p><strong>DIEGO G. D\u2019CARO<\/strong><\/p>\n<p><strong>Estudiante de Comunicaci\u00f3n Social<\/strong><\/p>\n<p><strong>Universidad de Pamplona<\/strong><\/p>\n<p><strong>Campus Villa del Rosario<\/strong> <\/p>\n","protected":false},"excerpt":{"rendered":"<p>C\u00daCUTA.- El maestro Pablo&nbsp; Tarazona Prada, compositor del himno de C\u00facuta,&nbsp; cumple con sus labores acad\u00e9micas en el conservatorio. Despu\u00e9s de largos minutos de pr\u00e1ctica con la sobrina y sin obtener el resultado esperado, baja al primer piso a descansar. Una vez all\u00ed, escuch\u00f3 la pieza y pens\u00f3 en que por fin la sobrina hab\u00eda &hellip;<\/p>\n","protected":false},"author":1,"featured_media":32449,"comment_status":"open","ping_status":"open","sticky":false,"template":"","format":"standard","meta":{"footnotes":""},"categories":[74,4],"tags":[4162,4161,4160],"class_list":["post-32448","post","type-post","status-publish","format-standard","has-post-thumbnail","hentry","category-aula-universitaria","category-barra","tag-festival-sinfonico","tag-musicos-nortesantandereanos","tag-pablo-tarazona-gomez"],"_links":{"self":[{"href":"https:\/\/contraluzcucuta.co\/index.php?rest_route=\/wp\/v2\/posts\/32448","targetHints":{"allow":["GET"]}}],"collection":[{"href":"https:\/\/contraluzcucuta.co\/index.php?rest_route=\/wp\/v2\/posts"}],"about":[{"href":"https:\/\/contraluzcucuta.co\/index.php?rest_route=\/wp\/v2\/types\/post"}],"author":[{"embeddable":true,"href":"https:\/\/contraluzcucuta.co\/index.php?rest_route=\/wp\/v2\/users\/1"}],"replies":[{"embeddable":true,"href":"https:\/\/contraluzcucuta.co\/index.php?rest_route=%2Fwp%2Fv2%2Fcomments&post=32448"}],"version-history":[{"count":1,"href":"https:\/\/contraluzcucuta.co\/index.php?rest_route=\/wp\/v2\/posts\/32448\/revisions"}],"predecessor-version":[{"id":32450,"href":"https:\/\/contraluzcucuta.co\/index.php?rest_route=\/wp\/v2\/posts\/32448\/revisions\/32450"}],"wp:featuredmedia":[{"embeddable":true,"href":"https:\/\/contraluzcucuta.co\/index.php?rest_route=\/wp\/v2\/media\/32449"}],"wp:attachment":[{"href":"https:\/\/contraluzcucuta.co\/index.php?rest_route=%2Fwp%2Fv2%2Fmedia&parent=32448"}],"wp:term":[{"taxonomy":"category","embeddable":true,"href":"https:\/\/contraluzcucuta.co\/index.php?rest_route=%2Fwp%2Fv2%2Fcategories&post=32448"},{"taxonomy":"post_tag","embeddable":true,"href":"https:\/\/contraluzcucuta.co\/index.php?rest_route=%2Fwp%2Fv2%2Ftags&post=32448"}],"curies":[{"name":"wp","href":"https:\/\/api.w.org\/{rel}","templated":true}]}}