{"id":32445,"date":"2018-05-14T16:21:40","date_gmt":"2018-05-14T21:21:40","guid":{"rendered":"http:\/\/contraluzcucuta.co\/?p=32445"},"modified":"2018-05-14T16:21:40","modified_gmt":"2018-05-14T21:21:40","slug":"diario-catolico-94-anos-caminando-hacia-el-futuro","status":"publish","type":"post","link":"https:\/\/contraluzcucuta.co\/?p=32445","title":{"rendered":"DIARIO CAT\u00d3LICO. \u00a094 a\u00f1os caminando hacia el futuro"},"content":{"rendered":"<p style=\"padding-left: 60px;\"><span style=\"color: #ff6600;\"><strong>SAN CRIST\u00d3BAL &#8211; Venezuela.-<\/strong> El Diario Cat\u00f3lico de Venezuela, medio impreso y digital conocido como el \u201cdecano de la prensa tachirense\u201d,&nbsp; cumpli\u00f3 este 14 de mayo el aniversario 94. En la celebraci\u00f3n renov\u00f3 el compromiso evangelizador y con la libertad de prensa en el pa\u00eds.<\/span><\/p>\n<p>El Obispo de la Di\u00f3cesis de San Crist\u00f3bal, monse\u00f1or Mario Moronta, celebr\u00f3 una misa de acci\u00f3n de gracias en el rotativo y comparti\u00f3 la alegr\u00eda de la efem\u00e9ride con trabajadores y amigos del Diario.<\/p>\n<p>\u201cEstamos celebrando los 94 a\u00f1os del Diario Cat\u00f3lico, gracias a la visi\u00f3n de futuro del Siervo de Dios Tom\u00e1s Antonio Sanmiguel. Y este medio de evangelizaci\u00f3n, formaci\u00f3n e informaci\u00f3n debe seguir&nbsp; cumpliendo su misi\u00f3n, son 94 a\u00f1os caminando hacia el futuro\u201d, manifest\u00f3 el Obispo.<\/p>\n<p>Monse\u00f1or Moronta se cuestion\u00f3 sobre el futuro del Diario Cat\u00f3lico: \u201c\u00bfqu\u00e9 debemos hacer de cara al futuro? No debemos quedarnos nost\u00e1lgicos con el pasado. El Diario Cat\u00f3lico debe seguir hacia a delante, en medio de una naci\u00f3n en crisis, apostando al futuro, venciendo las dificultades guiados por el Esp\u00edritu Santo, buscando nuevos canales de divulgaci\u00f3n de la noticia y del Evangelio\u201d, dijo.&nbsp;<\/p>\n<p>El Obispo exhort\u00f3 a apoyar al diario material y espiritualmente, promoviendo la buena prensa y fortaleciendo \u201cun periodismo de paz\u201d, como lo pide el Papa Francisco en la Jornada Mundial de las Comunicaciones Sociales 2018.<\/p>\n<p>Luego de la eucarist\u00eda, el presb\u00edtero Johan Pacheco, gerente administrador del Diario Cat\u00f3lico, agradeci\u00f3 a quienes forman parte de esta casa editorial por la dedicada labor, y destac\u00f3 que el \u201cDiario Cat\u00f3lico a pesar de las adversidades seguir\u00e1 siendo principalmente, un compromiso con la evangelizaci\u00f3n y el buen periodismo\u201d.<\/p>\n<p>El Diario Cat\u00f3lico circula semanalmente en su edici\u00f3n impresa, y ofrece actualizaci\u00f3n diaria de las noticias de la Iglesia, Venezuela y la frontera colombo-venezolana en el portal web: www.diariocatolico.info.ve<\/p>\n<p>&nbsp; <\/p>\n","protected":false},"excerpt":{"rendered":"<p>SAN CRIST\u00d3BAL &#8211; Venezuela.- El Diario Cat\u00f3lico de Venezuela, medio impreso y digital conocido como el \u201cdecano de la prensa tachirense\u201d,&nbsp; cumpli\u00f3 este 14 de mayo el aniversario 94. En la celebraci\u00f3n renov\u00f3 el compromiso evangelizador y con la libertad de prensa en el pa\u00eds. El Obispo de la Di\u00f3cesis de San Crist\u00f3bal, monse\u00f1or Mario &hellip;<\/p>\n","protected":false},"author":1,"featured_media":32446,"comment_status":"open","ping_status":"open","sticky":false,"template":"","format":"standard","meta":{"footnotes":""},"categories":[45],"tags":[2769,1584,2491],"class_list":["post-32445","post","type-post","status-publish","format-standard","has-post-thumbnail","hentry","category-destacado","tag-diario-catolico","tag-diocesis-de-san-cristobal","tag-monsenor-mario-moronta"],"_links":{"self":[{"href":"https:\/\/contraluzcucuta.co\/index.php?rest_route=\/wp\/v2\/posts\/32445","targetHints":{"allow":["GET"]}}],"collection":[{"href":"https:\/\/contraluzcucuta.co\/index.php?rest_route=\/wp\/v2\/posts"}],"about":[{"href":"https:\/\/contraluzcucuta.co\/index.php?rest_route=\/wp\/v2\/types\/post"}],"author":[{"embeddable":true,"href":"https:\/\/contraluzcucuta.co\/index.php?rest_route=\/wp\/v2\/users\/1"}],"replies":[{"embeddable":true,"href":"https:\/\/contraluzcucuta.co\/index.php?rest_route=%2Fwp%2Fv2%2Fcomments&post=32445"}],"version-history":[{"count":1,"href":"https:\/\/contraluzcucuta.co\/index.php?rest_route=\/wp\/v2\/posts\/32445\/revisions"}],"predecessor-version":[{"id":32447,"href":"https:\/\/contraluzcucuta.co\/index.php?rest_route=\/wp\/v2\/posts\/32445\/revisions\/32447"}],"wp:featuredmedia":[{"embeddable":true,"href":"https:\/\/contraluzcucuta.co\/index.php?rest_route=\/wp\/v2\/media\/32446"}],"wp:attachment":[{"href":"https:\/\/contraluzcucuta.co\/index.php?rest_route=%2Fwp%2Fv2%2Fmedia&parent=32445"}],"wp:term":[{"taxonomy":"category","embeddable":true,"href":"https:\/\/contraluzcucuta.co\/index.php?rest_route=%2Fwp%2Fv2%2Fcategories&post=32445"},{"taxonomy":"post_tag","embeddable":true,"href":"https:\/\/contraluzcucuta.co\/index.php?rest_route=%2Fwp%2Fv2%2Ftags&post=32445"}],"curies":[{"name":"wp","href":"https:\/\/api.w.org\/{rel}","templated":true}]}}