{"id":32433,"date":"2018-05-10T12:28:25","date_gmt":"2018-05-10T17:28:25","guid":{"rendered":"http:\/\/contraluzcucuta.co\/?p=32433"},"modified":"2018-05-10T12:28:25","modified_gmt":"2018-05-10T17:28:25","slug":"el-catatumbo-aprender-educar-para-la-paz-en-medio-de-la-guerra","status":"publish","type":"post","link":"https:\/\/contraluzcucuta.co\/?p=32433","title":{"rendered":"EL CATATUMBO. Aprender a educar para la paz, en medio de la guerra\u00a0\u00a0\u00a0\u00a0\u00a0\u00a0\u00a0\u00a0\u00a0\u00a0\u00a0\u00a0 \u00a0\u00a0\u00a0\u00a0\u00a0\u00a0\u00a0\u00a0\u00a0\u00a0\u00a0\u00a0\u00a0\u00a0\u00a0\u00a0\u00a0\u00a0\u00a0\u00a0\u00a0\u00a0\u00a0\u00a0\u00a0\u00a0\u00a0\u00a0\u00a0\u00a0\u00a0\u00a0\u00a0\u00a0\u00a0\u00a0\u00a0\u00a0\u00a0\u00a0\u00a0\u00a0\u00a0\u00a0\u00a0\u00a0\u00a0\u00a0\u00a0\u00a0\u00a0\u00a0\u00a0\u00a0\u00a0\u00a0\u00a0\u00a0\u00a0\u00a0\u00a0\u00a0\u00a0\u00a0\u00a0\u00a0\u00a0\u00a0\u00a0\u00a0\u00a0\u00a0\u00a0\u00a0\u00a0\u00a0\u00a0\u00a0\u00a0\u00a0\u00a0\u00a0\u00a0\u00a0\u00a0\u00a0\u00a0\u00a0\u00a0\u00a0\u00a0\u00a0\u00a0\u00a0\u00a0\u00a0\u00a0\u00a0\u00a0\u00a0\u00a0\u00a0\u00a0\u00a0\u00a0\u00a0\u00a0\u00a0\u00a0\u00a0\u00a0\u00a0\u00a0\u00a0\u00a0\u00a0\u00a0\u00a0\u00a0\u00a0\u00a0\u00a0\u00a0\u00a0\u00a0\u00a0\u00a0\u00a0\u00a0\u00a0\u00a0\u00a0\u00a0\u00a0\u00a0\u00a0\u00a0\u00a0\u00a0\u00a0\u00a0\u00a0\u00a0\u00a0\u00a0\u00a0\u00a0\u00a0\u00a0\u00a0\u00a0\u00a0\u00a0\u00a0\u00a0\u00a0\u00a0\u00a0\u00a0"},"content":{"rendered":"<p style=\"padding-left: 60px;\"><span style=\"color: #ff6600;\"><strong>C\u00daCUTA.-<\/strong> En las aulas de clase de la Universidad Sim\u00f3n Bol\u00edvar se edifican los profesionales del presente y del futuro. Hay cientos de historias para contar, una de ellas resalta por el coyuntural momento y la situaci\u00f3n de orden p\u00fablico en la regi\u00f3n de El Catatumbo.<\/span><\/p>\n<p>Cuatro docentes viajan a C\u00facuta dos veces al mes para cumplir con los estudios en la maestr\u00eda en educaci\u00f3n, en medio de las dificultades que ocasion\u00f3 el paro armado, consecuencia del control territorial y narcotr\u00e1fico que se disputan los grupos al margen de la ley en esa zona del pa\u00eds.<\/p>\n<p>El temor ha generado desplazamiento masivo y crisis humanitaria, que afecta el ejercicio de la ense\u00f1anza y el derecho a la educaci\u00f3n. Los habitantes esperan noticias para continuar con las labores diarias, pero no est\u00e1n tranquilos, porque guardan en la memoria el conflicto que hace m\u00e1s de dos d\u00e9cadas no azotaba tan fuerte a estas pujantes tierras.<\/p>\n<p>Seg\u00fan fuentes oficiales, a los refugios llegaron 6000 familias desplazadas en busca de comida y huyendo de las balas. Para contrarrestar la situaci\u00f3n, desde C\u00facuta, se han enviado 27 toneladas de alimentos hasta El Catatumbo. La regi\u00f3n que agrupa a \u00c1brego, Convenci\u00f3n, El Carmen, EL Tarra, Hacar\u00ed, La Playa, Oca\u00f1a, San Calixto, Sardinata, Teorama y Tib\u00fa, municipios de Norte de Santander.<\/p>\n<p>En el caso de los docentes, a los largos trayectos que deben recorrer para llegar hasta la universidad, se suman las condiciones inclementes del clima y lo m\u00e1s dif\u00edcil, tener que explicarles a los estudiantes c\u00f3mo seguir adelante en medio de los efectos de una guerra que no merecen. Estas circunstancias no han sido impedimento para estar a punto de culminar el posgrado, luego de ir y venir durante casi dos a\u00f1os.<\/p>\n<p>1.- Magda Cecilia P\u00e9rez Arenas (El Tarra), licenciada en educaci\u00f3n b\u00e1sica con \u00e9nfasis en humanidades<\/p>\n<p>2.- Sinela del Rosario Bayona Quintero (El Tarra), licenciada en matem\u00e1ticas<\/p>\n<p>3.- Ram\u00f3n El\u00edas Ortega (El Tarra), licenciado en educaci\u00f3n b\u00e1sica con \u00e9nfasis en Humanidades<\/p>\n<p>4.- Luz A\u00edda Ram\u00edrez Ram\u00edrez, licenciada en filosof\u00eda, pensamiento pol\u00edtico y econ\u00f3mico (San Calixto).<\/p>\n<p>Imparten clases en colegios locales y cambian los roles de maestros a estudiantes en la capital nortesantandereana, motivados por los deseos de superaci\u00f3n, por demostrarse que en la educaci\u00f3n est\u00e1 el sendero hacia la paz que tanto anhela la tierra que aman y por la que est\u00e1n dispuestos a todo.<\/p>\n<p>\u201cLa educaci\u00f3n cuesta, pero cuesta m\u00e1s la ignorancia, por eso debemos dar el paso a esa proyecci\u00f3n y a ese cambio del ser humanizado, para &nbsp;servir a la sociedad que queremos construir. Esto solo lo logramos por medo de la educaci\u00f3n\u201d, expres\u00f3 Luz A\u00edda Ram\u00edrez Ram\u00edrez.<\/p>\n<p>Llegar a C\u00facuta a cumplir con los compromisos del exigente escal\u00f3n profesional, en ocasiones se convierte en odisea, e incluso se juegan la vida. En medio de enfrentamientos, amenazas o rumores, han llegado tarde a las clases o un d\u00eda despu\u00e9s de lo planeado.<\/p>\n<p>Magda Cecilia P\u00e9rez Arenas dijo que en uno de los viajes, a las 5:00 de la tarde, recibieron la orden de no continuar con el recorrido habitual. Iban por Oca\u00f1a y se vieron obligados a pasar la noche donde unos amigos, junto a otras 15 personas. \u201cAcomod\u00e1ndonos como pudimos logramos dormir unas horas y al otro d\u00eda salimos temprano. Oramos todo el camino y est\u00e1bamos temerosos, porque hab\u00eda una amenaza de bomba en la v\u00eda\u201d.<\/p>\n<p><strong>Nota completa:&nbsp;<\/strong><strong><u><a href=\"https:\/\/bit.ly\/2jFY7J5\">https:\/\/bit.ly\/2jFY7J5<\/a><\/u><\/strong> <\/p>\n","protected":false},"excerpt":{"rendered":"<p>C\u00daCUTA.- En las aulas de clase de la Universidad Sim\u00f3n Bol\u00edvar se edifican los profesionales del presente y del futuro. Hay cientos de historias para contar, una de ellas resalta por el coyuntural momento y la situaci\u00f3n de orden p\u00fablico en la regi\u00f3n de El Catatumbo. Cuatro docentes viajan a C\u00facuta dos veces al mes &hellip;<\/p>\n","protected":false},"author":1,"featured_media":32434,"comment_status":"open","ping_status":"open","sticky":false,"template":"","format":"standard","meta":{"footnotes":""},"categories":[74,4],"tags":[246,2557],"class_list":["post-32433","post","type-post","status-publish","format-standard","has-post-thumbnail","hentry","category-aula-universitaria","category-barra","tag-el-catatumbo","tag-unisimon"],"_links":{"self":[{"href":"https:\/\/contraluzcucuta.co\/index.php?rest_route=\/wp\/v2\/posts\/32433","targetHints":{"allow":["GET"]}}],"collection":[{"href":"https:\/\/contraluzcucuta.co\/index.php?rest_route=\/wp\/v2\/posts"}],"about":[{"href":"https:\/\/contraluzcucuta.co\/index.php?rest_route=\/wp\/v2\/types\/post"}],"author":[{"embeddable":true,"href":"https:\/\/contraluzcucuta.co\/index.php?rest_route=\/wp\/v2\/users\/1"}],"replies":[{"embeddable":true,"href":"https:\/\/contraluzcucuta.co\/index.php?rest_route=%2Fwp%2Fv2%2Fcomments&post=32433"}],"version-history":[{"count":1,"href":"https:\/\/contraluzcucuta.co\/index.php?rest_route=\/wp\/v2\/posts\/32433\/revisions"}],"predecessor-version":[{"id":32435,"href":"https:\/\/contraluzcucuta.co\/index.php?rest_route=\/wp\/v2\/posts\/32433\/revisions\/32435"}],"wp:featuredmedia":[{"embeddable":true,"href":"https:\/\/contraluzcucuta.co\/index.php?rest_route=\/wp\/v2\/media\/32434"}],"wp:attachment":[{"href":"https:\/\/contraluzcucuta.co\/index.php?rest_route=%2Fwp%2Fv2%2Fmedia&parent=32433"}],"wp:term":[{"taxonomy":"category","embeddable":true,"href":"https:\/\/contraluzcucuta.co\/index.php?rest_route=%2Fwp%2Fv2%2Fcategories&post=32433"},{"taxonomy":"post_tag","embeddable":true,"href":"https:\/\/contraluzcucuta.co\/index.php?rest_route=%2Fwp%2Fv2%2Ftags&post=32433"}],"curies":[{"name":"wp","href":"https:\/\/api.w.org\/{rel}","templated":true}]}}