{"id":32427,"date":"2018-05-10T11:28:48","date_gmt":"2018-05-10T16:28:48","guid":{"rendered":"http:\/\/contraluzcucuta.co\/?p=32427"},"modified":"2018-05-10T11:28:48","modified_gmt":"2018-05-10T16:28:48","slug":"dialogos-con-eln-norte-de-santander-tendra-representantes-en-cuba","status":"publish","type":"post","link":"https:\/\/contraluzcucuta.co\/?p=32427","title":{"rendered":"DI\u00c1LOGOS CON ELN. Norte de Santander tendr\u00e1 representantes en Cuba"},"content":{"rendered":"<p style=\"padding-left: 60px;\"><span style=\"color: #ff6600;\"><strong>C\u00daCUTA.-<\/strong> El Gobierno autoriz\u00f3 conformar una comisi\u00f3n de Norte de Santander para que viaje a La Habana (Cuba) y haga parte de los di\u00e1logos de paz con el Eln. La decisi\u00f3n se tom\u00f3 luego de los acontecimientos de las \u00faltimas semanas en El Catatumbo. La noticia se dio a conocer en desarrollo del Consejo Departamental de Paz efectuado en C\u00facuta.<\/span><\/p>\n<p>En la reuni\u00f3n se hizo seguimiento a la crisis humanitaria en El Catatumbo, desatada por el accionar de los grupos armados al margen de la ley. El grupo de trabajo &nbsp;expondr\u00e1 ante los delegados de la guerrilla las afectaciones sociales, econ\u00f3micas y educativas que afronta la regi\u00f3n.<\/p>\n<p>En el Consejo de Paz, tambi\u00e9n, se hizo seguimiento a la entrega de ayudas humanitarias a los desplazados y al trabajo de las comisiones de la Gobernaci\u00f3n de Norte de Santander y de Derechos Humanos. El reciente paro armado, declarado por el Epl y el Eln, dej\u00f3 en promedio 7500 campesinos desplazados.<\/p>\n<p>\u201cSe hab\u00edan conformado 27 refugios, ahora quedan nueve. A las 7500 afectados se les entregaron ayudas\u201d, dijo William Villamizar, gobernador de Norte de Santander. Los aportes llegaron de los \u00f3rdenes nacional, departamental y municipal. Queda un albergue al que se le presta la atenci\u00f3n respectiva.<\/p>\n<p>En el Consejo se evaluaron propuestas de distinto orden:<\/p>\n<p>1.- Wilfredo Ca\u00f1izares, director de la Fundaci\u00f3n Progresar, le pidi\u00f3 al Gobernador que lidere un encuentro con el jefe del equipo negociador del Gobierno en los di\u00e1logos de paz con el Eln.<\/p>\n<p>2.- Otro equipo de acercamiento en el terreno busca conversar con los miembros del Eln y del Epl para que cesen la confrontaci\u00f3n que genera zozobra y asesinatos en la Provincia de Oca\u00f1a y El Catatumbo.<\/p>\n<p>3.- Se plante\u00f3 un encuentro para analizar con los actores sociales de El Catatumbo y la provincia de Oca\u00f1a asuntos de inversi\u00f3n social y planes de desarrollo, de manera que se surjan estrategias para el desarrollo econ\u00f3mico, social y estructural de la regi\u00f3n. <\/p>\n","protected":false},"excerpt":{"rendered":"<p>C\u00daCUTA.- El Gobierno autoriz\u00f3 conformar una comisi\u00f3n de Norte de Santander para que viaje a La Habana (Cuba) y haga parte de los di\u00e1logos de paz con el Eln. La decisi\u00f3n se tom\u00f3 luego de los acontecimientos de las \u00faltimas semanas en El Catatumbo. La noticia se dio a conocer en desarrollo del Consejo Departamental &hellip;<\/p>\n","protected":false},"author":1,"featured_media":32428,"comment_status":"open","ping_status":"open","sticky":false,"template":"","format":"standard","meta":{"footnotes":""},"categories":[4,32],"tags":[4156,1459,2800],"class_list":["post-32427","post","type-post","status-publish","format-standard","has-post-thumbnail","hentry","category-barra","category-recorrido-por-la-region","tag-consejo-de-paz","tag-dialogos-con-el-eln","tag-gobernador-william-villamizar"],"_links":{"self":[{"href":"https:\/\/contraluzcucuta.co\/index.php?rest_route=\/wp\/v2\/posts\/32427","targetHints":{"allow":["GET"]}}],"collection":[{"href":"https:\/\/contraluzcucuta.co\/index.php?rest_route=\/wp\/v2\/posts"}],"about":[{"href":"https:\/\/contraluzcucuta.co\/index.php?rest_route=\/wp\/v2\/types\/post"}],"author":[{"embeddable":true,"href":"https:\/\/contraluzcucuta.co\/index.php?rest_route=\/wp\/v2\/users\/1"}],"replies":[{"embeddable":true,"href":"https:\/\/contraluzcucuta.co\/index.php?rest_route=%2Fwp%2Fv2%2Fcomments&post=32427"}],"version-history":[{"count":1,"href":"https:\/\/contraluzcucuta.co\/index.php?rest_route=\/wp\/v2\/posts\/32427\/revisions"}],"predecessor-version":[{"id":32429,"href":"https:\/\/contraluzcucuta.co\/index.php?rest_route=\/wp\/v2\/posts\/32427\/revisions\/32429"}],"wp:featuredmedia":[{"embeddable":true,"href":"https:\/\/contraluzcucuta.co\/index.php?rest_route=\/wp\/v2\/media\/32428"}],"wp:attachment":[{"href":"https:\/\/contraluzcucuta.co\/index.php?rest_route=%2Fwp%2Fv2%2Fmedia&parent=32427"}],"wp:term":[{"taxonomy":"category","embeddable":true,"href":"https:\/\/contraluzcucuta.co\/index.php?rest_route=%2Fwp%2Fv2%2Fcategories&post=32427"},{"taxonomy":"post_tag","embeddable":true,"href":"https:\/\/contraluzcucuta.co\/index.php?rest_route=%2Fwp%2Fv2%2Ftags&post=32427"}],"curies":[{"name":"wp","href":"https:\/\/api.w.org\/{rel}","templated":true}]}}