{"id":32424,"date":"2018-05-10T10:56:21","date_gmt":"2018-05-10T15:56:21","guid":{"rendered":"http:\/\/contraluzcucuta.co\/?p=32424"},"modified":"2018-05-10T10:56:21","modified_gmt":"2018-05-10T15:56:21","slug":"puente-benito-hernandez-construccion-de-calzada-adicional-motiva-cierre-durante-15-horas","status":"publish","type":"post","link":"https:\/\/contraluzcucuta.co\/?p=32424","title":{"rendered":"PUENTE BENITO HERN\u00c1NDEZ. Construcci\u00f3n de calzada adicional motiva cierre durante 15 horas"},"content":{"rendered":"<p style=\"padding-left: 60px;\"><span style=\"color: #ff6600;\"><strong>C\u00daCUTA.-<\/strong> La construcci\u00f3n de la calzada adicional en el Puente Benito Hern\u00e1ndez Bustos, que conecta a C\u00facuta con Los Patios, motiv\u00f3 el cierre total del tr\u00e1nsito vehicular, entre las 7:00 de la noche del 12 de mayo y las 10:00 de la ma\u00f1ana del 13 de mayo.<\/span><\/p>\n<p>La medida obedece a la ejecuci\u00f3n de actividades de vaciado de la losa en la estructura. La Concesionaria San Sim\u00f3n recomend\u00f3 hacer uso de rutas alternas para la movilizaci\u00f3n. El objetivo es garantizar la seguridad de los usuarios.<\/p>\n<p>La inversi\u00f3n de los trabajos alcanza los $ 32.000 millones. La obra facilitar\u00e1 el ingreso y la salida a la capital del departamento. Otro beneficio es el reordenamiento de la circulaci\u00f3n en la otrora glorieta del DAS. El puente de San Rafael fue construido en 1861.<\/p>\n<p>En octubre de 1869, el puente fue destruido por una creciente del r\u00edo Pamplonita y&nbsp; reconstruido en 1870. En el gobierno del presidente Eduardo Santos (1940) se decidi\u00f3 cambiar el nombre y &nbsp;se propuso el de Benito Hern\u00e1ndez Bustos.<\/p>\n<p>En el gobierno de Juan Manuel Santos se confirmaron los recursos para las adecuaciones. El paso sobre el r\u00edo Pamplonita fue la primera entrada a la ciudad, a finales del siglo XIX y comienzos del XX.<\/p>\n<p>Benito Hern\u00e1ndez Bustos naci\u00f3 en Pamplona, el 8 de mayo de 1896, y se gradu\u00f3 bachiller en el colegio Provincial, en 1913. Recibi\u00f3 el t\u00edtulo de abogado, en 1918, en la Universidad Nacional. Regres\u00f3 a Ciuad Mitrada y ejerci\u00f3 como juez. En el campo pol\u00edtico se desempe\u00f1\u00f3 como diputado de Norte de Santander; representante a la C\u00e1mara (1929 \u2013 1930) y Gobernador.<\/p>\n<p>En el \u00e1mbito nacional estuvo al frente de las carteras de Industria y Trabajo y de Guerra, en la presidencia de Alfonso L\u00f3pez Pumarejo. Muri\u00f3 a los 44 a\u00f1os, en un accidente a\u00e9reo en el cerro Morti\u00f1o (Santander), el 27 de febrero de 1940. <\/p>\n","protected":false},"excerpt":{"rendered":"<p>C\u00daCUTA.- La construcci\u00f3n de la calzada adicional en el Puente Benito Hern\u00e1ndez Bustos, que conecta a C\u00facuta con Los Patios, motiv\u00f3 el cierre total del tr\u00e1nsito vehicular, entre las 7:00 de la noche del 12 de mayo y las 10:00 de la ma\u00f1ana del 13 de mayo. La medida obedece a la ejecuci\u00f3n de actividades &hellip;<\/p>\n","protected":false},"author":1,"featured_media":32425,"comment_status":"open","ping_status":"open","sticky":false,"template":"","format":"standard","meta":{"footnotes":""},"categories":[4,6],"tags":[2056],"class_list":["post-32424","post","type-post","status-publish","format-standard","has-post-thumbnail","hentry","category-barra","category-ojo-avizor","tag-puente-benito-hernandez"],"_links":{"self":[{"href":"https:\/\/contraluzcucuta.co\/index.php?rest_route=\/wp\/v2\/posts\/32424","targetHints":{"allow":["GET"]}}],"collection":[{"href":"https:\/\/contraluzcucuta.co\/index.php?rest_route=\/wp\/v2\/posts"}],"about":[{"href":"https:\/\/contraluzcucuta.co\/index.php?rest_route=\/wp\/v2\/types\/post"}],"author":[{"embeddable":true,"href":"https:\/\/contraluzcucuta.co\/index.php?rest_route=\/wp\/v2\/users\/1"}],"replies":[{"embeddable":true,"href":"https:\/\/contraluzcucuta.co\/index.php?rest_route=%2Fwp%2Fv2%2Fcomments&post=32424"}],"version-history":[{"count":1,"href":"https:\/\/contraluzcucuta.co\/index.php?rest_route=\/wp\/v2\/posts\/32424\/revisions"}],"predecessor-version":[{"id":32426,"href":"https:\/\/contraluzcucuta.co\/index.php?rest_route=\/wp\/v2\/posts\/32424\/revisions\/32426"}],"wp:featuredmedia":[{"embeddable":true,"href":"https:\/\/contraluzcucuta.co\/index.php?rest_route=\/wp\/v2\/media\/32425"}],"wp:attachment":[{"href":"https:\/\/contraluzcucuta.co\/index.php?rest_route=%2Fwp%2Fv2%2Fmedia&parent=32424"}],"wp:term":[{"taxonomy":"category","embeddable":true,"href":"https:\/\/contraluzcucuta.co\/index.php?rest_route=%2Fwp%2Fv2%2Fcategories&post=32424"},{"taxonomy":"post_tag","embeddable":true,"href":"https:\/\/contraluzcucuta.co\/index.php?rest_route=%2Fwp%2Fv2%2Ftags&post=32424"}],"curies":[{"name":"wp","href":"https:\/\/api.w.org\/{rel}","templated":true}]}}