{"id":32412,"date":"2018-05-07T16:12:33","date_gmt":"2018-05-07T21:12:33","guid":{"rendered":"http:\/\/contraluzcucuta.co\/?p=32412"},"modified":"2018-05-07T16:12:33","modified_gmt":"2018-05-07T21:12:33","slug":"victimas-del-conflicto-alcaldia-iniciara-adecuaciones-al-centro-regional-de-atencion","status":"publish","type":"post","link":"https:\/\/contraluzcucuta.co\/?p=32412","title":{"rendered":"V\u00cdCTIMAS DEL CONFLICTO. Alcald\u00eda iniciar\u00e1 adecuaciones al Centro Regional de Atenci\u00f3n"},"content":{"rendered":"<p><strong>C\u00daCUTA.-<\/strong> El Centro Regional de Atenci\u00f3n a V\u00edctimas (CRAV), espacio en donde convergen a diario entre 400 a 600 sobrevivientes de la guerra, acusa una serie de da\u00f1os por lo que el alcalde C\u00e9sar Rojas se reuni\u00f3n con el director territorial de la &nbsp;Unidad para las V\u00edctimas, Ministerio P\u00fablico y secretarios de despacho.<\/p>\n<p>Luego de la reuni\u00f3n se anunci\u00f3 una inversi\u00f3n de $ 200 millones para adecuar las instalaciones de atenci\u00f3n a v\u00edctimas. \u201cNo queremos que ni los usuarios, ni los funcionarios tengan dificultad al cumplir las actividades laborales. Vamos a buscar la soluci\u00f3n r\u00e1pida que esto requiere\u201d, dijo el alcalde Rojas Ayala.<\/p>\n<p>La primera intervenci\u00f3n ser\u00e1 la instalaci\u00f3n de las l\u00e1minas de policarbonato que se desprendieron del techo debido a los fuertes vientos. El proceso de las obras de reparaci\u00f3n se complementar\u00e1 con recursos de la Unidad para la Atenci\u00f3n a las V\u00edctimas. \u201cTan pronto salgamos de ley de garant\u00edas, haremos en convenio lo que quede pendiente por solucionar\u201d, dijo Saniel Pe\u00f1aranda, director territorial. <\/p>\n","protected":false},"excerpt":{"rendered":"<p>C\u00daCUTA.- El Centro Regional de Atenci\u00f3n a V\u00edctimas (CRAV), espacio en donde convergen a diario entre 400 a 600 sobrevivientes de la guerra, acusa una serie de da\u00f1os por lo que el alcalde C\u00e9sar Rojas se reuni\u00f3n con el director territorial de la &nbsp;Unidad para las V\u00edctimas, Ministerio P\u00fablico y secretarios de despacho. Luego de &hellip;<\/p>\n","protected":false},"author":1,"featured_media":32413,"comment_status":"open","ping_status":"open","sticky":false,"template":"","format":"standard","meta":{"footnotes":""},"categories":[2625],"tags":[4155,1891,1678,1535],"class_list":["post-32412","post","type-post","status-publish","format-standard","has-post-thumbnail","hentry","category-alcaldia-de-cucuta","tag-centro-regional-de-atention","tag-saniel-penaranda","tag-unidad-de-victimas","tag-victimas-del-conflicto-armado"],"_links":{"self":[{"href":"https:\/\/contraluzcucuta.co\/index.php?rest_route=\/wp\/v2\/posts\/32412","targetHints":{"allow":["GET"]}}],"collection":[{"href":"https:\/\/contraluzcucuta.co\/index.php?rest_route=\/wp\/v2\/posts"}],"about":[{"href":"https:\/\/contraluzcucuta.co\/index.php?rest_route=\/wp\/v2\/types\/post"}],"author":[{"embeddable":true,"href":"https:\/\/contraluzcucuta.co\/index.php?rest_route=\/wp\/v2\/users\/1"}],"replies":[{"embeddable":true,"href":"https:\/\/contraluzcucuta.co\/index.php?rest_route=%2Fwp%2Fv2%2Fcomments&post=32412"}],"version-history":[{"count":1,"href":"https:\/\/contraluzcucuta.co\/index.php?rest_route=\/wp\/v2\/posts\/32412\/revisions"}],"predecessor-version":[{"id":32414,"href":"https:\/\/contraluzcucuta.co\/index.php?rest_route=\/wp\/v2\/posts\/32412\/revisions\/32414"}],"wp:featuredmedia":[{"embeddable":true,"href":"https:\/\/contraluzcucuta.co\/index.php?rest_route=\/wp\/v2\/media\/32413"}],"wp:attachment":[{"href":"https:\/\/contraluzcucuta.co\/index.php?rest_route=%2Fwp%2Fv2%2Fmedia&parent=32412"}],"wp:term":[{"taxonomy":"category","embeddable":true,"href":"https:\/\/contraluzcucuta.co\/index.php?rest_route=%2Fwp%2Fv2%2Fcategories&post=32412"},{"taxonomy":"post_tag","embeddable":true,"href":"https:\/\/contraluzcucuta.co\/index.php?rest_route=%2Fwp%2Fv2%2Ftags&post=32412"}],"curies":[{"name":"wp","href":"https:\/\/api.w.org\/{rel}","templated":true}]}}