{"id":32409,"date":"2018-05-07T15:55:22","date_gmt":"2018-05-07T20:55:22","guid":{"rendered":"http:\/\/contraluzcucuta.co\/?p=32409"},"modified":"2018-05-07T15:55:22","modified_gmt":"2018-05-07T20:55:22","slug":"primer-mes-del-ramv-registrados-48-393-venezolanos-en-norte-de-santander","status":"publish","type":"post","link":"https:\/\/contraluzcucuta.co\/?p=32409","title":{"rendered":"PRIMER MES DEL\u00a0 RAMV. Registrados 48.393 venezolanos, en Norte de Santander"},"content":{"rendered":"<p style=\"padding-left: 60px;\"><span style=\"color: #ff6600;\">En Norte de Santander han acudido 48.393 venezolanos, a las unidades m\u00f3viles, para atender el Registro Administrativo de Migrantes Venezolanos en Colombia (RAMV). En el pa\u00eds se han registrado m\u00e1s de 203.000, en el primer mes. En el estado T\u00e1chira, lim\u00edtrofe con el departamento, la cifra llega a 15.050.<\/span><\/p>\n<p>En los 753&nbsp; puntos habilitados en 27 departamentos y 188 municipios, el proceso &nbsp;cumpli\u00f3 un mes desde que el Gobierno mediante el Decreto 542 del 21 marzo de 2018, puso en marcha el trabajo de 20 entidades del orden nacional, departamental y municipal. El apoyo est\u00e1 a cargo de personer\u00edas y defensor\u00edas y la cooperaci\u00f3n internacional de la Organizaci\u00f3n Internacional para las Migraciones (OIM) y Acnur.<\/p>\n<p>En el RAMV est\u00e1n registradas:<\/p>\n<p>1.- &nbsp;Familias: 106.476<\/p>\n<p>2.- Hombres: 105.285<\/p>\n<p>3.- Mujeres: 98.516<\/p>\n<p>4.- Embarazadas. 3914<\/p>\n<p>5.- Ni\u00f1os y adolescentes: 48.164<\/p>\n<p>6.- Grupos ind\u00edgenas, raizales, gitanos y afrodescendientes: 17.255.<\/p>\n<p>El Registro ha permitido establecer que de la poblaci\u00f3n venezolana registrada en el pa\u00eds, 2768 est\u00e1n afiliados al sistema de salud, de los cuales 825 son menores y 1943 son adultos. No est\u00e1n afiliados a ning\u00fan sistema de salud, 201.221. En materia de educaci\u00f3n, de los 48.164 ni\u00f1os y adolescentes, 13.549 asisten a la escuela.<\/p>\n<p>Frente a la actividad que desarrollan, 52.549 venezolanos tienen empleo informal; 46.888 son independientes, 34.935 est\u00e1n desempleados, 16.737 desarrollan labores de hogar, 2144 tienen empleo formal y 36.028 no reportan actividad.<\/p>\n<p>La poblaci\u00f3n venezolana que hasta el momento ha acatado el Registro proviene de:<\/p>\n<p>1.- Estado Zulia: 72.679<\/p>\n<p>2.- Estado Carabobo: 19.445<\/p>\n<p>3.- Estado T\u00e1chira: 15.050<\/p>\n<p>4.- Estado Lara: 14.132<\/p>\n<p>5.- Estado: 11.614<\/p>\n<p>6.- Distrito Capital: 11.138<\/p>\n<p>Del total, 18.613 dicen que retornar\u00e1n a Venezuela y 181.157 que permanecer\u00e1n en Colombia.<\/p>\n<p>De los 27 departamentos y 188 municipios donde se lleva a cabo el proceso de Registro Administrativo de Migrantes Venezolanos en Colombia, Norte de Santander y La Guajira son los que mayor n\u00famero de venezolanos registran, con 48.393 y&nbsp; 44.472; seguidos de Bogot\u00e1 (20.584), Arauca (19.080) y Magdalena (13.340).<\/p>\n<p>\u201cArrancamos con 523 puntos instalados y hoy, un mes despu\u00e9s, tenemos 753 en 27 departamentos, que son seis m\u00e1s de los proyectados\u201d, dijo el director de la Unidad Nacional para la Gesti\u00f3n del Riesgo de Desastres (UNGRD), Carlos Iv\u00e1n M\u00e1rquez.<\/p>\n<p>Al tiempo que aument\u00f3 la demanda, el Gobierno increment\u00f3 la oferta para dar la mejor atenci\u00f3n a los venezolanos. En el trabajo articulado est\u00e1n comprometidas instituciones nacionales, departamentales y municipales. Las personer\u00edas y la Defensor\u00eda del Pueblo son garantes de los derechos.<\/p>\n<p>Para la operaci\u00f3n del RAMV se ha contado con el trabajo de 940 funcionarios, que han empleado 37.443 horas de labor continua y voluntaria. Como parte complementaria de los puntos se han dispuesto ocho unidades m\u00f3viles en Norte de Santander, La Guajira, Arauca, Magdalena y Bol\u00edvar, que han recorrido 5.900 kil\u00f3metros y han llegado a 34 municipios, para registrar a los venezolanos instalados en zonas rurales lejanas a las urbanas.<\/p>\n<p>El gerente de Frontera con Venezuela, Felipe Mu\u00f1oz, solicit\u00f3 a los venezolanos que est\u00e1n de manera temporal o permanente en territorio colombiano que se acerquen a los puntos del RAMV para que se registren, antes del 8 de junio, &nbsp;sin costo y sin intermediarios. <\/p>\n","protected":false},"excerpt":{"rendered":"<p>En Norte de Santander han acudido 48.393 venezolanos, a las unidades m\u00f3viles, para atender el Registro Administrativo de Migrantes Venezolanos en Colombia (RAMV). En el pa\u00eds se han registrado m\u00e1s de 203.000, en el primer mes. En el estado T\u00e1chira, lim\u00edtrofe con el departamento, la cifra llega a 15.050. En los 753&nbsp; puntos habilitados en &hellip;<\/p>\n","protected":false},"author":1,"featured_media":32410,"comment_status":"open","ping_status":"open","sticky":false,"template":"","format":"standard","meta":{"footnotes":""},"categories":[45,4],"tags":[3187,4154,4124],"class_list":["post-32409","post","type-post","status-publish","format-standard","has-post-thumbnail","hentry","category-destacado","category-barra","tag-migracion-colombia","tag-ramv","tag-registro-de-migrantes"],"_links":{"self":[{"href":"https:\/\/contraluzcucuta.co\/index.php?rest_route=\/wp\/v2\/posts\/32409","targetHints":{"allow":["GET"]}}],"collection":[{"href":"https:\/\/contraluzcucuta.co\/index.php?rest_route=\/wp\/v2\/posts"}],"about":[{"href":"https:\/\/contraluzcucuta.co\/index.php?rest_route=\/wp\/v2\/types\/post"}],"author":[{"embeddable":true,"href":"https:\/\/contraluzcucuta.co\/index.php?rest_route=\/wp\/v2\/users\/1"}],"replies":[{"embeddable":true,"href":"https:\/\/contraluzcucuta.co\/index.php?rest_route=%2Fwp%2Fv2%2Fcomments&post=32409"}],"version-history":[{"count":1,"href":"https:\/\/contraluzcucuta.co\/index.php?rest_route=\/wp\/v2\/posts\/32409\/revisions"}],"predecessor-version":[{"id":32411,"href":"https:\/\/contraluzcucuta.co\/index.php?rest_route=\/wp\/v2\/posts\/32409\/revisions\/32411"}],"wp:featuredmedia":[{"embeddable":true,"href":"https:\/\/contraluzcucuta.co\/index.php?rest_route=\/wp\/v2\/media\/32410"}],"wp:attachment":[{"href":"https:\/\/contraluzcucuta.co\/index.php?rest_route=%2Fwp%2Fv2%2Fmedia&parent=32409"}],"wp:term":[{"taxonomy":"category","embeddable":true,"href":"https:\/\/contraluzcucuta.co\/index.php?rest_route=%2Fwp%2Fv2%2Fcategories&post=32409"},{"taxonomy":"post_tag","embeddable":true,"href":"https:\/\/contraluzcucuta.co\/index.php?rest_route=%2Fwp%2Fv2%2Ftags&post=32409"}],"curies":[{"name":"wp","href":"https:\/\/api.w.org\/{rel}","templated":true}]}}