{"id":32406,"date":"2018-05-07T14:05:08","date_gmt":"2018-05-07T19:05:08","guid":{"rendered":"http:\/\/contraluzcucuta.co\/?p=32406"},"modified":"2018-05-07T14:05:08","modified_gmt":"2018-05-07T19:05:08","slug":"notas-al-margen-para-superar-la-crisis-es-necesario-asociarlos-y-comprometerlos-todos","status":"publish","type":"post","link":"https:\/\/contraluzcucuta.co\/?p=32406","title":{"rendered":"NOTAS AL MARGEN. Para superar\u00a0 la crisis es necesario asociarlos y\u00a0 comprometerlos a todos"},"content":{"rendered":"<p style=\"padding-left: 60px;\"><span style=\"color: #ff6600;\">1.- Es tan evidente y manifiesta la crisis que experimenta la frontera y tan directo y claro el impacto sobre toda la poblaci\u00f3n que un proseguir sin la obtenci\u00f3n de planes, acciones y proyectos que vinculen y comprometan a la sociedad constituir\u00eda no solo un craso error, sino la m\u00e1s peligrosa actitud, porque se debilitar\u00eda cualquier prop\u00f3sito y empe\u00f1o, dado que lo b\u00e1sico y verdaderamente funcional es integrar la comunidad con objetivos y conductas que la comprometan y proyecten hacia el futuro, al mejorar y ampliar etapas de desarrollo y de beneficio compartido.&nbsp;<\/span><\/p>\n<p>Creer &#8211; por ejemplo \u2013 que la situaci\u00f3n de El Catatumbo solo les corresponde a la Polic\u00eda, al Ej\u00e9rcito o a la fuerza \u00e1rea y sin evaluar, valorar y comprender la situaci\u00f3n de miles de conciudadanos que aspiran a un mejor tratamiento y a un futuro que les permita vivencias de desarrollo general, amplio y seguro, constituir\u00eda otro error y la irrupci\u00f3n de mayores dificultades para la poblaci\u00f3n, porque la tarea por cumplir es hallarle soluci\u00f3n al grave problema del narcotr\u00e1fico, al no cultivo de coca y a la mejor utilizaci\u00f3n de tierras en cultivos productivos y generadores no solo de empleos, sino de mayores perspectivas para beneficio de esta zona de frontera, que necesita apoyos y respaldos, para estructurar y poner en marcha planes y proyectos, que la impulsen y proyecten hacia innovadoras iniciativas, de alcance nacional e internacional.<\/p>\n<p>2.- Y ese nuevo y especial obrar hay que captarlo, asimilarlo y otorgarle fuerza y vigor, porque cualquier aplazamiento de gestiones y prop\u00f3sitos trasformadores dar\u00eda alimento a la apat\u00eda y la pasividad que, \u00faltimamente, ha penetrado en muchos sectores y n\u00facleos de presencia y participaci\u00f3n provocando dudas, temores y aplazamientos, como f\u00e1cil es testificarlo si se hiciera un balance sobre el grado de participaci\u00f3n y asistencia de entidades y organismos que por sus funciones debieran ser m\u00e1s activos y promotores de convocatorias y cert\u00e1menes que permitan cohesionar, definir y dar aliento a propuestas y opciones que permitan poco a poco superar el cierre de locales comerciales y el impresionante aumento del desempleo y los temores sobre el futuro, si no hay un giro y cambio, hacia el progreso y la gesti\u00f3n compartida y en equipo.<\/p>\n<p>3.- De ah\u00ed que una convocatoria amplia, sincera, directa y fraternal a quienes mejor conocen la realidad de la regi\u00f3n, comarca o zona, como a no dudarlo lo constituir\u00eda el reunir a los destacados patriarcas y a las entusiastas matriarcas, permitir\u00eda estimular y otorgarle a esta parte de Colombia, de tanta importancia hist\u00f3rica e integracionista, un gran motivo, para que lo aut\u00e9nticamente regional y del terru\u00f1o, se valore, recuerde y genere perspectivas y actitudes&nbsp; sobre lo que no se ha realizado, falta por hacer y es conveniente asumir para gestiones inaplazables. Y, esto, que es superior a cualquier embeleco pol\u00edtico o de partido, porque es penetrar en la esencia y la noci\u00f3n de lo aut\u00e9ntico, permite, adem\u00e1s, darle paso y vigencia a lo m\u00e1s propio, a la uni\u00f3n y a la convivencia, mediante soluciones, est\u00edmulos y proyecciones, que los mayores y en su etapa de mayor trascendencia, en aportes, sugerencias, consejos&nbsp; e insinuaciones, pueden otorgar. \u00bfImaginan ustedes a patriarcas y matriarcas recordando el ferrocarril y el tranv\u00eda, los cambios de lugar que se operaron sobre el aeropuerto Camilo Daza, los&nbsp; acercamientos y relaciones familiares y de amistad con Oca\u00f1a, Pamplona y otros municipios, el comienzo de colegios, almacenes, centros profesionales, relaciones con el petr\u00f3leo, el carb\u00f3n, el crecimiento de las familias y los anhelos?<\/p>\n<p>Padres, madres, t\u00edos, t\u00edas, familiares, amigos, vecinos que han sido parte de nuestras vidas son invitados para abrir puertas al futuro. \u00a1Ay\u00fadanos a ubicarlos\u00a1&nbsp; Francisco de Paula Santander, El Cacique C\u00facuta, la Princesa Zulima, Juana Rangel de Cu\u00e9llar y quienes fueron forjadores de la urbe en las distintas etapas nos auxiliar\u00e1n, recordando&nbsp; lo que motivaba a Camilo Daza, Sen\u00e9n Botello, Carlos Sanclemente Orbegozo, Virgilio Barco Vargas, Hernando Ruan Guerrero, Alfonso Lara Hern\u00e1ndez, Nicol\u00e1s Colmenares, Guillermo Eliseo Su\u00e1rez, Pedro Entrena Parra, Julio C\u00e9sar Pern\u00eda, Numa P. Guerrero, Antonio G\u00f3mez Plata, Jos\u00e9 Luis Acero Jord\u00e1n, Carlos Rangel, Antonio Mar\u00eda Pati\u00f1o, Luis A. Medina, Enrique Vargas Ram\u00edrez, Luis Ra\u00fal Rodr\u00edguez, \u00cdtalo Alterio, Eduardo Silva Carradine, Eustorgio Colmenares, Carlos Ram\u00edrez Par\u00eds, Luis Eduardo Mantilla Sanmiguel, Giovanni Martin, Luciano Jaramillo Cabrales, Belisario Rodr\u00edguez, Carlos Luis Peralta, Rafael Garc\u00eda Herreros, Daniel Jord\u00e1n, Eduardo Assaf, Cayetano Morelli L\u00e1zaro, Argelino Dur\u00e1n Quintero, Miguel Garc\u00eda Herreros, Jos\u00e9 Urbina, Lino Galav\u00eds, Samuel Li\u00e9vano y al sin fin de promotores, acompa\u00f1antes e iniciadores de distintos proyectos e&nbsp; iniciativas.<\/p>\n<p><strong>JOS\u00c9 NEIRA REY<\/strong><\/p>\n<p><strong><a href=\"mailto:jneirarey@hotmail.com\">jneirarey@hotmail.com<\/a><\/strong> <\/p>\n","protected":false},"excerpt":{"rendered":"<p>1.- Es tan evidente y manifiesta la crisis que experimenta la frontera y tan directo y claro el impacto sobre toda la poblaci\u00f3n que un proseguir sin la obtenci\u00f3n de planes, acciones y proyectos que vinculen y comprometan a la sociedad constituir\u00eda no solo un craso error, sino la m\u00e1s peligrosa actitud, porque se debilitar\u00eda &hellip;<\/p>\n","protected":false},"author":1,"featured_media":32407,"comment_status":"open","ping_status":"open","sticky":false,"template":"","format":"standard","meta":{"footnotes":""},"categories":[14,4],"tags":[382,956],"class_list":["post-32406","post","type-post","status-publish","format-standard","has-post-thumbnail","hentry","category-articulistas","category-barra","tag-jose-neira","tag-notas-al-margen"],"_links":{"self":[{"href":"https:\/\/contraluzcucuta.co\/index.php?rest_route=\/wp\/v2\/posts\/32406","targetHints":{"allow":["GET"]}}],"collection":[{"href":"https:\/\/contraluzcucuta.co\/index.php?rest_route=\/wp\/v2\/posts"}],"about":[{"href":"https:\/\/contraluzcucuta.co\/index.php?rest_route=\/wp\/v2\/types\/post"}],"author":[{"embeddable":true,"href":"https:\/\/contraluzcucuta.co\/index.php?rest_route=\/wp\/v2\/users\/1"}],"replies":[{"embeddable":true,"href":"https:\/\/contraluzcucuta.co\/index.php?rest_route=%2Fwp%2Fv2%2Fcomments&post=32406"}],"version-history":[{"count":1,"href":"https:\/\/contraluzcucuta.co\/index.php?rest_route=\/wp\/v2\/posts\/32406\/revisions"}],"predecessor-version":[{"id":32408,"href":"https:\/\/contraluzcucuta.co\/index.php?rest_route=\/wp\/v2\/posts\/32406\/revisions\/32408"}],"wp:featuredmedia":[{"embeddable":true,"href":"https:\/\/contraluzcucuta.co\/index.php?rest_route=\/wp\/v2\/media\/32407"}],"wp:attachment":[{"href":"https:\/\/contraluzcucuta.co\/index.php?rest_route=%2Fwp%2Fv2%2Fmedia&parent=32406"}],"wp:term":[{"taxonomy":"category","embeddable":true,"href":"https:\/\/contraluzcucuta.co\/index.php?rest_route=%2Fwp%2Fv2%2Fcategories&post=32406"},{"taxonomy":"post_tag","embeddable":true,"href":"https:\/\/contraluzcucuta.co\/index.php?rest_route=%2Fwp%2Fv2%2Ftags&post=32406"}],"curies":[{"name":"wp","href":"https:\/\/api.w.org\/{rel}","templated":true}]}}