{"id":32384,"date":"2018-05-02T20:54:39","date_gmt":"2018-05-03T01:54:39","guid":{"rendered":"http:\/\/contraluzcucuta.co\/?p=32384"},"modified":"2018-05-02T20:54:39","modified_gmt":"2018-05-03T01:54:39","slug":"notas-al-margen-convocatoria-la-union-y-al-progreso-entre-colombia-y-venezuela","status":"publish","type":"post","link":"https:\/\/contraluzcucuta.co\/?p=32384","title":{"rendered":"NOTAS AL MARGEN. Convocatoria a la uni\u00f3n y al progreso entre Colombia y Venezuela \u00a0\u00a0\u00a0\u00a0\u00a0\u00a0\u00a0\u00a0\u00a0"},"content":{"rendered":"<p style=\"padding-left: 60px;\"><span style=\"color: #ff6600;\">1.- El grado de indiferencia, desatenci\u00f3n y apat\u00eda de Colombia y Venezuela o de Venezuela y Colombia, sobre el esp\u00edritu de fraternidad y los prop\u00f3sitos de integraci\u00f3n, en procura del desarrollo compartido y de m\u00e1s amplia y positiva&nbsp; proyecci\u00f3n internacional, debiera constituir una preocupaci\u00f3n binacional. <\/span><\/p>\n<p>Si se sumaran esfuerzos&nbsp; y surgieran pasos al hallazgo de planes, programas y proyectos compartidos que utilicen las ventajas y las opciones dada la ubicaci\u00f3n geoestrat\u00e9gica y la existencia de productos &#8211; con perspectivas m\u00faltiples &#8211; que no han sido utilizados, ni canalizados de manera pr\u00e1ctica y operacional por no adelantar claros y progresistas&nbsp; entendimientos y aproximaciones para coordinar esfuerzos y encausar iniciativas de alto significado y amplio&nbsp; alcance, en lo productivo y futurista, lo \u00fanico que genera y produce es una visi\u00f3n aislada y negativa, como lo&nbsp; confirma la n\u00edtida y directa expresi\u00f3n del com\u00fan libertador Sim\u00f3n Bol\u00edvar, cuando, con realismo y sinceridad verdaderamente patri\u00f3tica y visionaria &#8211; por el alcance bilateral&nbsp; y proyecci\u00f3n, dijo que \u201cEl no habernos compuesto con Santander, nos ha perjudicado a todos\u201d.&nbsp; Y, este planteamiento, que no ha sido tenido en cuenta por historiadores, pol\u00edticos y analistas socio econ\u00f3micos, en el enfoque&nbsp; de la situaci\u00f3n Latinoamericana y Bolivariana &#8211; en especial -amerita una pronta y cabal reconsideraci\u00f3n, enfoque y actualizaci\u00f3n para que el ansiado progreso de Venezuela y el mejoramiento integral de Colombia surjan y se produzcan, en lugar de otorgarles vivencia a los tristes y lamentables espect\u00e1culos, que se experimentan en los l\u00edmites y zonas fronterizas, que virtualmente han sido&nbsp; marginadas y abandonadas, como lo demuestran y proclaman los 2 a\u00f1os y casi 8 meses del cierre y anulaci\u00f3n del tr\u00e1fico por \u201cla frontera, m\u00e1s activa del Continente \u201c.<\/p>\n<p>2.- Esto, y el no tener en marcha comisiones de car\u00e1cter bilateral y al m\u00e1s alto nivel para estudiar y coordinar esfuerzos en procura de incentivos, est\u00edmulos y mecanismos, que proyecten y vitalicen las labores, acercamientos y uniones que se generen entre las dos naciones, para servicio conjunto. El mundo obliga a quienes vivimos y experimentamos la realidad de estas actitudes a clamar para que tal indiferencia y omisi\u00f3n no puedan proseguir, porque convulsionan y generan mal ejemplo. Y, al confesar y denunciar, la urgente necesidad de obrar pronto y sin apasionamientos, ni equivocadas visiones partidaristas y de grupo &#8211; de quienes aspiran a llegar al poder, para seguir en las mismas o peor &#8211; rogamos para que las mayor\u00edas ciudadanas, amantes de la paz, el progreso, el avance colectivo y la interrelaci\u00f3n y el favorecimiento entre hermanos &#8211; con anhelos id\u00e9nticos &#8211;&nbsp; sumemos empe\u00f1os y hagamos de la asociaci\u00f3n y de la uni\u00f3n fraternal e integracionista, un honroso y ejemplarizante motivo de gestiones permanentes y trascendentes, para beneficio de todos.<\/p>\n<p>3.- Cuando oper\u00f3 y funcion\u00f3 el triangulo de oro entre Maracaibo, San Crist\u00f3bal y C\u00facuta, y el ferrocarril fue el empalme, lleg\u00f3 el caf\u00e9 a Colombia y se hicieron exportaciones de amplio espectro y vinieron delegaciones y representaciones europeas, as\u00ed como importantes evaluaciones que no prosiguieron cuando esta destacada gesti\u00f3n, no tuvo los respaldos, que para su fortalecimiento eran necesarios. Hoy, no tenemos ferrocarril, ni m\u00e1s v\u00edas &#8211; y hasta limitado, el transporte a\u00e9reo y hasta el terrestre.<\/p>\n<p>Adem\u00e1s,&nbsp; el Puente de Tienditas &#8211; que se proyect\u00f3 y&nbsp; debe enlazar las dos \u00e1reas en el coraz\u00f3n de la frontera &#8211; sigue sin el servicio que debe prestar, mientras&nbsp;&nbsp; miles de camiones y veh\u00edculos, al a\u00f1o, no pueden ser utilizados y el calvario ciudadano prosigue. S\u00ed, este es un momento de prueba y de enorme valoraci\u00f3n de realidades.<\/p>\n<p>\u00bfQuienes nos comprendan, valorar\u00e1n, que lo importante y b\u00e1sico radica en defender y proyectar la integraci\u00f3n de manera sincera, fraterna y con visi\u00f3n de futuro? \u00bfNo es, acaso, el momento propicio para recordar a nuestros libertadores y hacer de su memoria una permanente cita por la uni\u00f3n y el progreso, desde la capital de la integraci\u00f3n en Am\u00e9rica, al convocar a venezolanos y colombianos, para una labor ejemplar, conjunta y en equipo?<\/p>\n<p><strong>JOSE NEIRA REY&nbsp;&nbsp;&nbsp;&nbsp;&nbsp;&nbsp;&nbsp;&nbsp;&nbsp;&nbsp;&nbsp;&nbsp;&nbsp;&nbsp;&nbsp;&nbsp;&nbsp;&nbsp;&nbsp;&nbsp;&nbsp;&nbsp;&nbsp;&nbsp;&nbsp;&nbsp;&nbsp;&nbsp;&nbsp;&nbsp;&nbsp;&nbsp;&nbsp;&nbsp;&nbsp;&nbsp;&nbsp;&nbsp;&nbsp;&nbsp;&nbsp;&nbsp;&nbsp;&nbsp;&nbsp;&nbsp;&nbsp;&nbsp;&nbsp;&nbsp;&nbsp;&nbsp;&nbsp;&nbsp;&nbsp;&nbsp;&nbsp;&nbsp;&nbsp;&nbsp;&nbsp;&nbsp;&nbsp;&nbsp;&nbsp;&nbsp;&nbsp;&nbsp;&nbsp;&nbsp;&nbsp;&nbsp;&nbsp;&nbsp;&nbsp;&nbsp;&nbsp;&nbsp;&nbsp;&nbsp;&nbsp;&nbsp;&nbsp;&nbsp;&nbsp;&nbsp;&nbsp;&nbsp;&nbsp;&nbsp;&nbsp;&nbsp;&nbsp;&nbsp;&nbsp;&nbsp;&nbsp;&nbsp;&nbsp;&nbsp;&nbsp;&nbsp;&nbsp;&nbsp;&nbsp;&nbsp;&nbsp;&nbsp;&nbsp;&nbsp;&nbsp;&nbsp;&nbsp;&nbsp;&nbsp;&nbsp;&nbsp;&nbsp;&nbsp;&nbsp;&nbsp;&nbsp;&nbsp;&nbsp;&nbsp;&nbsp;&nbsp;&nbsp;&nbsp;&nbsp;&nbsp;&nbsp;&nbsp;&nbsp;&nbsp;&nbsp;&nbsp;&nbsp;&nbsp;&nbsp;&nbsp;&nbsp;&nbsp;&nbsp;&nbsp;&nbsp;&nbsp;&nbsp;&nbsp;&nbsp;&nbsp;&nbsp;&nbsp;&nbsp;&nbsp;&nbsp;&nbsp;&nbsp;&nbsp;&nbsp;&nbsp;&nbsp;&nbsp;&nbsp;&nbsp;&nbsp;&nbsp;&nbsp; <\/strong><\/p>\n<p><strong><a href=\"mailto:jneirarey@hotmail.com\">jneirarey@hotmail.com<\/a><\/strong> <\/p>\n","protected":false},"excerpt":{"rendered":"<p>1.- El grado de indiferencia, desatenci\u00f3n y apat\u00eda de Colombia y Venezuela o de Venezuela y Colombia, sobre el esp\u00edritu de fraternidad y los prop\u00f3sitos de integraci\u00f3n, en procura del desarrollo compartido y de m\u00e1s amplia y positiva&nbsp; proyecci\u00f3n internacional, debiera constituir una preocupaci\u00f3n binacional. Si se sumaran esfuerzos&nbsp; y surgieran pasos al hallazgo de &hellip;<\/p>\n","protected":false},"author":1,"featured_media":32385,"comment_status":"open","ping_status":"open","sticky":false,"template":"","format":"standard","meta":{"footnotes":""},"categories":[14,4],"tags":[382,956],"class_list":["post-32384","post","type-post","status-publish","format-standard","has-post-thumbnail","hentry","category-articulistas","category-barra","tag-jose-neira","tag-notas-al-margen"],"_links":{"self":[{"href":"https:\/\/contraluzcucuta.co\/index.php?rest_route=\/wp\/v2\/posts\/32384","targetHints":{"allow":["GET"]}}],"collection":[{"href":"https:\/\/contraluzcucuta.co\/index.php?rest_route=\/wp\/v2\/posts"}],"about":[{"href":"https:\/\/contraluzcucuta.co\/index.php?rest_route=\/wp\/v2\/types\/post"}],"author":[{"embeddable":true,"href":"https:\/\/contraluzcucuta.co\/index.php?rest_route=\/wp\/v2\/users\/1"}],"replies":[{"embeddable":true,"href":"https:\/\/contraluzcucuta.co\/index.php?rest_route=%2Fwp%2Fv2%2Fcomments&post=32384"}],"version-history":[{"count":1,"href":"https:\/\/contraluzcucuta.co\/index.php?rest_route=\/wp\/v2\/posts\/32384\/revisions"}],"predecessor-version":[{"id":32386,"href":"https:\/\/contraluzcucuta.co\/index.php?rest_route=\/wp\/v2\/posts\/32384\/revisions\/32386"}],"wp:featuredmedia":[{"embeddable":true,"href":"https:\/\/contraluzcucuta.co\/index.php?rest_route=\/wp\/v2\/media\/32385"}],"wp:attachment":[{"href":"https:\/\/contraluzcucuta.co\/index.php?rest_route=%2Fwp%2Fv2%2Fmedia&parent=32384"}],"wp:term":[{"taxonomy":"category","embeddable":true,"href":"https:\/\/contraluzcucuta.co\/index.php?rest_route=%2Fwp%2Fv2%2Fcategories&post=32384"},{"taxonomy":"post_tag","embeddable":true,"href":"https:\/\/contraluzcucuta.co\/index.php?rest_route=%2Fwp%2Fv2%2Ftags&post=32384"}],"curies":[{"name":"wp","href":"https:\/\/api.w.org\/{rel}","templated":true}]}}