{"id":32279,"date":"2018-04-14T18:32:47","date_gmt":"2018-04-14T23:32:47","guid":{"rendered":"http:\/\/contraluzcucuta.co\/?p=32279"},"modified":"2018-04-14T18:32:47","modified_gmt":"2018-04-14T23:32:47","slug":"notas-al-margen-lo-publico-y-privado-ante-el-reto-del-desarrollo-y-el-progreso-fronterizo","status":"publish","type":"post","link":"https:\/\/contraluzcucuta.co\/?p=32279","title":{"rendered":"NOTAS AL MARGEN. Lo p\u00fablico y privado ante el reto del desarrollo y el progreso fronterizo"},"content":{"rendered":"<p style=\"padding-left: 60px;\"><span style=\"color: #ff6600;\">1.- Si el desenvolvimiento y el desarrollo fronterizo dependen de la participaci\u00f3n, acci\u00f3n y entendimientos que promuevan y consoliden los habitantes de estas fajas territoriales y teniendo por sustento y&nbsp; pilar legal&nbsp; insustituible incentivos, est\u00edmulos, reglamentaciones y opciones&nbsp; que de manera conjunta definan y apliquen&nbsp; quienes representan la institucionalidad y el manejo operativo o funcional de cada Estado o naci\u00f3n, porque las zonas fronterizas no son \u00e1reas separadas, sino zonas de caracter\u00edsticas especiales &#8211; que buscan o persiguen un beneficio para sus pobladores y para quienes los&nbsp; visitan, aprovechando ventajas comparativas &#8211;&nbsp; bien vale averiguar lo que en estos momentos de tensi\u00f3n y preocupaci\u00f3n generalizada han hecho aflorar&nbsp; e internacionalizar los lamentables sucesos que se originaron, al pretender hallar soluciones unilateralmente, cerrando indefinidamente la frontera y complicando&nbsp; el corredor que sintetiza y representa la faja territorial binacional colombo-venezolana, que tiene a C\u00facuta, San Antonio y Ure\u00f1a como los n\u00facleos de mayor referencia y que ans\u00edan un verdadero y aut\u00e9ntico tratamiento asistencial para dar vivencia a fuentes de trabajo y&nbsp; regulaciones y est\u00edmulos, que permitan canalizar inversiones e iniciativas progresistas que, a su vez, proyecten a estas \u00e1reas de coparticipaci\u00f3n bilateral&nbsp; y de gran trascendencia, si se obtiene el concurso de ejemplarizantes pol\u00edticas que vayan al meollo de lo que se requiere y es exigente.<\/span><\/p>\n<p>2.- Pero cuando no hay empe\u00f1os claros y ciertos&nbsp; esas correspondencias y aportes institucionales que no llegan frenan y limitan las posibilidades de mejoramiento. Y lo que sucede paraliza empe\u00f1os y la acci\u00f3n colectiva o generalizada se trasforma en gestiones individuales, facilistas o de rebusque, tal como acontece con ofertas y compras que para la plena ejecuci\u00f3n dan paso al obrar indebido o no ajustado a derecho.<\/p>\n<p>Por eso, la importancia de verdaderas pol\u00edticas de Estado y de regulaciones y procedimientos compartidos que generen coparticipaciones regionales&nbsp; y&nbsp; una mayor&nbsp; ayuda y representatividad para la gente de estas \u00e1reas, es una tarea de primer orden y de importante&nbsp; trascendencia por la ubicaci\u00f3n geoestrat\u00e9gica y las opciones en lo pol\u00edtico, social y econ\u00f3mico de esta Zona Fronteriza Binacional, por la amplia perspectiva internacional que no ha sido cabalmente aprovechada. \u00bfPor qu\u00e9 no hay acuerdos entre gobernaciones, alcald\u00edas, universidades y sectores que integran la representatividad fronteriza, p\u00fablica y privada?<\/p>\n<p>3.- Las trasformaciones, coordinaciones y entendimientos deben ser no solo en lo oficial e institucional, sino en lo privado y empresarial, y laboral &nbsp;&#8211; en todos los niveles &#8211; lo sintetiza y demuestra la par\u00e1lisis en los intercambios de estos \u00faltimos d\u00edas&nbsp; y la urgencia y conveniencia de acercamientos y acuerdos&nbsp; revitalizadores, que apaguen las llamaradas, las acusaciones y las recusaciones&nbsp; que se han suscitado y se reactive la vivencia de la mancomunidad fronteriza, que floreciendo y progresando puede&nbsp; transformarse en&nbsp; un activo hervidero de posibilidades industriales y de modernidad por las innovaciones y actualizaciones que en diversos campos y actividades para mutuo favorecimiento y beneficio integrador se programar\u00edan y pueden llevarse a cabo.<\/p>\n<p>De ah\u00ed que ambas naciones ojal\u00e1 congreguen, y pronto, en el Complejo Hist\u00f3rico de Villa del Rosario, a presidentes, ministros y voceros regionales fronterizos para que el esp\u00edritu y el recuerdo de los libertadores iluminen los senderos que deben recorrerse, obteniendo los apoyos para&nbsp; este reto hacia el futuro. Y, es imperativo aludir a estas prioridades, porque hay situaciones y repercusiones que merecen&nbsp; atenciones inmediatas y una valoraci\u00f3n especial, por las implicaciones no solo locales, regionales, provinciales y nacionales, sino por los efectos bilaterales y multinacionales, que producen tr\u00e1mites, procedimientos, regulaciones y hechos. Adem\u00e1s, ante la urgente y necesaria&nbsp; generaci\u00f3n de empleos para dar pasos hacia el desarrollo y el progreso.<\/p>\n<p><strong>JOS\u00c9&nbsp;&nbsp; NEIRA REY <\/strong><\/p>\n<p><a href=\"mailto:jneirarey@hotmail.com\">jneirarey@hotmail.com<\/a> <\/p>\n","protected":false},"excerpt":{"rendered":"<p>1.- Si el desenvolvimiento y el desarrollo fronterizo dependen de la participaci\u00f3n, acci\u00f3n y entendimientos que promuevan y consoliden los habitantes de estas fajas territoriales y teniendo por sustento y&nbsp; pilar legal&nbsp; insustituible incentivos, est\u00edmulos, reglamentaciones y opciones&nbsp; que de manera conjunta definan y apliquen&nbsp; quienes representan la institucionalidad y el manejo operativo o funcional &hellip;<\/p>\n","protected":false},"author":1,"featured_media":32280,"comment_status":"open","ping_status":"open","sticky":false,"template":"","format":"standard","meta":{"footnotes":""},"categories":[14,4],"tags":[2483,382,956],"class_list":["post-32279","post","type-post","status-publish","format-standard","has-post-thumbnail","hentry","category-articulistas","category-barra","tag-crisis-en-la-frontera","tag-jose-neira","tag-notas-al-margen"],"_links":{"self":[{"href":"https:\/\/contraluzcucuta.co\/index.php?rest_route=\/wp\/v2\/posts\/32279","targetHints":{"allow":["GET"]}}],"collection":[{"href":"https:\/\/contraluzcucuta.co\/index.php?rest_route=\/wp\/v2\/posts"}],"about":[{"href":"https:\/\/contraluzcucuta.co\/index.php?rest_route=\/wp\/v2\/types\/post"}],"author":[{"embeddable":true,"href":"https:\/\/contraluzcucuta.co\/index.php?rest_route=\/wp\/v2\/users\/1"}],"replies":[{"embeddable":true,"href":"https:\/\/contraluzcucuta.co\/index.php?rest_route=%2Fwp%2Fv2%2Fcomments&post=32279"}],"version-history":[{"count":1,"href":"https:\/\/contraluzcucuta.co\/index.php?rest_route=\/wp\/v2\/posts\/32279\/revisions"}],"predecessor-version":[{"id":32281,"href":"https:\/\/contraluzcucuta.co\/index.php?rest_route=\/wp\/v2\/posts\/32279\/revisions\/32281"}],"wp:featuredmedia":[{"embeddable":true,"href":"https:\/\/contraluzcucuta.co\/index.php?rest_route=\/wp\/v2\/media\/32280"}],"wp:attachment":[{"href":"https:\/\/contraluzcucuta.co\/index.php?rest_route=%2Fwp%2Fv2%2Fmedia&parent=32279"}],"wp:term":[{"taxonomy":"category","embeddable":true,"href":"https:\/\/contraluzcucuta.co\/index.php?rest_route=%2Fwp%2Fv2%2Fcategories&post=32279"},{"taxonomy":"post_tag","embeddable":true,"href":"https:\/\/contraluzcucuta.co\/index.php?rest_route=%2Fwp%2Fv2%2Ftags&post=32279"}],"curies":[{"name":"wp","href":"https:\/\/api.w.org\/{rel}","templated":true}]}}