{"id":32261,"date":"2018-04-08T19:51:03","date_gmt":"2018-04-09T00:51:03","guid":{"rendered":"http:\/\/contraluzcucuta.co\/?p=32261"},"modified":"2018-04-08T19:51:03","modified_gmt":"2018-04-09T00:51:03","slug":"crisis-en-la-frontera-normalidad-en-registro-administrativo-de-migrantes-venezolanos","status":"publish","type":"post","link":"https:\/\/contraluzcucuta.co\/?p=32261","title":{"rendered":"CRISIS EN LA FRONTERA. Normalidad en Registro Administrativo de Migrantes Venezolanos"},"content":{"rendered":"<p style=\"padding-left: 60px;\"><span style=\"color: #ff6600;\"><strong>C\u00daCUTA.-<\/strong> El Registro Administrativo de Migrantes Venezolanos (RAMV), en aplicaci\u00f3n del Decreto 542, del 21 de marzo de 2018, busca dise\u00f1ar una pol\u00edtica integral de atenci\u00f3n humanitaria a los ni\u00f1os y adultos que pasen la frontera en procura de mejorar la condici\u00f3n de vida.<\/span><\/p>\n<p>En el \u00c1rea Metropolitana de C\u00facuta el RAMV se llevar\u00e1 a cabo hasta el 8 de junio y contar\u00e1 con tres puntos habilitados:<\/p>\n<p>1.- Centro de Gesti\u00f3n Integral del Riesgo de Desastres (CEGIRD Fronterizo)<\/p>\n<p>2.- Centro Integral de Atenci\u00f3n a la Familia (CIAF) de Atalaya<\/p>\n<p>3.- Centro Integral de Atenci\u00f3n a la Familia (CIAF) de la Libertad.<\/p>\n<p>4.- Biblioteca p\u00fablica de Los Patios<\/p>\n<p>5.- Casa de la cultura de Villa del Rosario.<\/p>\n<p>La primera jornada se cumpli\u00f3 sin contratiempos en los 524 puntos dispuestos en 21 departamentos y 50 municipios colombianos. El gerente de Frontera con Venezuela, Felipe Mu\u00f1oz, destac\u00f3 la colaboraci\u00f3n de las personer\u00edas, ONU, OIM, Defensor\u00eda del Pueblo, Acnur y alcald\u00edas.<\/p>\n<p>La afluencia de venezolanos se hace de manera ordenada, especialmente en la capital de Norte de Santander, una de las ciudades en donde m\u00e1s se vive este fen\u00f3meno. \u201cEs importante que la gente se programe, que lo haga con calma y que tenga&nbsp; en cuenta que hay dos meses, a partir de la fecha, para que se puedan registrar en el RAMV\u201d, dijo Mu\u00f1oz.<\/p>\n<p>Fueron dispuestas dos unidades m\u00f3viles con personal suficiente que se desplazar\u00e1n por municipios de la frontera para hacer la inscripci\u00f3n de los migrantes venezolanos. La informaci\u00f3n contenida en el RAMV ser\u00e1 de car\u00e1cter confidencial y no podr\u00e1 ser utilizada para la imposici\u00f3n de multas, deportaciones o expulsiones de cualquier tipo. Servir\u00e1 como soporte para la formulaci\u00f3n y dise\u00f1o de la pol\u00edtica integral de atenci\u00f3n humanitaria a ciudadanos venezolanos en Colombia.<\/p>\n<p>Los departamentos en donde se espera mayor afluencia de venezolanos son Norte de Santander, Guajira y Arauca, dada la cercan\u00eda con el vecino pa\u00eds.<\/p>\n<p>En Norte de Santander estos son los sitios dispuestos para que los venezolanos puedan hacer el registro durante los pr\u00f3ximos dos meses:<\/p>\n<p>C\u00facuta, Villa del Rosario, Los Patios, Puerto Santander, Tib\u00fa, Oca\u00f1a, Pamplona, La Gabarra, Herr\u00e1n, Ragonvalia, Toledo, Labateca, El Tarra,<\/p>\n<p>Convenci\u00f3n, Chin\u00e1cota. <\/p>\n","protected":false},"excerpt":{"rendered":"<p>C\u00daCUTA.- El Registro Administrativo de Migrantes Venezolanos (RAMV), en aplicaci\u00f3n del Decreto 542, del 21 de marzo de 2018, busca dise\u00f1ar una pol\u00edtica integral de atenci\u00f3n humanitaria a los ni\u00f1os y adultos que pasen la frontera en procura de mejorar la condici\u00f3n de vida. En el \u00c1rea Metropolitana de C\u00facuta el RAMV se llevar\u00e1 a &hellip;<\/p>\n","protected":false},"author":1,"featured_media":32262,"comment_status":"open","ping_status":"open","sticky":false,"template":"","format":"standard","meta":{"footnotes":""},"categories":[4,6],"tags":[2483,4124],"class_list":["post-32261","post","type-post","status-publish","format-standard","has-post-thumbnail","hentry","category-barra","category-ojo-avizor","tag-crisis-en-la-frontera","tag-registro-de-migrantes"],"_links":{"self":[{"href":"https:\/\/contraluzcucuta.co\/index.php?rest_route=\/wp\/v2\/posts\/32261","targetHints":{"allow":["GET"]}}],"collection":[{"href":"https:\/\/contraluzcucuta.co\/index.php?rest_route=\/wp\/v2\/posts"}],"about":[{"href":"https:\/\/contraluzcucuta.co\/index.php?rest_route=\/wp\/v2\/types\/post"}],"author":[{"embeddable":true,"href":"https:\/\/contraluzcucuta.co\/index.php?rest_route=\/wp\/v2\/users\/1"}],"replies":[{"embeddable":true,"href":"https:\/\/contraluzcucuta.co\/index.php?rest_route=%2Fwp%2Fv2%2Fcomments&post=32261"}],"version-history":[{"count":1,"href":"https:\/\/contraluzcucuta.co\/index.php?rest_route=\/wp\/v2\/posts\/32261\/revisions"}],"predecessor-version":[{"id":32263,"href":"https:\/\/contraluzcucuta.co\/index.php?rest_route=\/wp\/v2\/posts\/32261\/revisions\/32263"}],"wp:featuredmedia":[{"embeddable":true,"href":"https:\/\/contraluzcucuta.co\/index.php?rest_route=\/wp\/v2\/media\/32262"}],"wp:attachment":[{"href":"https:\/\/contraluzcucuta.co\/index.php?rest_route=%2Fwp%2Fv2%2Fmedia&parent=32261"}],"wp:term":[{"taxonomy":"category","embeddable":true,"href":"https:\/\/contraluzcucuta.co\/index.php?rest_route=%2Fwp%2Fv2%2Fcategories&post=32261"},{"taxonomy":"post_tag","embeddable":true,"href":"https:\/\/contraluzcucuta.co\/index.php?rest_route=%2Fwp%2Fv2%2Ftags&post=32261"}],"curies":[{"name":"wp","href":"https:\/\/api.w.org\/{rel}","templated":true}]}}