{"id":32248,"date":"2018-04-08T18:45:44","date_gmt":"2018-04-08T23:45:44","guid":{"rendered":"http:\/\/contraluzcucuta.co\/?p=32248"},"modified":"2018-04-08T18:45:44","modified_gmt":"2018-04-08T23:45:44","slug":"notas-al-margen-el-cierre-de-fronteras-y-la-necesidad-de-abrirnos-al-mundo","status":"publish","type":"post","link":"https:\/\/contraluzcucuta.co\/?p=32248","title":{"rendered":"NOTAS AL MARGEN. El cierre de fronteras\u00a0 y la necesidad de abrirnos al mundo"},"content":{"rendered":"<p style=\"padding-left: 60px;\"><span style=\"color: #ff6600;\">1.- El fen\u00f3meno que ha&nbsp; generado el cierre de la frontera, con el consecuencial mirar hacia abajo de m\u00faltiples personas, porque el tr\u00e1nsito interfronterizo \u2013 no obstante la pr\u00f3xima terminaci\u00f3n del Puente de Tienditas \u2013 requerir\u00e1 de nuevas formalidades, con caracter\u00edsticas y condiciones, que por el momento&nbsp; nadie&nbsp; precisa o intuye, ha alterado y en grado significante, lo que es y representa la interacci\u00f3n de colombianos y venezolanos en una faja territorial de gran importancia, como es la que define y proyecta&nbsp; la permanente relaci\u00f3n bilateral de intercambios que produce un compartir com\u00fan y una mancomunidad&nbsp; que se procre\u00f3&nbsp; por nexos tolerados, pero sin la \u201cbendici\u00f3n\u201d, regulaci\u00f3n y apoyo de aut\u00e9nticas pol\u00edticas de Estado, tal como lo requiere y exige&nbsp; un desenvolvimiento tan especial y de tantas implicaciones, como es el institucional o Estado de Derecho, que se genera y atiende, ante &nbsp;demandas y ofertas de productos y art\u00edculos que provienen o van hacia diferentes lugares del mundo.<\/span><\/p>\n<p>Creer que la par\u00e1lisis de ahora no ha producido efectos o que estos solo se captan en los puentes, en donde el sol del medio d\u00eda y de las tardes es lo \u00fanico que acompa\u00f1a a los cambistas&nbsp; menores, es no penetrar en el meollo de&nbsp; la estructura funcional y operativa que se ha forjado y establecido en muchos a\u00f1os y por simples&nbsp; razones elementales de aproximaci\u00f3n y de contacto.<\/p>\n<p>2.- Pero ante eso y cuando han transcurrido varias semanas&nbsp; sin mayores transacciones y sin movimientos de carga de importaci\u00f3n o exportaci\u00f3n, es claro y rotundo que el concepto de frontera&nbsp; y la trascendencia de esta continua sin ser entendida, valorada y proyectada por quienes tienen la obligaci\u00f3n y el deber pol\u00edtico de identificar con actos p\u00fablicos y legales el alcance y la magnitud de lo que producen los hechos y la costumbre de actos y conductas que se han irrigado por los puntos de contacto de estas \u00e1reas, que han sido marginales y abandonadas por los poderes centrales, en el logro de normas que precisen incentivos, est\u00edmulos, mecanismos&nbsp; y regulaciones que permitan dar vida a proyectos generadores de empleo, parques industriales y tecnol\u00f3gicos, Zonas Francas Especiales y Zona Aduanera para activar esfuerzos y procedimientos. Adem\u00e1s, es grave y abiertamente negativo que el sector privado de las respectivas partes zonales no se haya reunido y trazado un Plan de Modernizaci\u00f3n y Activaci\u00f3n Fronteriza, tal como a gritos se capta en el ambiente. \u00bfPor qu\u00e9 no nos hemos reunido con los dirigentes del&nbsp; T\u00e1chira, Maracaibo, etc\u00e9tera?<\/p>\n<p>3.- Pero lo sorprendente de todo lo negativo que ocurre, es que haya personas&nbsp; y voceros de la autoridad que, en lugar de propiciar encuentros para acuerdos y entendimientos mayores, y lleguen hasta la sede del centralismo para buscar las mejores salidas&nbsp; y perspectivas, indiquen que lo mejor es actuar solos. Esto, m\u00e1s la carencia de&nbsp; renovaci\u00f3n en los cuadros directivos de los partidos, como en las juntas directivas de organismos y gremios representativos, para que la trasformaci\u00f3n y el cambio que exige la zona&nbsp; se produzca para dar paso a una unidad de esfuerzos y de trabajo \u2013verdaderamente &#8211; en equipo&nbsp; es una necesidad inaplazable y urgente, porque si&nbsp; la regi\u00f3n no apunta hacia el desarrollo y capta el enorme desaf\u00edo en que se encuentra, el futuro est\u00e1 m\u00e1s que amenazado.<\/p>\n<p>Por eso la soluci\u00f3n al agua, al gas, a la infraestructura vial y de servicios, a la capacitaci\u00f3n, a la innovaci\u00f3n y a la labor compartida en investigaci\u00f3n y avances tecnol\u00f3gicos para abrir compuertas y opciones es ahora. Y, s\u00ed, convocando al mundo universitario y especializado de uno y otro lado, para visualizar el futuro, ordenar y puntualizar lo que nos falta estructurar, porque posemos una ubicaci\u00f3n geoestrat\u00e9gica excepcional y registramos un pasado que nos invita a contactar con sitios y lugares de importancia internacional, si es que en verdad anhelamos avanzar y superar la dolorosa semipar\u00e1lisis de ahora.&nbsp;&nbsp;<\/p>\n<p><strong>JOS\u00c9 NEIRA REY <\/strong><\/p>\n<p><a href=\"mailto:jneirarey@hotmail.com\">jneirarey@hotmail.com<\/a> <\/p>\n","protected":false},"excerpt":{"rendered":"<p>1.- El fen\u00f3meno que ha&nbsp; generado el cierre de la frontera, con el consecuencial mirar hacia abajo de m\u00faltiples personas, porque el tr\u00e1nsito interfronterizo \u2013 no obstante la pr\u00f3xima terminaci\u00f3n del Puente de Tienditas \u2013 requerir\u00e1 de nuevas formalidades, con caracter\u00edsticas y condiciones, que por el momento&nbsp; nadie&nbsp; precisa o intuye, ha alterado y en &hellip;<\/p>\n","protected":false},"author":1,"featured_media":32249,"comment_status":"open","ping_status":"open","sticky":false,"template":"","format":"standard","meta":{"footnotes":""},"categories":[14,4],"tags":[1619,2483,382,956],"class_list":["post-32248","post","type-post","status-publish","format-standard","has-post-thumbnail","hentry","category-articulistas","category-barra","tag-cierre-de-la-frontera-colombo-venezolana","tag-crisis-en-la-frontera","tag-jose-neira","tag-notas-al-margen"],"_links":{"self":[{"href":"https:\/\/contraluzcucuta.co\/index.php?rest_route=\/wp\/v2\/posts\/32248","targetHints":{"allow":["GET"]}}],"collection":[{"href":"https:\/\/contraluzcucuta.co\/index.php?rest_route=\/wp\/v2\/posts"}],"about":[{"href":"https:\/\/contraluzcucuta.co\/index.php?rest_route=\/wp\/v2\/types\/post"}],"author":[{"embeddable":true,"href":"https:\/\/contraluzcucuta.co\/index.php?rest_route=\/wp\/v2\/users\/1"}],"replies":[{"embeddable":true,"href":"https:\/\/contraluzcucuta.co\/index.php?rest_route=%2Fwp%2Fv2%2Fcomments&post=32248"}],"version-history":[{"count":1,"href":"https:\/\/contraluzcucuta.co\/index.php?rest_route=\/wp\/v2\/posts\/32248\/revisions"}],"predecessor-version":[{"id":32250,"href":"https:\/\/contraluzcucuta.co\/index.php?rest_route=\/wp\/v2\/posts\/32248\/revisions\/32250"}],"wp:featuredmedia":[{"embeddable":true,"href":"https:\/\/contraluzcucuta.co\/index.php?rest_route=\/wp\/v2\/media\/32249"}],"wp:attachment":[{"href":"https:\/\/contraluzcucuta.co\/index.php?rest_route=%2Fwp%2Fv2%2Fmedia&parent=32248"}],"wp:term":[{"taxonomy":"category","embeddable":true,"href":"https:\/\/contraluzcucuta.co\/index.php?rest_route=%2Fwp%2Fv2%2Fcategories&post=32248"},{"taxonomy":"post_tag","embeddable":true,"href":"https:\/\/contraluzcucuta.co\/index.php?rest_route=%2Fwp%2Fv2%2Ftags&post=32248"}],"curies":[{"name":"wp","href":"https:\/\/api.w.org\/{rel}","templated":true}]}}