{"id":32245,"date":"2018-04-08T18:21:03","date_gmt":"2018-04-08T23:21:03","guid":{"rendered":"http:\/\/contraluzcucuta.co\/?p=32245"},"modified":"2018-04-08T18:21:03","modified_gmt":"2018-04-08T23:21:03","slug":"charla-con-maria-felix-no-gusta-que-ayuden-puedo-equivocarme-sola","status":"publish","type":"post","link":"https:\/\/contraluzcucuta.co\/?p=32245","title":{"rendered":"CHARLA CON\u2026 Mar\u00eda F\u00e9lix: No me gusta que me ayuden, puedo equivocarme sola."},"content":{"rendered":"<p style=\"padding-left: 60px;\"><span style=\"color: #ff6600;\">Mar\u00eda F\u00e9lix fue mucho m\u00e1s que una actriz, es el \u00edcono de una generaci\u00f3n de mexicanos y referente mundial de la belleza femenina. El temperamento y el gran talento histri\u00f3nico la catapultaron a la fama desde muy joven. Por estos d\u00edas se cumplen 99 a\u00f1os de nacida y 11 de fallecida. El alg\u00fan lugar de la red la encontramos.<\/span><\/p>\n<p><strong>\u00bfNombre?<\/strong><\/p>\n<p>Mar\u00eda de los \u00c1ngeles G\u00fcere\u00f1a<\/p>\n<p><strong>\u00bfCiudad y fecha de nacimiento?<\/strong><\/p>\n<p>\u00c1lamos, 8 de abril de 1914. En el rancho El Quiriego.<\/p>\n<p><strong>\u00bfProfesi\u00f3n?<\/strong><\/p>\n<p>Actriz cinematogr\u00e1fica mexicana.<\/p>\n<p><strong>\u00bfCualidades?<\/strong><\/p>\n<p>Dotada de una enigm\u00e1tica belleza latina.<\/p>\n<p><strong>\u00bfQu\u00e9 incluye su filmograf\u00eda?<\/strong><\/p>\n<p>Melodramas campesinos y revolucionarios, dramas urbanos y adaptaciones de novelas realistas y naturalistas.<\/p>\n<p><strong>\u00bfSu mejor papel?<\/strong><\/p>\n<p>Cuando encarnaba a una criatura altiva y desde\u00f1osa que se rebelaba ante el sometimiento de la mujer al macho arrogante. A medio camino entre la devoradora de hombres y el ideal de la beldad inalcanzable, represent\u00e9, como nadie, el arquetipo de la mujer fatal.<\/p>\n<p><strong>\u00bfEstado civil?<\/strong><\/p>\n<p>Casada con el compositor Agust\u00edn Lara, con el cantante y actor Jorge Negrete y con el banquero franc\u00e9s <strong>Alexander Berger<\/strong><strong>.<\/strong><\/p>\n<p><strong>\u00bfQui\u00e9n la descubri\u00f3 para el cine?<\/strong><\/p>\n<p>El director Miguel Zacar\u00edas, quien intent\u00f3 y logr\u00f3 potenciar aquella &#8220;apasionada frialdad&#8221; que caracterizaba mis actuaciones.<\/p>\n<p><strong>\u00bfEn qu\u00e9 a\u00f1o debut\u00f3 en la gran pantalla?<\/strong><\/p>\n<p>En 1942. Interpret\u00e9 la pel\u00edcula El pe\u00f1\u00f3n de las \u00e1nimas, que inici\u00f3 la lista de los filmes en los que compart\u00ed reparto con quien ser\u00eda m\u00e1s tarde mi tercer marido, Jorge Negrete.<\/p>\n<p><strong>\u00bfLugar de trabajo?<\/strong><\/p>\n<p>Toda Latinoam\u00e9rica y Europa, sobre todo en Espa\u00f1a, Francia e Italia, donde alcance gran popularidad.<\/p>\n<p><strong>\u00bfQui\u00e9n fue Fernando Palacios en su vida?<\/strong><\/p>\n<p>El realizador que me hizo estudiar arte dram\u00e1tico. Con \u00e9l consegu\u00ed mi primer \u00e9xito importante, en La mujer sin alma (1943), filme en el que tom\u00f3 cuerpo mi arquetipo de mujer bella y altiva.<\/p>\n<p><strong>\u00bfY Do\u00f1a B\u00e1rbara?<\/strong><\/p>\n<p>En 1943, se me adjudic\u00f3 el papel estelar de la cinta Do\u00f1a B\u00e1rbara, basada en la adaptaci\u00f3n de la obra de R\u00f3mulo Gallegos y dirigida por Fernando de Fuentes. En esa pel\u00edcula interpret\u00e9 a una mujer soberbia, dominante, cruel, la cl\u00e1sica &#8220;devoradora de hombres&#8221;.<\/p>\n<p><strong>\u00bfQu\u00e9 premios gan\u00f3?<\/strong><\/p>\n<p>La Academia Mexicana de Ciencias y Artes Cinematogr\u00e1ficas me otorg\u00f3 el Premio Ariel a la mejor actriz, en tres ocasiones: en 1947, por Enamorada; en 1949, por R\u00edo Escondido (ambas pel\u00edculas, al igual que Belleza maldita, dirigidas magistralmente por Emilio Fern\u00e1ndez el Indio), y en 1951, por Do\u00f1a Diabla.<\/p>\n<p><strong>\u00bfCu\u00e1les pel\u00edculas recuerda?<\/strong><\/p>\n<p>Huy, muchos t\u00edtulos de pel\u00edculas. Fui la inolvidable protagonista de Enamorada, La diosa arrodillada, R\u00edo Escondido, \u00a1Que Dios me perdone!, La monja alf\u00e9rez, Amok, Mare Nostrum (1948), &nbsp;Hechizo tr\u00e1gico (1954), La Bella Otero (1954) y Los ambiciosos (1959), uno de los filmes que realiz\u00f3 el aragon\u00e9s Luis Bu\u00f1uel en su f\u00e9rtil etapa de exilio mexicano. Completar\u00edan la lista Juana Gallo (1961), La Valentina (1964), La casa de cristal (1967), La Generala (1970), Eterno esplendor (1978).<\/p>\n<p><strong>\u00bfC\u00f3mo la apodaron?<\/strong><\/p>\n<p>Tuve tantos apodos como aventuras en la vida. El m\u00e1s famoso es La Do\u00f1a, que gan\u00e9 a partir de Do\u00f1a B\u00e1rbara. Mar\u00eda Bonita me dec\u00edan mis amigos despu\u00e9s de escuchar la canci\u00f3n que me compuso Agust\u00edn Lara. La Mexicaine, me apodaron en Francia cuando llegu\u00e9 a Europa para hacer algunas pel\u00edculas. Despu\u00e9s de verme en pantalla me llamaron la Plus Belle Femme du Monde (la mujer m\u00e1s bella del mundo).<\/p>\n<p><strong>\u00bfUna frase que dijo y le gust\u00f3?<\/strong><\/p>\n<p>\u201cNunca he criticado a las lesbianas ni a los gais. Lo que hace la gente de la cintura para abajo son sus historias, no las m\u00edas&#8221;.<\/p>\n<p><strong>\u00bfCu\u00e1ndo muri\u00f3?<\/strong><\/p>\n<p>Qu\u00e9 feo recordar eso. El 8 de abril de 2002, justo cuando cumpl\u00ed 88 a\u00f1os.<\/p>\n<p><strong>Texto adaptado del art\u00edculo publicado en <a href=\"http:\/\/www.biografiasyvidas.com\">www.biografiasyvidas.com<\/a> con apoyo en excelsior.com.mx<\/strong><\/p>\n<p>RAFAEL ANTONIO PAB\u00d3N<\/p>\n<p><a href=\"mailto:rafaelpabon58@hotmail.com\">rafaelpabon58@hotmail.com<\/a> <\/p>\n","protected":false},"excerpt":{"rendered":"<p>Mar\u00eda F\u00e9lix fue mucho m\u00e1s que una actriz, es el \u00edcono de una generaci\u00f3n de mexicanos y referente mundial de la belleza femenina. El temperamento y el gran talento histri\u00f3nico la catapultaron a la fama desde muy joven. Por estos d\u00edas se cumplen 99 a\u00f1os de nacida y 11 de fallecida. El alg\u00fan lugar de &hellip;<\/p>\n","protected":false},"author":1,"featured_media":32246,"comment_status":"open","ping_status":"open","sticky":false,"template":"","format":"standard","meta":{"footnotes":""},"categories":[51,4],"tags":[1681,4122],"class_list":["post-32245","post","type-post","status-publish","format-standard","has-post-thumbnail","hentry","category-charlas-con","category-barra","tag-charlas-con-2","tag-maria-felix"],"_links":{"self":[{"href":"https:\/\/contraluzcucuta.co\/index.php?rest_route=\/wp\/v2\/posts\/32245","targetHints":{"allow":["GET"]}}],"collection":[{"href":"https:\/\/contraluzcucuta.co\/index.php?rest_route=\/wp\/v2\/posts"}],"about":[{"href":"https:\/\/contraluzcucuta.co\/index.php?rest_route=\/wp\/v2\/types\/post"}],"author":[{"embeddable":true,"href":"https:\/\/contraluzcucuta.co\/index.php?rest_route=\/wp\/v2\/users\/1"}],"replies":[{"embeddable":true,"href":"https:\/\/contraluzcucuta.co\/index.php?rest_route=%2Fwp%2Fv2%2Fcomments&post=32245"}],"version-history":[{"count":1,"href":"https:\/\/contraluzcucuta.co\/index.php?rest_route=\/wp\/v2\/posts\/32245\/revisions"}],"predecessor-version":[{"id":32247,"href":"https:\/\/contraluzcucuta.co\/index.php?rest_route=\/wp\/v2\/posts\/32245\/revisions\/32247"}],"wp:featuredmedia":[{"embeddable":true,"href":"https:\/\/contraluzcucuta.co\/index.php?rest_route=\/wp\/v2\/media\/32246"}],"wp:attachment":[{"href":"https:\/\/contraluzcucuta.co\/index.php?rest_route=%2Fwp%2Fv2%2Fmedia&parent=32245"}],"wp:term":[{"taxonomy":"category","embeddable":true,"href":"https:\/\/contraluzcucuta.co\/index.php?rest_route=%2Fwp%2Fv2%2Fcategories&post=32245"},{"taxonomy":"post_tag","embeddable":true,"href":"https:\/\/contraluzcucuta.co\/index.php?rest_route=%2Fwp%2Fv2%2Ftags&post=32245"}],"curies":[{"name":"wp","href":"https:\/\/api.w.org\/{rel}","templated":true}]}}