{"id":32241,"date":"2018-04-08T14:49:48","date_gmt":"2018-04-08T19:49:48","guid":{"rendered":"http:\/\/contraluzcucuta.co\/?p=32241"},"modified":"2018-04-08T14:59:48","modified_gmt":"2018-04-08T19:59:48","slug":"pop-colombiano-alenoise-cautiva-la-audiencia-latina-del-sur-de-florida","status":"publish","type":"post","link":"https:\/\/contraluzcucuta.co\/?p=32241","title":{"rendered":"POP COLOMBIANO. \u2018Alenoise\u2019 cautiva la audiencia Latina del sur de Florida"},"content":{"rendered":"<p style=\"padding-left: 60px;\"><span style=\"color: #ff6600;\">Luego de concluir una gira promocional por los principales medios de comunicaci\u00f3n de habla hispana en Miami (Florida \u2013 Estados Unidos), regresa a Bogot\u00e1 Alejandro Herrera, Alenoise, calificado por los medios estadounidenses como \u201cjoven promesa del pop colombiano\u201d.<\/span><\/p>\n<p>En&nbsp; el tour por los principales canales de televisi\u00f3n y estaciones de radio, Alenoise ofreci\u00f3 a la audiencia el primer larga duraci\u00f3n, \u2018Praesagium\u2019, enmarcado en el contexto del electro pop latino.<\/p>\n<p>En este compilado de 10 canciones que abarcan diferentes corrientes del pop internacional, Alenoise, se presenta como un artista multifac\u00e9tico que puede variar con total comodidad y desempe\u00f1arse bien en escenarios musicales que van desde la balada pop hasta el R&amp;B (Rythm and Blues) y fusiones de electro pop y dance hall.<\/p>\n<p>Producto de m\u00faltiples sincretismos musicales, este \u00e1lbum sorprende con la combinaci\u00f3n de elementos del pop, con otros aut\u00f3ctonos de m\u00fasicas suramericanas y con una diversidad instrumental que permite acoplar percusiones latinas, con sintetizadores, marimba de chonta y guitarras de funk, todo en una canci\u00f3n. Con letras rom\u00e1nticas, apoyadas por el uso de recursos literarios y musicales, el artista se plante\u00f3 demostrar que s\u00ed es posible hacer m\u00fasica.<\/p>\n<p>Alenoise fue invitado a \u2018Despierta Am\u00e9rica\u2019, programa matutino de la cadena Univisi\u00f3n. Recibi\u00f3 elogios por la presentadora Francisca Lachapell, &nbsp;y quien lo calific\u00f3 como \u201cEl Justin Beber colombiano\u201d.<\/p>\n<p>Tambi\u00e9n, estuvo en el Noticiero Telemundo 51, al Amanecer. Convers\u00f3 con el periodista Harold Santana sobre el primer larga duraci\u00f3n \u2018Presagium\u2019.<\/p>\n<p>\u201cEste es el resultado de tres a\u00f1os de trabajo. Siento que este es un producto realmente maduro, que a la gente le va a gustar\u201d, dijo Alenoise. El disco incluye la canci\u00f3n en ingl\u00e9s <em>Thill de sun comes out<\/em>, compuesta por Camilo Y\u00e1\u00f1ez, Lux, y presentada en el Show TN3, &nbsp;de Am\u00e9rica tev\u00e9 Miami, con la conducci\u00f3n del presentador cubano Carlos Otero y la venezolana M\u00f3nica Pasqualotto.<\/p>\n<p>\u201cEl primer sencillo, \u2018Calor\u2019, se lanz\u00f3 hace dos semanas en las redes sociales y ha tenido una acogida espectacular\u201d, dijo Alenoise, reconocido por su voz fresca, juvenil y cargada de energ\u00eda.<\/p>\n<p>En Radio Mamb\u00ed, de Univisi\u00f3n Radio, Alenoise fue entrevistado por el periodista Alejandro Marcano, quien elogi\u00f3 al joven cantante que ha comenzado a conquistar los corazones j\u00f3venes y de los mayores de 50 a\u00f1os.<\/p>\n<p>En Caracol 1260 AM de Miami, estuvo en el programa Pase la Tarde, con Mario Andr\u00e9s. Fue entrevista por la periodista colombiana Marcela Sarmiento y el comunicador Horacio Jofr\u00e9. La audiencia disfrut\u00f3 de una peque\u00f1a muestra del primer \u00e1lbum.<\/p>\n<p>Alenoise fue invitado por Univisi\u00f3n al Festival Calle 8 de Miami, edici\u00f3n 41, el evento latino m\u00e1s grande de Estados Unidosy en el que cautiv\u00f3 al p\u00fablico con las producciones musicales.<\/p>\n<p>Durante el 2016 y 2017, Alenoise emprendi\u00f3 campa\u00f1as digitales que le permitieron tener mayor visualizaci\u00f3n digital en redes sociales.<\/p>\n<p><strong>AleNoiseMusicOficial<\/strong><\/p>\n<p>https:\/\/www.youtube.com\/channel\/UCDmyhiLi-qsX54x4jEkZf3g <\/p>\n","protected":false},"excerpt":{"rendered":"<p>Luego de concluir una gira promocional por los principales medios de comunicaci\u00f3n de habla hispana en Miami (Florida \u2013 Estados Unidos), regresa a Bogot\u00e1 Alejandro Herrera, Alenoise, calificado por los medios estadounidenses como \u201cjoven promesa del pop colombiano\u201d. En&nbsp; el tour por los principales canales de televisi\u00f3n y estaciones de radio, Alenoise ofreci\u00f3 a la &hellip;<\/p>\n","protected":false},"author":1,"featured_media":32242,"comment_status":"open","ping_status":"open","sticky":false,"template":"","format":"standard","meta":{"footnotes":""},"categories":[45,4,37],"tags":[4119,4121,4120],"class_list":["post-32241","post","type-post","status-publish","format-standard","has-post-thumbnail","hentry","category-destacado","category-barra","category-paseo-cultural","tag-alenoise","tag-musico-colombiano","tag-pop-colombiano"],"_links":{"self":[{"href":"https:\/\/contraluzcucuta.co\/index.php?rest_route=\/wp\/v2\/posts\/32241","targetHints":{"allow":["GET"]}}],"collection":[{"href":"https:\/\/contraluzcucuta.co\/index.php?rest_route=\/wp\/v2\/posts"}],"about":[{"href":"https:\/\/contraluzcucuta.co\/index.php?rest_route=\/wp\/v2\/types\/post"}],"author":[{"embeddable":true,"href":"https:\/\/contraluzcucuta.co\/index.php?rest_route=\/wp\/v2\/users\/1"}],"replies":[{"embeddable":true,"href":"https:\/\/contraluzcucuta.co\/index.php?rest_route=%2Fwp%2Fv2%2Fcomments&post=32241"}],"version-history":[{"count":1,"href":"https:\/\/contraluzcucuta.co\/index.php?rest_route=\/wp\/v2\/posts\/32241\/revisions"}],"predecessor-version":[{"id":32243,"href":"https:\/\/contraluzcucuta.co\/index.php?rest_route=\/wp\/v2\/posts\/32241\/revisions\/32243"}],"wp:featuredmedia":[{"embeddable":true,"href":"https:\/\/contraluzcucuta.co\/index.php?rest_route=\/wp\/v2\/media\/32242"}],"wp:attachment":[{"href":"https:\/\/contraluzcucuta.co\/index.php?rest_route=%2Fwp%2Fv2%2Fmedia&parent=32241"}],"wp:term":[{"taxonomy":"category","embeddable":true,"href":"https:\/\/contraluzcucuta.co\/index.php?rest_route=%2Fwp%2Fv2%2Fcategories&post=32241"},{"taxonomy":"post_tag","embeddable":true,"href":"https:\/\/contraluzcucuta.co\/index.php?rest_route=%2Fwp%2Fv2%2Ftags&post=32241"}],"curies":[{"name":"wp","href":"https:\/\/api.w.org\/{rel}","templated":true}]}}