{"id":32225,"date":"2018-04-05T13:03:03","date_gmt":"2018-04-05T18:03:03","guid":{"rendered":"http:\/\/contraluzcucuta.co\/?p=32225"},"modified":"2018-04-05T13:03:03","modified_gmt":"2018-04-05T18:03:03","slug":"conmemoracion-un-9-de-abril-para-todos","status":"publish","type":"post","link":"https:\/\/contraluzcucuta.co\/?p=32225","title":{"rendered":"CONMEMORACI\u00d3N. \u00a1Un 9 de abril para todos!"},"content":{"rendered":"<p style=\"padding-left: 60px;\"><span style=\"color: #ff6600;\"><strong>C\u00daCUTA.- <\/strong>Millones de v\u00edctimas despu\u00e9s y a 70 a\u00f1os del acontecimiento que desat\u00f3 una de las oleadas m\u00e1s fuertes en la historia de la Colombia independentista, la memoria y la solidaridad se resignifican, conmemoradas con expresiones art\u00edsticas, movilizaci\u00f3n ciudadana y el reconocimiento de la violencia que ha protagonizado los cap\u00edtulos m\u00e1s nefastos y dolorosos del territorio colombiano.&nbsp;&nbsp;&nbsp;&nbsp;&nbsp;<\/span><\/p>\n<p>Marcando un antes y un despu\u00e9s, el 9 de abril del 1948 es el recuerdo vivo de los abuelos que cronol\u00f3gicamente narran la memoria de un suceso impactante; de los diarios que cambiaron sus portadas a \u00faltima hora y de los miles de j\u00f3venes que buscamos entre libros y escritos de prensa, la importancia de un d\u00eda que se titul\u00f3 como el \u2018Bogotazo\u2019.&nbsp;&nbsp;&nbsp;&nbsp;<\/p>\n<p><strong>El origen de 70 a\u00f1os de violencia&nbsp;&nbsp; <\/strong><\/p>\n<p>Con el himno nacional, las emisoras iniciaban las trasmisiones por las cadenas radiales, entregando las advertencias de la ferocidad civil que se encaminaba y los a\u00f1os oscuros que iban a poner a tambalear al pa\u00eds y al gobierno conservador del presidente Mariano Ospina P\u00e9rez, que junto a poderes extranjeros y con la ayuda de la mano negra disparar\u00eda en tres ocasiones contra el candidato liberal. Ospina y los jefes de seguridad conspiraron una persecuci\u00f3n al movimiento gaitanista, dejando como resultado el magnicidio del jurista, polit\u00f3logo y escritor Jorge Eliecer Gait\u00e1n.&nbsp;&nbsp;&nbsp;<\/p>\n<p>A la 1:30 de la tarde, el caudillo del pueblo fue asesinado por el joven Juan Roa Sierra. Gait\u00e1n cay\u00f3 agonizante en la esquina de la calle s\u00e9ptima con avenida Jim\u00e9nez, frente al restaurante El Gato Negro y a solo unos cuantos pasos de la entrada del edificio donde estaba su oficina.&nbsp;<\/p>\n<p>La atmosfera de la capital colombiana se oscurec\u00eda por las nubes de humo rojo provocado por los incendios que reflejaba la desesperanza de un futuro con discordia y brechas partidistas, que siguen frecuentando la democracia colombiana y que en estos d\u00edas se le nombra polarizaci\u00f3n.<\/p>\n<p><strong>D\u00eda de la Memoria y Solidaridad con las v\u00edctimas del conflicto armado <\/strong><\/p>\n<p>Cada 9 de abril, desde cuando se aprob\u00f3 la Ley 1448 de 2011, se conmemora el D\u00eda de la Memoria y Solidaridad con las v\u00edctimas del conflicto armado, en concordancia con la construcci\u00f3n de un nuevo horizonte de paz y reconciliaci\u00f3n entre los actores.<\/p>\n<p>La jornada nacional crea la oportunidad de formar un tejido social e hist\u00f3rico, la construcci\u00f3n de la memoria mediante la fotograf\u00eda, el testimonio y la poes\u00eda. La solidaridad de los pueblos, la contribuci\u00f3n art\u00edstica y cultural de comunidades y la reparaci\u00f3n integral del derecho a la vida como lo expresa el art\u00edculo 11 de la Constituci\u00f3n y que Jaime Garz\u00f3n citaba en las conferencias, traducido en lengua indigna dice que \u201cNadie podr\u00e1 llevar por encima de su coraz\u00f3n a nadie, ni hacerle mal en su persona, aunque piense y diga diferente\u201d.<\/p>\n<p>El Centro Nacional de Memoria Hist\u00f3rica (CNMH), como aporte al cumplimiento del deber del Estado, visibiliza, apoya y sirve de plataforma a las iniciativas de memoria hist\u00f3rica en Colombia, para que narrativas y voces diversas cuenten lo ocurrido y sean las que conecten y potencien los aprendizajes.<\/p>\n<p>En C\u00facuta la jornada ser\u00e1 organizada por la Fundaci\u00f3n Taller de T\u00edteres de Colombia, un espacio con m\u00e1s de 30 a\u00f1os en funci\u00f3n de la cultura y el desarrollo social de la regi\u00f3n.<\/p>\n<p>La participaci\u00f3n y el empoderamiento de colectivos art\u00edsticos, grupos culturales y comit\u00e9s de derechos humanos permitir\u00e1n adelantar y acompa\u00f1ar esta actividad. Se busca mediante esta alianza promover la cultura de paz y la memoria hist\u00f3rica de un pa\u00eds golpeado por el conflicto armado.<\/p>\n<p>Profec\u00eda calculada poco antes de su muerte por el caudillo del pueblo en uno de los tantos discursos con oratoria perfecta en la plaza popular. &#8220;Ninguna mano del pueblo se levantar\u00e1 contra m\u00ed y la oligarqu\u00eda no me mata, porque sabe que si lo hace el pa\u00eds se vuelca y las aguas demorar\u00e1n 50 a\u00f1os en regresar a su nivel normal&#8221;.<\/p>\n<p><strong>RUB\u00c9N AGUDELO<\/strong><\/p>\n<p><a href=\"mailto:cafuagudelo@gmail.com\">cafuagudelo@gmail.com<\/a> <\/p>\n","protected":false},"excerpt":{"rendered":"<p>C\u00daCUTA.- Millones de v\u00edctimas despu\u00e9s y a 70 a\u00f1os del acontecimiento que desat\u00f3 una de las oleadas m\u00e1s fuertes en la historia de la Colombia independentista, la memoria y la solidaridad se resignifican, conmemoradas con expresiones art\u00edsticas, movilizaci\u00f3n ciudadana y el reconocimiento de la violencia que ha protagonizado los cap\u00edtulos m\u00e1s nefastos y dolorosos del &hellip;<\/p>\n","protected":false},"author":1,"featured_media":32226,"comment_status":"open","ping_status":"open","sticky":false,"template":"","format":"standard","meta":{"footnotes":""},"categories":[74,4],"tags":[4116,4117,2903,4118],"class_list":["post-32225","post","type-post","status-publish","format-standard","has-post-thumbnail","hentry","category-aula-universitaria","category-barra","tag-9-de-abril-de-1948","tag-jorge-eliecer-gaitan","tag-memoria-historica","tag-movimiento-gaitanista"],"_links":{"self":[{"href":"https:\/\/contraluzcucuta.co\/index.php?rest_route=\/wp\/v2\/posts\/32225","targetHints":{"allow":["GET"]}}],"collection":[{"href":"https:\/\/contraluzcucuta.co\/index.php?rest_route=\/wp\/v2\/posts"}],"about":[{"href":"https:\/\/contraluzcucuta.co\/index.php?rest_route=\/wp\/v2\/types\/post"}],"author":[{"embeddable":true,"href":"https:\/\/contraluzcucuta.co\/index.php?rest_route=\/wp\/v2\/users\/1"}],"replies":[{"embeddable":true,"href":"https:\/\/contraluzcucuta.co\/index.php?rest_route=%2Fwp%2Fv2%2Fcomments&post=32225"}],"version-history":[{"count":1,"href":"https:\/\/contraluzcucuta.co\/index.php?rest_route=\/wp\/v2\/posts\/32225\/revisions"}],"predecessor-version":[{"id":32227,"href":"https:\/\/contraluzcucuta.co\/index.php?rest_route=\/wp\/v2\/posts\/32225\/revisions\/32227"}],"wp:featuredmedia":[{"embeddable":true,"href":"https:\/\/contraluzcucuta.co\/index.php?rest_route=\/wp\/v2\/media\/32226"}],"wp:attachment":[{"href":"https:\/\/contraluzcucuta.co\/index.php?rest_route=%2Fwp%2Fv2%2Fmedia&parent=32225"}],"wp:term":[{"taxonomy":"category","embeddable":true,"href":"https:\/\/contraluzcucuta.co\/index.php?rest_route=%2Fwp%2Fv2%2Fcategories&post=32225"},{"taxonomy":"post_tag","embeddable":true,"href":"https:\/\/contraluzcucuta.co\/index.php?rest_route=%2Fwp%2Fv2%2Ftags&post=32225"}],"curies":[{"name":"wp","href":"https:\/\/api.w.org\/{rel}","templated":true}]}}