{"id":32207,"date":"2018-04-05T09:33:52","date_gmt":"2018-04-05T14:33:52","guid":{"rendered":"http:\/\/contraluzcucuta.co\/?p=32207"},"modified":"2018-04-05T12:08:31","modified_gmt":"2018-04-05T17:08:31","slug":"patinaje-mundial-cucuta-sede-de-selectivo-para-olimpicos-de-la-juventud","status":"publish","type":"post","link":"https:\/\/contraluzcucuta.co\/?p=32207","title":{"rendered":"PATINAJE MUNDIAL. C\u00facuta, sede de selectivo para Ol\u00edmpicos de la Juventud"},"content":{"rendered":"<p style=\"padding-left: 60px;\"><span style=\"color: #ff6600;\"><strong>C\u00daCUTA.-<\/strong> La capital de Norte de Santander respira ambiente mundialista de patinaje. Los aspirantes a integrar la Selecci\u00f3n Colombia de carreras, que participar\u00e1 en la cita orbital de Holanda, se ponen a punto en el patinadero Enrique Lara Hern\u00e1ndez para afrontar el nacional selectivo que se vivir\u00e1 del 8 al 15 de abril.<\/span><\/p>\n<p>Los 102 deportistas, juveniles y mayores, convocados por la Federaci\u00f3n Colombiana de Patinaje, luchar\u00e1n durante una semana por 30 cupos que les permitir\u00e1 vestir los colores patrios en el mundial de carreras de pista y ruta, en Heerde y Arnhem, del 1 al 8 de julio.<\/p>\n<p>La Selecci\u00f3n Colombia defender\u00e1 el t\u00edtulo obtenido en el 2017 en Nanjing, China, lo que signific\u00f3 el 15 en la historia y el 8 de manera consecutiva.<\/p>\n<p>\u201cEste selectivo tiene una connotaci\u00f3n especial. Vamos a conocer una selecci\u00f3n que, aparte del mundial, tendr\u00e1 que afrontar compromisos del ciclo ol\u00edmpico, como son los Sudamericanos de Cochabamba, los Centroamericanos y del Caribe de Barranquilla y la que ser\u00e1 la primera competencia oficial del patinaje de carreras en los Juegos Ol\u00edmpicos de la Juventud de Buenos Aires\u201d, dijo Alberto Herrera Ayala, presidente de la Federaci\u00f3n Colombiana de Patinaje.<\/p>\n<p>En C\u00facuta correr\u00e1n los primeros patinadores que se subir\u00e1n al podio Ol\u00edmpico. En la selecci\u00f3n estar\u00e1n los mejores juveniles del \u00f3mnium (500-1000 y 5000 metros), la prueba ol\u00edmpica que se correr\u00e1 en el mundial de Holanda y que entregar\u00e1 cupos a los Ol\u00edmpicos de la Juventud.<\/p>\n<p>\u201cVamos paso a paso, pero con el nivel de nuestros patinadores, el proceso de preparaci\u00f3n que tendremos y con la voluntad del Todopoderoso, disputaremos en Buenos Aires dos medallas de oro, una en damas y otra en varones\u201d, anot\u00f3 Herrera.<\/p>\n<p>Muchos de los patinadores convocados llegaron a la capital nortesantandereana con 15 d\u00edas de anticipaci\u00f3n para ponerse a punto sobre las condiciones de la pista y del clima que afrontar\u00e1n en el selectivo, considerado un mini mundial por la cantidad de campeones orbitales que competir\u00e1n.<\/p>\n<p>El 8 de abril, ingresar\u00e1n a concentraci\u00f3n 42 de los 102 patinadores, que afrontar\u00e1n, el 9, la prueba de velocidad individual, 100 metros carriles, que entregar\u00e1 los cuatro primeros cupos a la selecci\u00f3n, dos juveniles (una dama y un var\u00f3n) y dos mayores (una dama y un var\u00f3n).<\/p>\n<p>Los otros 60 convocados ingresar\u00e1n el 9, para que a partir del 10 de abril, afronten las pruebas correspondientes que otorgar\u00e1n las 26 plazas restantes para integrar la Selecci\u00f3n Colombia 2018.<\/p>\n<p>Cuatro de los clasificados corresponder\u00e1n a los nacidos entre 2000 y 2003 que luchar\u00e1n por los cupos a los Ol\u00edmpicos de la Juventud, dos damas y dos varones. <\/p>\n","protected":false},"excerpt":{"rendered":"<p>C\u00daCUTA.- La capital de Norte de Santander respira ambiente mundialista de patinaje. Los aspirantes a integrar la Selecci\u00f3n Colombia de carreras, que participar\u00e1 en la cita orbital de Holanda, se ponen a punto en el patinadero Enrique Lara Hern\u00e1ndez para afrontar el nacional selectivo que se vivir\u00e1 del 8 al 15 de abril. Los 102 &hellip;<\/p>\n","protected":false},"author":1,"featured_media":32209,"comment_status":"open","ping_status":"open","sticky":false,"template":"","format":"standard","meta":{"footnotes":""},"categories":[28],"tags":[4114,2219],"class_list":["post-32207","post","type-post","status-publish","format-standard","has-post-thumbnail","hentry","category-vistazo-deportivo","tag-federacion-de-patinaje","tag-patinaderos-enrique-lara-y-teodulo-gelvez"],"_links":{"self":[{"href":"https:\/\/contraluzcucuta.co\/index.php?rest_route=\/wp\/v2\/posts\/32207","targetHints":{"allow":["GET"]}}],"collection":[{"href":"https:\/\/contraluzcucuta.co\/index.php?rest_route=\/wp\/v2\/posts"}],"about":[{"href":"https:\/\/contraluzcucuta.co\/index.php?rest_route=\/wp\/v2\/types\/post"}],"author":[{"embeddable":true,"href":"https:\/\/contraluzcucuta.co\/index.php?rest_route=\/wp\/v2\/users\/1"}],"replies":[{"embeddable":true,"href":"https:\/\/contraluzcucuta.co\/index.php?rest_route=%2Fwp%2Fv2%2Fcomments&post=32207"}],"version-history":[{"count":1,"href":"https:\/\/contraluzcucuta.co\/index.php?rest_route=\/wp\/v2\/posts\/32207\/revisions"}],"predecessor-version":[{"id":32210,"href":"https:\/\/contraluzcucuta.co\/index.php?rest_route=\/wp\/v2\/posts\/32207\/revisions\/32210"}],"wp:featuredmedia":[{"embeddable":true,"href":"https:\/\/contraluzcucuta.co\/index.php?rest_route=\/wp\/v2\/media\/32209"}],"wp:attachment":[{"href":"https:\/\/contraluzcucuta.co\/index.php?rest_route=%2Fwp%2Fv2%2Fmedia&parent=32207"}],"wp:term":[{"taxonomy":"category","embeddable":true,"href":"https:\/\/contraluzcucuta.co\/index.php?rest_route=%2Fwp%2Fv2%2Fcategories&post=32207"},{"taxonomy":"post_tag","embeddable":true,"href":"https:\/\/contraluzcucuta.co\/index.php?rest_route=%2Fwp%2Fv2%2Ftags&post=32207"}],"curies":[{"name":"wp","href":"https:\/\/api.w.org\/{rel}","templated":true}]}}