{"id":32152,"date":"2018-03-24T10:35:20","date_gmt":"2018-03-24T15:35:20","guid":{"rendered":"http:\/\/contraluzcucuta.co\/?p=32152"},"modified":"2018-03-24T10:35:20","modified_gmt":"2018-03-24T15:35:20","slug":"informe-especial-gramalote-da-sus-primeros-pasos-como-pueblo","status":"publish","type":"post","link":"https:\/\/contraluzcucuta.co\/?p=32152","title":{"rendered":"INFORME ESPECIAL. Gramalote da sus primeros pasos como pueblo"},"content":{"rendered":"<p style=\"padding-left: 60px;\"><span style=\"color: #ff6600;\"><strong>GRAMALOTE \u2013 Norte de Santander.-<\/strong> Que el pueblo se destruyera era imposible, pero una falla geol\u00f3gica ocasionada por el Fen\u00f3meno del Ni\u00f1o, en diciembre del 2010, lo hizo posible. Que lo reconstruyeran desde cero, en pleno siglo XXI, era dif\u00edcil de creer para los colombianos. Hoy, 17 restaurantes, 10 tiendas y una cafeter\u00eda son &nbsp;algunos de los establecimientos comerciales que los gramaloteros han conformado durante el primer a\u00f1o, en el nuevo casco urbano.<\/span><\/p>\n<p>Va un a\u00f1o en el que columnas, filas de ladrillos y cimientos dejaron de ser parte de un proyecto y se convirtieron en hogares de familias gramaloteras que lo hab\u00edan perdido todo. Hace un a\u00f1o, fue la llegada de los primeros pobladores de los barrios Centro, Calle Real, Santa Rosa, Gregorio Montes y San Juan.<\/p>\n<p>Camas, sillas y maletas llenas de recuerdos empacaron los habitantes para iniciar de nuevo la vida en este municipio, aun a sabiendas de que no lo tendr\u00edan todo y que lo que deber\u00edan &nbsp;reconstruir como comunidad era mucho m\u00e1s grande que todas las estructuras.<\/p>\n<p>\u201cUno sale al parque otra vez a hablar con el de la esquina, con el vecino, y empezamos a tejer esos sue\u00f1os, a visionarnos y a pensar qu\u00e9 podemos hacer para querer este pueblo\u201d, coment\u00f3 \u00c1lvaro Botello, quien nuca dej\u00f3 apagar la esperanza, para reencontrarse con su gente.<\/p>\n<p><strong>Mientras el tiempo pasaba<\/strong><\/p>\n<p>El 17 de diciembre del 2010, los gramaloteros desalojaron el municipio por orden de la Alcald\u00eda y &nbsp;con la incertidumbre de no saber qu\u00e9 era lo que pasaba. \u201cEse d\u00eda&nbsp; salimos para C\u00facuta solo con unas colchonetas. Lo dejamos todo all\u00e1. No pens\u00e1bamos que la tragedia fuera as\u00ed como fue. Desgraciadamente, el pueblo se destruy\u00f3 y nos toc\u00f3 irnos para siempre\u201d. Es el recuerdo de Silverio Ayala, carnicero en la casa de mercado. Este oficio le serv\u00eda para solventar la econom\u00eda del hogar. Los Ayala son una de las 1110 familias, seg\u00fan el registro final de habitantes en el antiguo casco urbano, damnificadas por la cat\u00e1strofe. &nbsp;<\/p>\n<p>La remoci\u00f3n en masa, as\u00ed llamaron, esa que destruy\u00f3 gran parte del municipio, dej\u00f3 en pie solo la mitad de uno de los 16 barrios. El Gobierno tom\u00f3 medidas desde el d\u00eda en que los gramaloteros salieron de su tierra y el presidente Juan Manuel Santos prometi\u00f3 que el pueblo ser\u00eda reconstruido en donde quisieran. &nbsp;<\/p>\n<p>Para lograr esta promesa, se cre\u00f3 el Fondo Adaptaci\u00f3n, entidad &nbsp;adscrita al Ministerio de Hacienda, con el objetivo de atender la construcci\u00f3n, reconstrucci\u00f3n, recuperaci\u00f3n y reactivaci\u00f3n econ\u00f3mica y social de las zonas afectadas por los eventos derivados del fen\u00f3meno del Ni\u00f1o de 2010 y 2011.<\/p>\n<p>El tiempo pasaba mientras el Fondo tomaba las medidas necesarias para iniciar la reconstrucci\u00f3n. La comunidad se asent\u00f3 en diversos lugares de Colombia, principalmente en Norte de Santander. Comenzaron una nueva vida en la b\u00fasqueda del sustento econ\u00f3mico. La situaci\u00f3n les plante\u00f3 un&nbsp; reto a los gramaloteros y, poco a poco, fueron super\u00e1ndose como j\u00f3venes, como familia y como pueblo.<\/p>\n<p>La uni\u00f3n, el arraigo y la identidad se fortalecieron, aunque no ten\u00edan &nbsp;un suelo. Las oportunidades de estudio, de trabajo y de conocer nuevas formas de vida les &nbsp;permitieron ver m\u00e1s all\u00e1 de lo que ten\u00edan. A pesar de estar lejos y separados, tuvieron un sue\u00f1o colectivo: volver a Gramalote. Ese fue el motivo que, durante 7 a\u00f1os, los &nbsp;mantuvo unidos, con ilusiones y con la esperanza de regresar al pedazo de tierra prometida.<\/p>\n<p>\u201cPor un largo tiempo, construimos imaginarios de c\u00f3mo ser\u00edan el pueblo, las casas, el parque, las calles y los barrios\u201d, coment\u00f3 Mery Garc\u00eda, &nbsp;al ver c\u00f3mo Gramalote se convert\u00eda en realidad. Idealizaron un pueblo nuevo y moderno, fueron testigos de la instalaci\u00f3n de la primera piedra, vieron c\u00f3mo pegaban el primer ladrillo y observaron la construcci\u00f3n de la primera casa. \u201cEntre m\u00e1s avanzaba el tiempo, la emoci\u00f3n se agrandaba\u201d.<\/p>\n<p><strong>Gramalote empez\u00f3 a tener cara de pueblo <\/strong><\/p>\n<p>En los comienzos del 2017, Gramalote ten\u00eda cara de pueblo. El parque estaba terminado, a la sede de la Alcald\u00eda y la plaza de mercado les faltaba poco, hab\u00eda alcantarillado, agua potable y luz en las casas. Al principio, los gramaloteros se negaban a trasladarse parcialmente y se rumoraba que&nbsp;o llegaban todos o no se pasaba nadie.<\/p>\n<p>Cuando las primeras familias empezaron a tener sus casas asignadas, listas y a punto de recibir las escrituras, el Fondo Adaptaci\u00f3n tom\u00f3 la decisi\u00f3n que los gramaloteros podr\u00edan tomar posesi\u00f3n de las viviendas.<\/p>\n<p>A Pesar de que algunas obras segu\u00edan inconclusas, las familias empezaron a trasladarse el 11 de marzo del 2017. A medida que trascurri\u00f3 el tiempo los gramaloteros habitaron sus casas. Otros, aunque no les entregaron los inmuebles, tomaron en arriendo viviendas para montar negocios o para&nbsp; disfrutar del clima y los paisajes.<\/p>\n<p>\u00c1lvaro Botello, Tata, mont\u00f3 la primera tienda y la llam\u00f3 <em>\u2018<\/em>La primerita\u2019. \u201cSiendo un gramalotero, que lo viv\u00ed a plenitud, vi la oportunidad y me vine a estrenar casa y oportunidades\u201d. El pueblo es visto como lugar con futuro y ojal\u00e1 la gente de Gramalote se d\u00e9 cuenta y llegue. \u201cEl futuro para nosotros est\u00e1 aqu\u00ed, no en C\u00facuta, ni en otro departamento, est\u00e1 aqu\u00ed, en Gramalote\u201d. Tata cumpli\u00f3 el primer a\u00f1o en el nuevo municipio y ha visto c\u00f3mo poco a poco el pueblo crece.<\/p>\n<p>\u2018La Morrocota\u2019 es el negocio m\u00e1s grande del municipio. Aqu\u00ed, campesinos y habitantes se abastecen de los productos necesarios para el hogar. \u201c\u2019La Morrocota\u2019 tambi\u00e9n regres\u00f3 a Gramalote\u201d, dijo Carlos Zapata, quien luego de la tragedia decidi\u00f3 mudarse para Santiago y montar el comercio para seguir adelante. En el municipio vecino vivi\u00f3 los siete a\u00f1os mientras Gramalote se levantaba. Encontr\u00f3 amistades que le tendieron la mano y le ofrecieron respaldo. Pero lleg\u00f3 la hora de volver a la tierrita para reencontrarse con su gente, estar en su pueblo y disfrutar del clima agradable. Abandon\u00f3 a Santiago con un poco de nostalgia, pero agradecido, y retorn\u00f3 al pueblo.<\/p>\n<p>Volvi\u00f3 a adaptar el establecimiento comercial, esta vez en un sitio con estructuras modernas. Juan G\u00f3mez, campesino, considera a \u2018La Morrocota\u2019 como el despegue del &nbsp;progreso para el nuevo casco urbano. Zapata ahora ve la tragedia convertida en una bendici\u00f3n. Los habitantes tienen la oportunidad de mejorar la calidad de vida.&nbsp; \u201cPor lo que est\u00e1 construy\u00e9ndose, realmente vale la pena elogiar el esfuerzo de todos los que han puesto \u2018su granito de arena\u2019 para sacar adelante este proyecto\u201d.<\/p>\n<p>La econom\u00eda del municipio, en un a\u00f1o, ha sido positiva y din\u00e1mica, aun as\u00ed hay otros aspectos importantes, como la apropiaci\u00f3n de la gente. El excoordinador del megaproyecto, del Fondo Adaptaci\u00f3n, Roberto Zapata, dijo que \u201clas familias deben entender que el futuro es su pueblo, y es por eso que deben cuidar, proteger&nbsp; y apropiarse de cada rinc\u00f3n de sus barrios. Los j\u00f3venes deben empoderarse de ese patrimonio que ahora tienen\u201d.<\/p>\n<p>El alcalde de Gramalote, Tarsicio Celis, manifest\u00f3 que \u201cbuscamos que los habitantes encuentren un mejor estatus de vida, que se les brinden oportunidades de trabajo dentro de las mismas obras\u201d. Resalt\u00f3 que es importante crear empresa, tanto en el campo como en el casco urbano, para lograr el desarrollo positivo en el municipio.<\/p>\n<p>Durante los pr\u00f3ximos meses, en Gramalote vendr\u00e1n nuevos traslados, entrega del colegio, la estaci\u00f3n de polic\u00eda, el hospital, las zonas verdes y los espacio p\u00fablicos. Actualmente, se llevan a cabo proyectos por parte del Fondo Adaptaci\u00f3n, por medio de AECOM. El objetivo es la apropiaci\u00f3n de los gramaloteros por el pueblo. Se espera que al final del a\u00f1o se entregue la totalidad de las casas y de los equipamientos que est\u00e1n en construcci\u00f3n.<\/p>\n<p><strong>SIBIA GUERRERO \u2013 DANIELA CORREDOR<\/strong><\/p>\n<p><strong>Estudiantes de Comunicaci\u00f3n Social<\/strong><\/p>\n<p><strong>Universidad de Pamplona<\/strong><\/p>\n<p><strong>Campus de Villa del Rosario<\/strong> <\/p>\n","protected":false},"excerpt":{"rendered":"<p>GRAMALOTE \u2013 Norte de Santander.- Que el pueblo se destruyera era imposible, pero una falla geol\u00f3gica ocasionada por el Fen\u00f3meno del Ni\u00f1o, en diciembre del 2010, lo hizo posible. Que lo reconstruyeran desde cero, en pleno siglo XXI, era dif\u00edcil de creer para los colombianos. Hoy, 17 restaurantes, 10 tiendas y una cafeter\u00eda son &nbsp;algunos &hellip;<\/p>\n","protected":false},"author":1,"featured_media":32154,"comment_status":"open","ping_status":"open","sticky":false,"template":"","format":"standard","meta":{"footnotes":""},"categories":[74,4],"tags":[2597,1248,13,1940,153,161],"class_list":["post-32152","post","type-post","status-publish","format-standard","has-post-thumbnail","hentry","category-aula-universitaria","category-barra","tag-aula-universitaria","tag-fondo-adaptacion","tag-gramalote","tag-gramaloteros","tag-nuevo-gramalote","tag-universidad-de-pamplona"],"_links":{"self":[{"href":"https:\/\/contraluzcucuta.co\/index.php?rest_route=\/wp\/v2\/posts\/32152","targetHints":{"allow":["GET"]}}],"collection":[{"href":"https:\/\/contraluzcucuta.co\/index.php?rest_route=\/wp\/v2\/posts"}],"about":[{"href":"https:\/\/contraluzcucuta.co\/index.php?rest_route=\/wp\/v2\/types\/post"}],"author":[{"embeddable":true,"href":"https:\/\/contraluzcucuta.co\/index.php?rest_route=\/wp\/v2\/users\/1"}],"replies":[{"embeddable":true,"href":"https:\/\/contraluzcucuta.co\/index.php?rest_route=%2Fwp%2Fv2%2Fcomments&post=32152"}],"version-history":[{"count":1,"href":"https:\/\/contraluzcucuta.co\/index.php?rest_route=\/wp\/v2\/posts\/32152\/revisions"}],"predecessor-version":[{"id":32155,"href":"https:\/\/contraluzcucuta.co\/index.php?rest_route=\/wp\/v2\/posts\/32152\/revisions\/32155"}],"wp:featuredmedia":[{"embeddable":true,"href":"https:\/\/contraluzcucuta.co\/index.php?rest_route=\/wp\/v2\/media\/32154"}],"wp:attachment":[{"href":"https:\/\/contraluzcucuta.co\/index.php?rest_route=%2Fwp%2Fv2%2Fmedia&parent=32152"}],"wp:term":[{"taxonomy":"category","embeddable":true,"href":"https:\/\/contraluzcucuta.co\/index.php?rest_route=%2Fwp%2Fv2%2Fcategories&post=32152"},{"taxonomy":"post_tag","embeddable":true,"href":"https:\/\/contraluzcucuta.co\/index.php?rest_route=%2Fwp%2Fv2%2Ftags&post=32152"}],"curies":[{"name":"wp","href":"https:\/\/api.w.org\/{rel}","templated":true}]}}