{"id":32149,"date":"2018-03-24T09:49:02","date_gmt":"2018-03-24T14:49:02","guid":{"rendered":"http:\/\/contraluzcucuta.co\/?p=32149"},"modified":"2018-03-24T09:49:02","modified_gmt":"2018-03-24T14:49:02","slug":"carta-de-fenalco-la-luz-que-necesitamos","status":"publish","type":"post","link":"https:\/\/contraluzcucuta.co\/?p=32149","title":{"rendered":"CARTA DE FENALCO. La luz que necesitamos"},"content":{"rendered":"<p style=\"padding-left: 60px;\"><span style=\"color: #ff6600;\"><strong>C\u00daCUTA.-<\/strong> Por estos d\u00edas, hemos venido haciendo seguimiento a los compromisos asumidos por el consorcio Alumbrado P\u00fablico SJC, la empresa que durante 30 a\u00f1os administrar\u00e1 el alumbrado p\u00fablico en la ciudad, en remplazo de la concesionaria que durante 20 a\u00f1os ejerci\u00f3 la misma labor.<\/span><\/p>\n<p>Y decimos que hacemos seguimiento, porque exist\u00eda mucha expectativa por los retos que su presencia implicaba: pasar de tener una ciudad semioscura, hecho que a los ojos de los cucute\u00f1os no era tan perceptible, pero s\u00ed de quienes nos visitaban que constantemente argumentaban \u201cC\u00facuta es oscura\u201d. Tal percepci\u00f3n ha venido cambiando desde que en enero, Fenalco fue invitado conjuntamente con el Alcalde (C\u00e9sar Rojas) a presenciar la nueva iluminaci\u00f3n LED del puente \u2018El\u00edas M. Soto\u2019.<\/p>\n<p>Los resultados est\u00e1n a la vista y muy notorios. Sin lugar a dudas, que C\u00facuta estaba en mora de tener la iluminaci\u00f3n acorde con el cambio de tecnolog\u00edas que otras ciudades han implementado, pero, sobre todo, que nos permite disfrutar con mayor claridad los parques en las noches cucute\u00f1as, por lo que seguimos empe\u00f1ados en promocionar la ciudad como producto tur\u00edstico digno de disfrutar. Noches que invitan a compartir con amigos toda la oferta de restaurantes y bares disponibles al vaiv\u00e9n de las brisas del Pamplonita.<\/p>\n<p>El reto que esta concesionaria tiene es hacer este gran salto de ser una ciudad oscura, en 10 meses cambiar cerca de 50.000 luminarias led, y que hoy deben alcanzar el 40 % de ejecuci\u00f3n. Todo esto bajo un dise\u00f1o lum\u00ednico aprobado por la administraci\u00f3n municipal y que nos definir\u00e1 como ciudad moderna, con respeto a la sostenibilidad ambiental. Es decir, los cucute\u00f1os tuvimos que esperar m\u00e1s de cinco a\u00f1os que seguramente ten\u00edamos que haber hecho este cambio; sin embargo, este tiempo perdido ser\u00e1 recuperado en 10 meses, hecho que nos parece un gran logro y al que tenemos derecho los cucute\u00f1os.<\/p>\n<p>Esta semana, en el comercio del centro de la ciudad pudimos advertir la trasformaci\u00f3n de esta zona que es sin lugar a dudas la de mayor tr\u00e1fico y que seguro motivar\u00e1 a los comerciantes para que desarrollen mejor su labor en condiciones de seguridad, especialmente el Centro Comercial a Cielo Abierto, que invita a la compra nocturna, para lo cual tendremos que preparar a nuestros comerciantes, porque cuando se hacen campa\u00f1as comerciales argumentan la falta de luz apropiada.<\/p>\n<p>Solo esperamos que este cambio de tecnolog\u00eda traiga una reducci\u00f3n en el bolsillo de los cucute\u00f1os, para que empecemos a decir: vali\u00f3 la pena la espera. <\/p>\n","protected":false},"excerpt":{"rendered":"<p>C\u00daCUTA.- Por estos d\u00edas, hemos venido haciendo seguimiento a los compromisos asumidos por el consorcio Alumbrado P\u00fablico SJC, la empresa que durante 30 a\u00f1os administrar\u00e1 el alumbrado p\u00fablico en la ciudad, en remplazo de la concesionaria que durante 20 a\u00f1os ejerci\u00f3 la misma labor. Y decimos que hacemos seguimiento, porque exist\u00eda mucha expectativa por los &hellip;<\/p>\n","protected":false},"author":1,"featured_media":32150,"comment_status":"open","ping_status":"open","sticky":false,"template":"","format":"standard","meta":{"footnotes":""},"categories":[14,4],"tags":[4106,1526,796],"class_list":["post-32149","post","type-post","status-publish","format-standard","has-post-thumbnail","hentry","category-articulistas","category-barra","tag-consorcio-alumbrado-publico-sjc","tag-fenalco-norte-de-santander","tag-luz-led"],"_links":{"self":[{"href":"https:\/\/contraluzcucuta.co\/index.php?rest_route=\/wp\/v2\/posts\/32149","targetHints":{"allow":["GET"]}}],"collection":[{"href":"https:\/\/contraluzcucuta.co\/index.php?rest_route=\/wp\/v2\/posts"}],"about":[{"href":"https:\/\/contraluzcucuta.co\/index.php?rest_route=\/wp\/v2\/types\/post"}],"author":[{"embeddable":true,"href":"https:\/\/contraluzcucuta.co\/index.php?rest_route=\/wp\/v2\/users\/1"}],"replies":[{"embeddable":true,"href":"https:\/\/contraluzcucuta.co\/index.php?rest_route=%2Fwp%2Fv2%2Fcomments&post=32149"}],"version-history":[{"count":1,"href":"https:\/\/contraluzcucuta.co\/index.php?rest_route=\/wp\/v2\/posts\/32149\/revisions"}],"predecessor-version":[{"id":32151,"href":"https:\/\/contraluzcucuta.co\/index.php?rest_route=\/wp\/v2\/posts\/32149\/revisions\/32151"}],"wp:featuredmedia":[{"embeddable":true,"href":"https:\/\/contraluzcucuta.co\/index.php?rest_route=\/wp\/v2\/media\/32150"}],"wp:attachment":[{"href":"https:\/\/contraluzcucuta.co\/index.php?rest_route=%2Fwp%2Fv2%2Fmedia&parent=32149"}],"wp:term":[{"taxonomy":"category","embeddable":true,"href":"https:\/\/contraluzcucuta.co\/index.php?rest_route=%2Fwp%2Fv2%2Fcategories&post=32149"},{"taxonomy":"post_tag","embeddable":true,"href":"https:\/\/contraluzcucuta.co\/index.php?rest_route=%2Fwp%2Fv2%2Ftags&post=32149"}],"curies":[{"name":"wp","href":"https:\/\/api.w.org\/{rel}","templated":true}]}}