{"id":32140,"date":"2018-03-24T07:47:58","date_gmt":"2018-03-24T12:47:58","guid":{"rendered":"http:\/\/contraluzcucuta.co\/?p=32140"},"modified":"2018-03-24T07:47:58","modified_gmt":"2018-03-24T12:47:58","slug":"yo-protejo-la-vida-vivir-la-semana-mayor-segura-y-en-paz","status":"publish","type":"post","link":"https:\/\/contraluzcucuta.co\/?p=32140","title":{"rendered":"\u2018YO PROTEJO LA VIDA\u2019. \u00a0A vivir la Semana Mayor segura y en paz"},"content":{"rendered":"<p style=\"padding-left: 60px;\"><span style=\"color: #ff6600;\"><strong>C\u00daCUTA.-<\/strong> La campa\u00f1a institucional \u2018En Semana Santa, yo protejo la vida\u2019, impulsada por la Regi\u00f3n 5 de la Polic\u00eda, busca la protecci\u00f3n de los seres humanos y el por los animales y por los recursos naturales. M\u00e1s que una frase, es un compromiso para cuidar la integridad de ni\u00f1os y adolescentes.<\/span><\/p>\n<p>La Polic\u00eda Metropolitana de C\u00facuta dispuso de dos mil uniformados para acompa\u00f1ar a viajeros y feligreses durante la Semana Santa. El objetivo es:<\/p>\n<p>1.- Garantizar el normal desarrollo de las actividades religiosas<\/p>\n<p>2.- Evitar los hurtos<\/p>\n<p>3.- Prevenir accidentes viales<\/p>\n<p>El plan contar\u00e1 con la articulaci\u00f3n operativa y preventiva con autoridades civiles municipales, ambientales y eclesi\u00e1sticas para evitar el hurto a personas, residencias y locales comerciales, emergencias en las carreteras y casos de intoxicaciones por el consumo de alimentos en mal estado.&nbsp;<\/p>\n<p>Las acciones dise\u00f1adas con las autoridades ambientales tienen que ver con el despliegue de controles permanentes en plazas de mercados para evitar situaciones de riesgo por consumir pescado en descomposici\u00f3n y contrarrestar el tr\u00e1fico o tenencia ilegal de fauna y flora silvestre.<\/p>\n<p>Los controles especiales en las v\u00edas nacionales y las zonas c\u00e9ntricas y de comercio permitir\u00e1n cerrarles el paso a los delincuentes, vigilar el cumplimiento de las normas de Tr\u00e1nsito y evitar accidentes viales, especialmente por conducir en estado de embriaguez y exceso de velocidad.<\/p>\n<p>Para evitar hurtos a residencias, uniformados del Modelo Nacional de Vigilancia Comunitaria garantizar\u00e1n la seguridad en comunas y barrios en la ciudad capital.&nbsp;<\/p>\n<p>El Grupo Implementador del C\u00f3digo Nacional de Polic\u00eda y Convivencia entregar\u00e1 recomendaciones &nbsp;sobre las medidas correctivas frente comerciantes que afecten especies de fauna y flora. Recordar\u00e1 que el aprovechamiento il\u00edcito de los recursos naturales, seg\u00fan el C\u00f3digo Penal, contempla una pena de 4 a 9 a\u00f1os de prisi\u00f3n y una multa de hasta 35 salarios m\u00ednimos mensuales legales vigentes.<\/p>\n<p>&nbsp;\u2018En Semana Santa, yo protejo la vida\u2019 hace parte del Pacto Nacional por la Vida. La Polic\u00eda Metropolitana de C\u00facuta invit\u00f3 a la comunidad a vivir una Semana Santa segura y en paz, en compa\u00f1\u00eda de los seres queridos y amigos.<\/p>\n<p>La presentaci\u00f3n de la campa\u00f1a se cumpli\u00f3 en el Parque Nacional con participaci\u00f3n de autoridades pol\u00edtico administrativas locales y regionales.<\/p>\n<p>&nbsp; <\/p>\n","protected":false},"excerpt":{"rendered":"<p>C\u00daCUTA.- La campa\u00f1a institucional \u2018En Semana Santa, yo protejo la vida\u2019, impulsada por la Regi\u00f3n 5 de la Polic\u00eda, busca la protecci\u00f3n de los seres humanos y el por los animales y por los recursos naturales. M\u00e1s que una frase, es un compromiso para cuidar la integridad de ni\u00f1os y adolescentes. La Polic\u00eda Metropolitana de &hellip;<\/p>\n","protected":false},"author":1,"featured_media":32141,"comment_status":"open","ping_status":"open","sticky":false,"template":"","format":"standard","meta":{"footnotes":""},"categories":[11,4],"tags":[323,163,19],"class_list":["post-32140","post","type-post","status-publish","format-standard","has-post-thumbnail","hentry","category-cronica-roja","category-barra","tag-mecuc","tag-policia-metropolitana","tag-semana-santa"],"_links":{"self":[{"href":"https:\/\/contraluzcucuta.co\/index.php?rest_route=\/wp\/v2\/posts\/32140","targetHints":{"allow":["GET"]}}],"collection":[{"href":"https:\/\/contraluzcucuta.co\/index.php?rest_route=\/wp\/v2\/posts"}],"about":[{"href":"https:\/\/contraluzcucuta.co\/index.php?rest_route=\/wp\/v2\/types\/post"}],"author":[{"embeddable":true,"href":"https:\/\/contraluzcucuta.co\/index.php?rest_route=\/wp\/v2\/users\/1"}],"replies":[{"embeddable":true,"href":"https:\/\/contraluzcucuta.co\/index.php?rest_route=%2Fwp%2Fv2%2Fcomments&post=32140"}],"version-history":[{"count":1,"href":"https:\/\/contraluzcucuta.co\/index.php?rest_route=\/wp\/v2\/posts\/32140\/revisions"}],"predecessor-version":[{"id":32142,"href":"https:\/\/contraluzcucuta.co\/index.php?rest_route=\/wp\/v2\/posts\/32140\/revisions\/32142"}],"wp:featuredmedia":[{"embeddable":true,"href":"https:\/\/contraluzcucuta.co\/index.php?rest_route=\/wp\/v2\/media\/32141"}],"wp:attachment":[{"href":"https:\/\/contraluzcucuta.co\/index.php?rest_route=%2Fwp%2Fv2%2Fmedia&parent=32140"}],"wp:term":[{"taxonomy":"category","embeddable":true,"href":"https:\/\/contraluzcucuta.co\/index.php?rest_route=%2Fwp%2Fv2%2Fcategories&post=32140"},{"taxonomy":"post_tag","embeddable":true,"href":"https:\/\/contraluzcucuta.co\/index.php?rest_route=%2Fwp%2Fv2%2Ftags&post=32140"}],"curies":[{"name":"wp","href":"https:\/\/api.w.org\/{rel}","templated":true}]}}