{"id":32137,"date":"2018-03-21T21:29:06","date_gmt":"2018-03-22T02:29:06","guid":{"rendered":"http:\/\/contraluzcucuta.co\/?p=32137"},"modified":"2018-03-21T21:29:06","modified_gmt":"2018-03-22T02:29:06","slug":"cada-gota-cuenta-22-de-marzo-dia-internacional-del-agua","status":"publish","type":"post","link":"https:\/\/contraluzcucuta.co\/?p=32137","title":{"rendered":"\u2018CADA GOTA CUENTA\u2019. 22 de marzo, D\u00eda Internacional del Agua"},"content":{"rendered":"<p style=\"padding-left: 60px;\"><span style=\"color: #ff6600;\"><strong>C\u00daCUTA.-<\/strong> La campa\u00f1a \u2018Cada Gota Cuenta\u2019, impulsada por la Secretar\u00eda de Agua Potable y Saneamiento B\u00e1sico de Norte de Santander, invita &nbsp;a tomar conciencia sobre la necesidad de aplicar acciones concretas para garantizar calidad, cobertura y \u00f3ptima prestaci\u00f3n del servicio de agua potable.<\/span><\/p>\n<p>Este 22 de marzo, se celebra el D\u00eda Internacional del Agua, propuesto en la Conferencia de las Naciones Unidas para el Medio Ambiente y el Desarrollo de 1992. Despu\u00e9s, la ONU adopt\u00f3 el \u201c22 de Diciembre\u201d como su d\u00eda de celebraci\u00f3n en todo el mundo. Cada a\u00f1o el D\u00eda Mundial del Agua gira en torno a un lema espec\u00edfico. Para el 2018 este lema es \u00abSoluciones para el agua basadas en la naturaleza\u00bb,<\/p>\n<p>En esta fecha se pretende llamar la atenci\u00f3n sobre la importancia del agua dulce y fomentar una Gesti\u00f3n Sostenible de los recursos de agua dulce.<\/p>\n<p>El agua dulce es un bien escaso e insustituible y tambi\u00e9n el fundamento de la vida en el planeta. Es indispensable su proteccion y conservacion para todos los pueblos del mundo y para mantener el equilibrio de los ecosistemas. El 71% de la superficie terrestre est\u00e1 cubierta de agua, pero solo el 2% es potable (dulce).<\/p>\n<p>El agua es clave para el bienestar humano y s\u00f3lo funciona como recurso renovable si est\u00e1 bien gestionada. M\u00e1s de mil 700 millones de personas viven en cuencas fluviales sobre-explotadas y para 2025 dos tercios de la poblaci\u00f3n mundial podr\u00eda vivir en pa\u00edses con escasez de agua. Por ello es preciso tomar medidas para cambiar esta situaci\u00f3n.<\/p>\n<p>La administraci\u00f3n departamental present\u00f3 10 consejos y recomendaciones para lograr un mejor cuidado del agua:<\/p>\n<p>1.- Cuando lave las manos utilice un cepillo o estropajo para remover part\u00edculas de mugre. No espere que el chorro de agua haga el trabajo.<\/p>\n<p>2.- Cierre la llave mientras cepilla los dientes. De esta manera una familia de cinco miembros puede ahorrar hasta 40 litros de agua por d\u00eda.<\/p>\n<p>3.- Enjuague la m\u00e1quina de afeitar en un recipiente. No lo haga con agua corriente.<\/p>\n<p>4.- Vigile el estado de los sanitarios para prevenir posibles fugas.<\/p>\n<p>5.- No descargue en el sanitario pa\u00f1uelos faciales o papel higi\u00e9nico.<\/p>\n<p>6.- Tome duchas breves y cierre la llave mientras se enjabona o aplica champ\u00fa.<\/p>\n<p>7.- Cuando utilice un recipiente para hervir agua, no lo llene. Use solo el agua que necesite.<\/p>\n<p>8.- Al lavar verduras, llene el recipiente con las que vaya a utilizar. Si lava en el lavaplatos, use el tap\u00f3n.<\/p>\n<p>9.- Use la lavadora \u00fanicamente con carga completa. No lave una prenda, porque cada carga gasta m\u00e1s de 200 litros de agua.<\/p>\n<p>10.- Riegue las plantas temprano o despu\u00e9s de que se ponga el sol, de manera que el agua llegue a las ra\u00edces.<\/p>\n<p>La secretar\u00eda de Agua invit\u00f3 a los nortesantandereanos a efectuar un pago oportuno de tarifas a las empresas de servicios p\u00fablicos. Cuando hay pagos oportunos, se contribuye a mejorar la prestaci\u00f3n del servicio, fortalece financieramente a la Entidad, disminuye el valor de la factura y reconoce la labor del personal que est\u00e1 detr\u00e1s del suministro de agua.<\/p>\n<p>&nbsp; <\/p>\n","protected":false},"excerpt":{"rendered":"<p>C\u00daCUTA.- La campa\u00f1a \u2018Cada Gota Cuenta\u2019, impulsada por la Secretar\u00eda de Agua Potable y Saneamiento B\u00e1sico de Norte de Santander, invita &nbsp;a tomar conciencia sobre la necesidad de aplicar acciones concretas para garantizar calidad, cobertura y \u00f3ptima prestaci\u00f3n del servicio de agua potable. Este 22 de marzo, se celebra el D\u00eda Internacional del Agua, propuesto &hellip;<\/p>\n","protected":false},"author":1,"featured_media":32138,"comment_status":"open","ping_status":"open","sticky":false,"template":"","format":"standard","meta":{"footnotes":""},"categories":[4,32],"tags":[1278],"class_list":["post-32137","post","type-post","status-publish","format-standard","has-post-thumbnail","hentry","category-barra","category-recorrido-por-la-region","tag-dia-mundial-del-agua"],"_links":{"self":[{"href":"https:\/\/contraluzcucuta.co\/index.php?rest_route=\/wp\/v2\/posts\/32137","targetHints":{"allow":["GET"]}}],"collection":[{"href":"https:\/\/contraluzcucuta.co\/index.php?rest_route=\/wp\/v2\/posts"}],"about":[{"href":"https:\/\/contraluzcucuta.co\/index.php?rest_route=\/wp\/v2\/types\/post"}],"author":[{"embeddable":true,"href":"https:\/\/contraluzcucuta.co\/index.php?rest_route=\/wp\/v2\/users\/1"}],"replies":[{"embeddable":true,"href":"https:\/\/contraluzcucuta.co\/index.php?rest_route=%2Fwp%2Fv2%2Fcomments&post=32137"}],"version-history":[{"count":1,"href":"https:\/\/contraluzcucuta.co\/index.php?rest_route=\/wp\/v2\/posts\/32137\/revisions"}],"predecessor-version":[{"id":32139,"href":"https:\/\/contraluzcucuta.co\/index.php?rest_route=\/wp\/v2\/posts\/32137\/revisions\/32139"}],"wp:featuredmedia":[{"embeddable":true,"href":"https:\/\/contraluzcucuta.co\/index.php?rest_route=\/wp\/v2\/media\/32138"}],"wp:attachment":[{"href":"https:\/\/contraluzcucuta.co\/index.php?rest_route=%2Fwp%2Fv2%2Fmedia&parent=32137"}],"wp:term":[{"taxonomy":"category","embeddable":true,"href":"https:\/\/contraluzcucuta.co\/index.php?rest_route=%2Fwp%2Fv2%2Fcategories&post=32137"},{"taxonomy":"post_tag","embeddable":true,"href":"https:\/\/contraluzcucuta.co\/index.php?rest_route=%2Fwp%2Fv2%2Ftags&post=32137"}],"curies":[{"name":"wp","href":"https:\/\/api.w.org\/{rel}","templated":true}]}}