{"id":32110,"date":"2018-03-17T20:11:11","date_gmt":"2018-03-18T01:11:11","guid":{"rendered":"http:\/\/contraluzcucuta.co\/?p=32110"},"modified":"2018-03-17T20:11:11","modified_gmt":"2018-03-18T01:11:11","slug":"cerro-jesus-nazareno-listo-para-recibir-cucutenos-y-turistas","status":"publish","type":"post","link":"https:\/\/contraluzcucuta.co\/?p=32110","title":{"rendered":"CERRO JES\u00daS NAZARENO. Listo para recibir a cucute\u00f1os y turistas"},"content":{"rendered":"<p style=\"padding-left: 60px;\"><span style=\"color: #ff6600;\"><strong>C\u00daCUTA.-<\/strong> Concluy\u00f3 la ejecuci\u00f3n de la segunda fase del mirador tur\u00edstico Jes\u00fas&nbsp; Nazareno, luego de cinco meses de trabajo. &nbsp;El sitio tur\u00edstico est\u00e1 listo para recibir a cucute\u00f1os y visitantes en la Semana Santa.<\/span><\/p>\n<p>El alcalde &nbsp;C\u00e9sar Rojas dijo que se invirtieron $ 3000 millones en la primera obra tur\u00edstica de la administraci\u00f3n municipal. El lugar cuenta con acceso peatonal por el barrio Antonia Santos y vehicular con parqueadero por El Progreso.<\/p>\n<p>Las obras complementarias de la segunda fase costaron $ 960 millones y constan de:<\/p>\n<p>1.- Local para restaurante<\/p>\n<p>2.- Plazoleta de comidas<\/p>\n<p>3.- Zona de juegos infantiles<\/p>\n<p>4.- Terraza de reposo para quienes quieran disfrutar de la vista y el clima bajo la sombra.<\/p>\n<p>\u201cLe apostamos al turismo, recuperando espacios, haciendo obras y beneficiando a los cucute\u00f1os\u201d, dijo Yonny Contreras, secretario de Infraestructura. Invit\u00f3 a los habitantes de la ciudad a visitar el mirador y&nbsp; disfrutarlo en familia y con amigos.<\/p>\n<p>Veinticinco mil visitantes es la cantidad que se espera&nbsp; hagan presencia en este espacio tur\u00edstico y religiosa durante la&nbsp; Semana Mayor.<\/p>\n<p>&nbsp; <\/p>\n","protected":false},"excerpt":{"rendered":"<p>C\u00daCUTA.- Concluy\u00f3 la ejecuci\u00f3n de la segunda fase del mirador tur\u00edstico Jes\u00fas&nbsp; Nazareno, luego de cinco meses de trabajo. &nbsp;El sitio tur\u00edstico est\u00e1 listo para recibir a cucute\u00f1os y visitantes en la Semana Santa. El alcalde &nbsp;C\u00e9sar Rojas dijo que se invirtieron $ 3000 millones en la primera obra tur\u00edstica de la administraci\u00f3n municipal. El &hellip;<\/p>\n","protected":false},"author":1,"featured_media":32111,"comment_status":"open","ping_status":"open","sticky":false,"template":"","format":"standard","meta":{"footnotes":""},"categories":[2625,4],"tags":[226,3556],"class_list":["post-32110","post","type-post","status-publish","format-standard","has-post-thumbnail","hentry","category-alcaldia-de-cucuta","category-barra","tag-alcaldia-de-cucuta","tag-cerro-jesus-nazareno"],"_links":{"self":[{"href":"https:\/\/contraluzcucuta.co\/index.php?rest_route=\/wp\/v2\/posts\/32110","targetHints":{"allow":["GET"]}}],"collection":[{"href":"https:\/\/contraluzcucuta.co\/index.php?rest_route=\/wp\/v2\/posts"}],"about":[{"href":"https:\/\/contraluzcucuta.co\/index.php?rest_route=\/wp\/v2\/types\/post"}],"author":[{"embeddable":true,"href":"https:\/\/contraluzcucuta.co\/index.php?rest_route=\/wp\/v2\/users\/1"}],"replies":[{"embeddable":true,"href":"https:\/\/contraluzcucuta.co\/index.php?rest_route=%2Fwp%2Fv2%2Fcomments&post=32110"}],"version-history":[{"count":1,"href":"https:\/\/contraluzcucuta.co\/index.php?rest_route=\/wp\/v2\/posts\/32110\/revisions"}],"predecessor-version":[{"id":32112,"href":"https:\/\/contraluzcucuta.co\/index.php?rest_route=\/wp\/v2\/posts\/32110\/revisions\/32112"}],"wp:featuredmedia":[{"embeddable":true,"href":"https:\/\/contraluzcucuta.co\/index.php?rest_route=\/wp\/v2\/media\/32111"}],"wp:attachment":[{"href":"https:\/\/contraluzcucuta.co\/index.php?rest_route=%2Fwp%2Fv2%2Fmedia&parent=32110"}],"wp:term":[{"taxonomy":"category","embeddable":true,"href":"https:\/\/contraluzcucuta.co\/index.php?rest_route=%2Fwp%2Fv2%2Fcategories&post=32110"},{"taxonomy":"post_tag","embeddable":true,"href":"https:\/\/contraluzcucuta.co\/index.php?rest_route=%2Fwp%2Fv2%2Ftags&post=32110"}],"curies":[{"name":"wp","href":"https:\/\/api.w.org\/{rel}","templated":true}]}}