{"id":32107,"date":"2018-03-17T19:47:24","date_gmt":"2018-03-18T00:47:24","guid":{"rendered":"http:\/\/contraluzcucuta.co\/?p=32107"},"modified":"2018-03-17T19:47:24","modified_gmt":"2018-03-18T00:47:24","slug":"crisis-en-la-frontera-comunidad-europea-centra-mirada-sobre-situacion-de-venezolanos","status":"publish","type":"post","link":"https:\/\/contraluzcucuta.co\/?p=32107","title":{"rendered":"CRISIS EN LA FRONTERA. Comunidad Europea centra mirada sobre situaci\u00f3n de venezolanos"},"content":{"rendered":"<p style=\"padding-left: 60px;\"><span style=\"color: #ff6600;\"><strong>C\u00daCUTA.-<\/strong> Durante tres horas de di\u00e1logo y retroalimentaci\u00f3n, delegados europeos de ayuda humanitaria y gesti\u00f3n de crisis, &nbsp;de cooperaci\u00f3n internacional para Iberoam\u00e9rica y el Caribe, analizaron las acciones de la Gobernaci\u00f3n de Norte de Santander y el gobierno central ante la situaci\u00f3n de la frontera y la llegada masiva de ciudadanos venezolanos a C\u00facuta.<\/span><\/p>\n<p>Entre los temas tratados destacan:<\/p>\n<p>1.- Las capacidades instaladas por el orden departamental<\/p>\n<p>2.- El apoyo nacional y las rutas institucionales disponibles para brindar acompa\u00f1amiento a cientos de familias venezolanas y connacionales<\/p>\n<p>3.- Ayuda a quienes cruzan a diario los puntos de frontera en busca de alimentaci\u00f3n, salud, trabajo o una nueva vida.<\/p>\n<p>En el encuentro sostenido en la capital del departamento, se socializ\u00f3 con miembros de la Uni\u00f3n Europea el proceso de migraci\u00f3n de venezolanos, dada la crisis originada por el cierre de la frontera. \u201cSe ha hecho una explicaci\u00f3n de la situaci\u00f3n actual, de c\u00f3mo el Gobierno poco a poco prepara las posibilidades de apoyo y reacci\u00f3n ante una llegada masiva de venezolanos y c\u00f3mo necesita la vinculaci\u00f3n de otros pa\u00edses\u201d, dijo el gobernador William Villamizar.<\/p>\n<p>La intervenci\u00f3n de otros pa\u00edses en Colombia y la regi\u00f3n debe ser de manera inmediata, para mitigar cualquier inconveniente. \u201cHemos encontrado una buena disposici\u00f3n en los gobiernos que nos visitan, en la b\u00fasqueda de soluciones en conjunto, para avanzar en medio de las dificultades\u201d, afirm\u00f3 Villamizar.<\/p>\n<p>Fernando Garc\u00eda Casas, secretario de Estado de Cooperaci\u00f3n Internacional para Iberoam\u00e9rica y el Caribe, del gobierno espa\u00f1ol, expres\u00f3 que Colombia da ejemplo de solidaridad y respeto con relaci\u00f3n a la crisis venezolana.<\/p>\n<p>\u201cEste problema es grave. Tambi\u00e9n afecta a Costa Rica, Brasil y Panam\u00e1. En Espa\u00f1a, tenemos m\u00e1s de 200.000 venezolanos\u201d, asegur\u00f3. La reuni\u00f3n sirvi\u00f3 para ver a los actores sobre el terreno y para que la gobernaci\u00f3n mostrara nuevas rutas que generen colaboraci\u00f3n.<\/p>\n<p>\u201cComo amigos, socios y aliados se deben buscar alternativas. Existe una migraci\u00f3n pendular, que entra y sale de Venezuela, viene y compra, o se dirige hacia otros destinos\u201d, dijo Casas. Colombia est\u00e1 en medio del proceso de paz y reconciliaci\u00f3n, \u201cque hay que cuidar y proteger. Es en este momento cuando nosotros, como comunidad internacional, tenemos un deber \u00e9tico y pol\u00edtico de contribuir\u201d.<\/p>\n<p>En la mesa de trabajo tambi\u00e9n particip\u00f3 el Comisario Europeo de Ayuda Humanitaria y Gesti\u00f3n de Crisis, Christos Stylianides. <\/p>\n","protected":false},"excerpt":{"rendered":"<p>C\u00daCUTA.- Durante tres horas de di\u00e1logo y retroalimentaci\u00f3n, delegados europeos de ayuda humanitaria y gesti\u00f3n de crisis, &nbsp;de cooperaci\u00f3n internacional para Iberoam\u00e9rica y el Caribe, analizaron las acciones de la Gobernaci\u00f3n de Norte de Santander y el gobierno central ante la situaci\u00f3n de la frontera y la llegada masiva de ciudadanos venezolanos a C\u00facuta. Entre &hellip;<\/p>\n","protected":false},"author":1,"featured_media":32108,"comment_status":"open","ping_status":"open","sticky":false,"template":"","format":"standard","meta":{"footnotes":""},"categories":[4,6],"tags":[4097,4098,2483,379],"class_list":["post-32107","post","type-post","status-publish","format-standard","has-post-thumbnail","hentry","category-barra","category-ojo-avizor","tag-comunidad-europea","tag-cooperacion-internacional","tag-crisis-en-la-frontera","tag-gobernacion-de-norte-de-santander"],"_links":{"self":[{"href":"https:\/\/contraluzcucuta.co\/index.php?rest_route=\/wp\/v2\/posts\/32107","targetHints":{"allow":["GET"]}}],"collection":[{"href":"https:\/\/contraluzcucuta.co\/index.php?rest_route=\/wp\/v2\/posts"}],"about":[{"href":"https:\/\/contraluzcucuta.co\/index.php?rest_route=\/wp\/v2\/types\/post"}],"author":[{"embeddable":true,"href":"https:\/\/contraluzcucuta.co\/index.php?rest_route=\/wp\/v2\/users\/1"}],"replies":[{"embeddable":true,"href":"https:\/\/contraluzcucuta.co\/index.php?rest_route=%2Fwp%2Fv2%2Fcomments&post=32107"}],"version-history":[{"count":1,"href":"https:\/\/contraluzcucuta.co\/index.php?rest_route=\/wp\/v2\/posts\/32107\/revisions"}],"predecessor-version":[{"id":32109,"href":"https:\/\/contraluzcucuta.co\/index.php?rest_route=\/wp\/v2\/posts\/32107\/revisions\/32109"}],"wp:featuredmedia":[{"embeddable":true,"href":"https:\/\/contraluzcucuta.co\/index.php?rest_route=\/wp\/v2\/media\/32108"}],"wp:attachment":[{"href":"https:\/\/contraluzcucuta.co\/index.php?rest_route=%2Fwp%2Fv2%2Fmedia&parent=32107"}],"wp:term":[{"taxonomy":"category","embeddable":true,"href":"https:\/\/contraluzcucuta.co\/index.php?rest_route=%2Fwp%2Fv2%2Fcategories&post=32107"},{"taxonomy":"post_tag","embeddable":true,"href":"https:\/\/contraluzcucuta.co\/index.php?rest_route=%2Fwp%2Fv2%2Ftags&post=32107"}],"curies":[{"name":"wp","href":"https:\/\/api.w.org\/{rel}","templated":true}]}}