{"id":32093,"date":"2018-03-15T16:12:42","date_gmt":"2018-03-15T21:12:42","guid":{"rendered":"http:\/\/contraluzcucuta.co\/?p=32093"},"modified":"2018-03-15T16:12:42","modified_gmt":"2018-03-15T21:12:42","slug":"valorizacion-poco-poco-los-cucutenos-pagan-el-tributo-alcalde-cesar-rojas","status":"publish","type":"post","link":"https:\/\/contraluzcucuta.co\/?p=32093","title":{"rendered":"VALORIZACI\u00d3N. Poco a poco los cucute\u00f1os pagan el tributo: alcalde C\u00e9sar Rojas"},"content":{"rendered":"<p style=\"padding-left: 60px;\"><span style=\"color: #ff6600;\"><strong>C\u00daCUTA.-<\/strong> El alcalde C\u00e9sar Rojas se reuni\u00f3 con dirigentes de empresas de servicios p\u00fablicos locales para socializar el primer proyecto que se ejecutar\u00e1 por concepto de valorizaci\u00f3n. A mediados de junio, comenzar\u00e1 la construcci\u00f3n y el realineamiento de la Avenida Gran Colombia, desde el Club Cazadores hasta la Universidad Francisco de Paula Santander.<\/span><\/p>\n<p>Por valorizaci\u00f3n han ingresado al municipio $ 3900 millones, lo que demuestra que, poco a poco, los cucute\u00f1os pagan el tributo. La duraci\u00f3n del primer proyecto ser\u00e1 de ocho meses y la modernizaci\u00f3n se extender\u00e1 en 1,4 kil\u00f3metros por cada carril.<\/p>\n<p>\u201cEl intercambiador de la Terminal de Transportes, ser\u00e1 otra importante&nbsp; obra que empezar\u00e1 a ejecutarse\u201d, anunci\u00f3 Rojas Ayala.<\/p>\n<p>El prop\u00f3sito del proyecto de la Avenida Gran Colombia es brindar soluci\u00f3n al problema de atascos vehiculares. La obra mejorar\u00e1 la circulaci\u00f3n de automotores, peatones y ciclistas. Las dem\u00e1s iniciativas est\u00e1n contempladas en el Plan de Desarrollo y permitir\u00e1n el embellecimiento de la ciudad. <\/p>\n","protected":false},"excerpt":{"rendered":"<p>C\u00daCUTA.- El alcalde C\u00e9sar Rojas se reuni\u00f3 con dirigentes de empresas de servicios p\u00fablicos locales para socializar el primer proyecto que se ejecutar\u00e1 por concepto de valorizaci\u00f3n. A mediados de junio, comenzar\u00e1 la construcci\u00f3n y el realineamiento de la Avenida Gran Colombia, desde el Club Cazadores hasta la Universidad Francisco de Paula Santander. Por valorizaci\u00f3n &hellip;<\/p>\n","protected":false},"author":1,"featured_media":32094,"comment_status":"open","ping_status":"open","sticky":false,"template":"","format":"standard","meta":{"footnotes":""},"categories":[2625],"tags":[226,4033],"class_list":["post-32093","post","type-post","status-publish","format-standard","has-post-thumbnail","hentry","category-alcaldia-de-cucuta","tag-alcaldia-de-cucuta","tag-valorizacion-en-cucuta"],"_links":{"self":[{"href":"https:\/\/contraluzcucuta.co\/index.php?rest_route=\/wp\/v2\/posts\/32093","targetHints":{"allow":["GET"]}}],"collection":[{"href":"https:\/\/contraluzcucuta.co\/index.php?rest_route=\/wp\/v2\/posts"}],"about":[{"href":"https:\/\/contraluzcucuta.co\/index.php?rest_route=\/wp\/v2\/types\/post"}],"author":[{"embeddable":true,"href":"https:\/\/contraluzcucuta.co\/index.php?rest_route=\/wp\/v2\/users\/1"}],"replies":[{"embeddable":true,"href":"https:\/\/contraluzcucuta.co\/index.php?rest_route=%2Fwp%2Fv2%2Fcomments&post=32093"}],"version-history":[{"count":1,"href":"https:\/\/contraluzcucuta.co\/index.php?rest_route=\/wp\/v2\/posts\/32093\/revisions"}],"predecessor-version":[{"id":32095,"href":"https:\/\/contraluzcucuta.co\/index.php?rest_route=\/wp\/v2\/posts\/32093\/revisions\/32095"}],"wp:featuredmedia":[{"embeddable":true,"href":"https:\/\/contraluzcucuta.co\/index.php?rest_route=\/wp\/v2\/media\/32094"}],"wp:attachment":[{"href":"https:\/\/contraluzcucuta.co\/index.php?rest_route=%2Fwp%2Fv2%2Fmedia&parent=32093"}],"wp:term":[{"taxonomy":"category","embeddable":true,"href":"https:\/\/contraluzcucuta.co\/index.php?rest_route=%2Fwp%2Fv2%2Fcategories&post=32093"},{"taxonomy":"post_tag","embeddable":true,"href":"https:\/\/contraluzcucuta.co\/index.php?rest_route=%2Fwp%2Fv2%2Ftags&post=32093"}],"curies":[{"name":"wp","href":"https:\/\/api.w.org\/{rel}","templated":true}]}}