{"id":32088,"date":"2018-03-13T15:15:26","date_gmt":"2018-03-13T20:15:26","guid":{"rendered":"http:\/\/contraluzcucuta.co\/?p=32088"},"modified":"2018-03-15T16:33:38","modified_gmt":"2018-03-15T21:33:38","slug":"mano-mano-con-ivan-vargas-el-patinaje-es-una-linda-y-desagradecida-profesion","status":"publish","type":"post","link":"https:\/\/contraluzcucuta.co\/?p=32088","title":{"rendered":"MANO A MANO CON IV\u00c1N VARGAS. El patinaje es una linda y desagradecida profesi\u00f3n  \u00a0"},"content":{"rendered":"<p style=\"padding-left: 60px;\"><span style=\"color: #ff6600;\"><strong>C\u00daCUTA.-<\/strong> Para este envigade\u00f1o que estudi\u00f3 odontolog\u00eda en la Universidad de Antioquia, su vida ha sido el patinaje como deportista y ahora como entrenador. Recibi\u00f3 a Fabriana Arias y la form\u00f3 para convertirla en gran deportista y en gran ser humano. Es consciente de que los logros en el Club Paen y en la Selecci\u00f3n Colombia se han alcanzado por el amor, la dedicaci\u00f3n y la pasi\u00f3n que le tiene al deporte.<\/span><\/p>\n<p><strong>\u00bfHace cu\u00e1nto est\u00e1 vinculado con el patinaje de Antioquia?<\/strong><\/p>\n<ul>\n<li>Son 33 a\u00f1os. De esos, 18 a\u00f1os como patinador. Tuve la oportunidad de ser selecci\u00f3n Antioquia durante 12 a\u00f1os seguidos. Fui campe\u00f3n nacional desde juvenil hasta mayores. Tuve la oportunidad de correr tres mundiales y particip\u00e9 en los Panamericanos.<\/li>\n<\/ul>\n<p><strong>\u00bfQu\u00e9 recuerda de su etapa como patinador?<\/strong><\/p>\n<ul>\n<li>Fue una etapa muy bonita. No solo la marcaron los resultados, sino que tambi\u00e9n lo forma a uno como ser humano, como persona, forma el car\u00e1cter. Fue en ese aspecto muy importante para lo que soy, para mi profesi\u00f3n, para mi vida personal. Definitivamente, el deporte es \u00fanico formador de personas y seres humanos.<\/li>\n<\/ul>\n<p><strong>\u00bfEn d\u00f3nde fue y que recuerda de su primera competencia?<\/strong><\/p>\n<ul>\n<li>Fueron unos interbarriales en Medell\u00edn, en esa \u00e9poca se llamaban Juegos Metropolitanos. Hablamos de 1984. En esa \u00e9poca llevaba dos a\u00f1os en el patinaje recreativo. Mis primeros patines me los dieron en la primera comuni\u00f3n. Patinaba por la acera del barrio Boston, donde crec\u00ed. Un amigo me vio y me dijo de las competencias. Ah\u00ed empec\u00e9 esta carrera.<\/li>\n<\/ul>\n<p><strong>\u00bfSu mayor logro como patinador?<\/strong><\/p>\n<ul>\n<li>Tuve una \u00e9poca muy bonita. De pronto en ese tiempo no hab\u00eda las facilidades que tienen hoy los atletas, de tener buenos clubes, buenas ligas. Nos toc\u00f3 duro. Entre mis logros est\u00e1 haber sido campe\u00f3n en todas las categor\u00edas e internacionalmente quinto en un mundial. Ese fue mi mayor logro.<\/li>\n<\/ul>\n<p><strong>\u00bfPorque se retir\u00f3 del patinaje?<\/strong><\/p>\n<ul>\n<li>Digamos que por la edad. Era estudiante de odontolog\u00eda en la Universidad de Antioquia, termin\u00e9 los estudios y vimos que en ese momento hab\u00eda finalizado mi etapa competitiva.<\/li>\n<\/ul>\n<p><strong>\u00bfQue lo motivo a tomar la decisi\u00f3n de ser t\u00e9cnico?<\/strong><\/p>\n<ul>\n<li>Siempre me ha gustado ense\u00f1ar. Soy profesor por naturaleza. Desde que era deportista admiraba a mis entrenadores y a la gente que trabajaba a m\u00ed alrededor. A la parte t\u00e9cnica llegue por casualidad. En Envigado (donde vivo) se fund\u00f3 hace 25 a\u00f1os el Club Paen. A los dos a\u00f1os de fundado, siendo patinador, tuve la oportunidad de ser llamado a acompa\u00f1ar algunos entrenamientos de los ni\u00f1os y acept\u00e9. Empec\u00e9 a ir a los entrenamientos de manera desinteresada, solo con ganas de aportar el poco conocimiento que ten\u00eda y de aprender. Los dos primeros a\u00f1os no recib\u00ed un centavo, porque el club era peque\u00f1o. Me dec\u00edan que fuera cuando quisiera, pero no falt\u00e9 a ning\u00fan entrenamiento. Y ah\u00ed naci\u00f3 mi carrera como entrenador.<\/li>\n<\/ul>\n<p><strong>\u00bfNo se arrepiente de haber trabajado gratis?<\/strong><\/p>\n<ul>\n<li>No, para nada. Fueron momentos muy lindos en mi vida, de aprendizaje. En esa \u00e9poca ni so\u00f1aba lo que iba a ser mi futuro como t\u00e9cnico. Cuando inici\u00e9 era el entrenador m\u00e1s malo que hab\u00eda en Antioquia y en Colombia. Mis atletas no ten\u00edan lugares destacados, pero siempre tuve la fe en que pod\u00edamos hacer cosas importantes. Hoy, el Club Paen es uno de los m\u00e1s importantes en el pa\u00eds. Tiene m\u00faltiples atletas que han sido campeones del mundo y han tenido destacadas actuaciones internacionales y nacionales. As\u00ed que no me arrepiento un solo segundo de haber tomado esa decisi\u00f3n.<\/li>\n<\/ul>\n<p><strong>\u00bfCu\u00e1l es la clave para llegarles a los patinadores para que &nbsp;entiendan lo que quiere en cada?<\/strong><\/p>\n<ul>\n<li>Todos los deportistas son diferentes. Hay un lenguaje diferente para llegarle a cada uno. Hay unos que en alg\u00fan momento se necesita que uno sea fuerte; otros, que con una o dos palabras entienden el mensaje y saben lo que tienen que hacer en la pista. Tengo un lema y es que \u201cme gusta que mis atletas cuenten conmigo en los malos momentos\u201d. No en los buenos, porque en los malos muy poca gente est\u00e1 contigo.<\/li>\n<\/ul>\n<p><strong>\u00bfC\u00f3mo hace para que su silbido lo escuchen los patinadores y no se confundan con los de la tribuna?<\/strong><\/p>\n<ul>\n<li>Realmente el silbido fue algo que aprend\u00ed desde peque\u00f1o. Mi mam\u00e1 me ense\u00f1\u00f3 a silbar fuerte. Cuando empec\u00e9 a trabajar quer\u00eda ser diferente y empec\u00e9 a utilizar el silbido en los entrenamientos. Inclusive, tengo una an\u00e9cdota reciente y divertida. En los \u00faltimos Ol\u00edmpicos dos alumnos participaban por primera vez. Est\u00e1bamos en Corea del Sur y cuando salieron a la pista empec\u00e9 a silbar. Los voluntarios me quer\u00edan sacar del escenario. Despu\u00e9s, empec\u00e9 a ver que varios entrenadores utilizaban el silbido. Es un sello m\u00edo. Muchas veces los atletas me piden el silbido, porque es como un aliento que tienen en medio de las competencias.<\/li>\n<\/ul>\n<p><strong>\u00bfC\u00f3mo lleg\u00f3 a la Selecci\u00f3n Colombia?<\/strong><\/p>\n<ul>\n<li>Es una historia muy bonita. En el 2007, hab\u00eda cumplido una d\u00e9cada como entrenador y ten\u00eda buenos resultados nacionales con pocos atletas. Internacionalmente, no ten\u00eda muchos resultados. En ese momento hubo cierta incomodidad en el patinaje, porque hab\u00eda entrenadores con mejor hoja de vida. Soy creyente, as\u00ed que le dije a Dios que me ayudara a hacer las cosas bien, que me diera sabidur\u00eda. Y que si era capaz de hacerlo bien, que me permitiera estar ah\u00ed. En ese a\u00f1o fuimos campeones mundiales por primera vez. Eso permiti\u00f3 tener continuidad en la selecci\u00f3n Colombia. He dirigido en 12 campeonatos del mundo, en los que he sido subcampe\u00f3n y campe\u00f3n.<\/li>\n<\/ul>\n<p><strong>\u00bfEl momento m\u00e1s dif\u00edcil y el que m\u00e1s ha disfrutado?<\/strong><\/p>\n<ul>\n<li>El m\u00e1s dif\u00edcil ocurri\u00f3 en el 2009. Perdimos el campeonato del mundo frente a Corea del Sur, en China Popular. Fue un a\u00f1o dif\u00edcil para el patinaje de Colombia, porque hubo remez\u00f3n de cuerpo t\u00e9cnico. Segu\u00ed a cargo del proceso gracias a la confianza del presidente de la Federaci\u00f3n, Alberto Herrera. Y el m\u00e1s feliz fue en el 2011, en Corea del Sur. El a\u00f1o anterior hab\u00edamos tenido mundial en Guarne (Colombia) y se dec\u00eda por parte de la prensa que hab\u00edamos ganado, porque Corea del Sur no hab\u00eda llevado la delegaci\u00f3n completa, porque estaban en los juegos asi\u00e1ticos. Cuando fuimos visitantes, en el 2011, se convirti\u00f3 en un reto personal; incluso, dijimos con el profesor El\u00edas del Valle&nbsp; que si no gan\u00e1bamos renunci\u00e1bamos a la selecci\u00f3n Colombia. Fue una competencia dif\u00edcil, ellos ten\u00edan un equipo poderoso y estaban de locales. Gracias a Dios ganamos.<\/li>\n<\/ul>\n<p><strong>\u00bfQu\u00e9 tanto tiene que ver en el \u00e9xito de Fabriana Arias?<\/strong><\/p>\n<ul>\n<li>Con Fabriana es una historia muy bonita. Ha marcado mi vida. La recib\u00ed siendo una ni\u00f1a de 7 a\u00f1os. Desde los inicios demostr\u00f3 cualidades y capacidades para este deporte. Ha trabajado con seriedad, profesionalismo y responsabilidad. Verla convertida en una de las mejores patinadoras del mundo y en una persona exitosa, para mi es importante. Prefiero que crezca como persona, porque un d\u00eda el deporte y la carrera se acaban y seguir\u00e1 siendo Fabriana y yo seguir\u00e9 siendo Iv\u00e1n. La idea es que no pierda su esencia.<\/li>\n<\/ul>\n<p><strong>Describa al patinador antioque\u00f1o\u2026<\/strong><\/p>\n<ul>\n<li>Es disciplinado, perseverante, le gustan los retos. Como todo buen antioque\u00f1o es trabajador, no se le esconde al entrenamiento, ni a los momentos dif\u00edciles. Es inteligente a la hora de salir a la pista. Eso hace que sea importante. Sufrimos por el biotipo con Valle del Cauca o Costa Atl\u00e1ntica, porque son corredores con m\u00e1s fortaleza f\u00edsica.<\/li>\n<\/ul>\n<p><strong>\u00bfQu\u00e9 tanto le ha aportado el Club Paen al patinaje colombiano y a su vida?<\/strong><\/p>\n<ul>\n<li>Much\u00edsimo. El Club Paen ha sido un proyecto de vida para m\u00ed, porque lo vi nacer, lo he visto crecer desde cero. Lo he visto convertirse en una de las mejores instituciones de patinaje en el pa\u00eds. Que en Colombia eso es mucho decir, porque somos campeones mundiales en patinaje de carreras. Ha aportado deportistas a la selecci\u00f3n Colombia, como Fabriana, Laura G\u00f3mez y Pedro Causil, los primeros en participar en los Ol\u00edmpicos.<\/li>\n<\/ul>\n<p><strong>\u00bfQu\u00e9 tanto tiene que ver Cecilia Baena en el patinaje colombiano?<\/strong><\/p>\n<ul>\n<li>Cecilia marc\u00f3 un momento importante para el patinaje de Colombia. Es una de las mejores patinadoras, lo demostr\u00f3 con t\u00edtulos del mundo y en todas las pistas por donde pas\u00f3. La \u00e9poca gloriosa de Cecilia fue m\u00e1s o menos en el 2003.<\/li>\n<\/ul>\n<p><strong>\u00bfQu\u00e9 le agradece a la vida?<\/strong><\/p>\n<ul>\n<li>Soy un hombre bendecido, porque trabajo en algo muy lindo que se llama el deporte. Tengo la bendici\u00f3n de tener a mi familia y a mi esposa. No puede tener hijos biol\u00f3gicos pero tengo hijos putativos que han sido los deportistas que han pasado por mis manos. Tenemos muchas bendiciones y por eso estoy agradecido.<\/li>\n<\/ul>\n<p><strong>\u00bfQu\u00e9 les puede decir a quienes quieren ser t\u00e9cnicos?<\/strong><\/p>\n<ul>\n<li>Lo m\u00e1s importante es ser apasionado por lo que hace. Ser t\u00e9cnico es dif\u00edcil por la manera como se nos trata cuando logramos un t\u00edtulo o cuando lo fallamos. Un fin de semana es un h\u00e9roe y al otro, un villano. Uno tiene que tener mucho amor por lo que hace. Hay que prepararse todos los d\u00edas, porque el deporte es una esencia y evoluciona constantemente y tenemos que estar igual. Lo que les digo es que se preparen para una vida dura. Somos n\u00f3madas. Nos toca ausentarnos por d\u00edas, semanas, meses y hasta a\u00f1os del hogar. Nos mantenemos en hoteles, aeropuertos y pistas. Esto es duro, pero todo ha valido la pena. Es una profesi\u00f3n linda y desagradecida, que con pasi\u00f3n se puede llevar y cumplir objetivos.&nbsp;<\/li>\n<\/ul>\n<p><strong>JORDY ORLANDO CRUZ<\/strong> <\/p>\n","protected":false},"excerpt":{"rendered":"<p>C\u00daCUTA.- Para este envigade\u00f1o que estudi\u00f3 odontolog\u00eda en la Universidad de Antioquia, su vida ha sido el patinaje como deportista y ahora como entrenador. Recibi\u00f3 a Fabriana Arias y la form\u00f3 para convertirla en gran deportista y en gran ser humano. Es consciente de que los logros en el Club Paen y en la Selecci\u00f3n &hellip;<\/p>\n","protected":false},"author":1,"featured_media":32089,"comment_status":"open","ping_status":"open","sticky":false,"template":"","format":"standard","meta":{"footnotes":""},"categories":[28],"tags":[4092,4091],"class_list":["post-32088","post","type-post","status-publish","format-standard","has-post-thumbnail","hentry","category-vistazo-deportivo","tag-ivan-vargas","tag-patinaje-colombiano"],"_links":{"self":[{"href":"https:\/\/contraluzcucuta.co\/index.php?rest_route=\/wp\/v2\/posts\/32088","targetHints":{"allow":["GET"]}}],"collection":[{"href":"https:\/\/contraluzcucuta.co\/index.php?rest_route=\/wp\/v2\/posts"}],"about":[{"href":"https:\/\/contraluzcucuta.co\/index.php?rest_route=\/wp\/v2\/types\/post"}],"author":[{"embeddable":true,"href":"https:\/\/contraluzcucuta.co\/index.php?rest_route=\/wp\/v2\/users\/1"}],"replies":[{"embeddable":true,"href":"https:\/\/contraluzcucuta.co\/index.php?rest_route=%2Fwp%2Fv2%2Fcomments&post=32088"}],"version-history":[{"count":2,"href":"https:\/\/contraluzcucuta.co\/index.php?rest_route=\/wp\/v2\/posts\/32088\/revisions"}],"predecessor-version":[{"id":32091,"href":"https:\/\/contraluzcucuta.co\/index.php?rest_route=\/wp\/v2\/posts\/32088\/revisions\/32091"}],"wp:featuredmedia":[{"embeddable":true,"href":"https:\/\/contraluzcucuta.co\/index.php?rest_route=\/wp\/v2\/media\/32089"}],"wp:attachment":[{"href":"https:\/\/contraluzcucuta.co\/index.php?rest_route=%2Fwp%2Fv2%2Fmedia&parent=32088"}],"wp:term":[{"taxonomy":"category","embeddable":true,"href":"https:\/\/contraluzcucuta.co\/index.php?rest_route=%2Fwp%2Fv2%2Fcategories&post=32088"},{"taxonomy":"post_tag","embeddable":true,"href":"https:\/\/contraluzcucuta.co\/index.php?rest_route=%2Fwp%2Fv2%2Ftags&post=32088"}],"curies":[{"name":"wp","href":"https:\/\/api.w.org\/{rel}","templated":true}]}}