{"id":32084,"date":"2018-03-13T13:59:53","date_gmt":"2018-03-13T18:59:53","guid":{"rendered":"http:\/\/contraluzcucuta.co\/?p=32084"},"modified":"2018-03-13T13:59:53","modified_gmt":"2018-03-13T18:59:53","slug":"testimonio-cucuta-llegue-con-una-mano-adelante-y-otra-atras","status":"publish","type":"post","link":"https:\/\/contraluzcucuta.co\/?p=32084","title":{"rendered":"TESTIMONIO. \u201cA C\u00facuta llegu\u00e9 con una mano adelante y otra atr\u00e1s\u201d"},"content":{"rendered":"<p style=\"padding-left: 60px;\"><span style=\"color: #ff6600;\"><strong>C\u00daCUTA.-<\/strong> Dinael Leal Angarita es oriundo de Tib\u00fa y hace parte del largo listado de v\u00edctimas del conflicto armado colombiano. \u201cEs una historia larga\u201d, dijo y comenz\u00f3 a rememorar las vivencias desde el momento que lo amenazaron, hasta ahora, cuando recibi\u00f3 ayuda oficial por la situaci\u00f3n de desplazado.<\/span><\/p>\n<p>Los paramilitares, que hab\u00edan asesinado a un hermano, lo persiguieron por no haber asistido a las reuniones a las que lo convocaban. \u201cEntonces, s\u00ed le toca que irse\u201d, fue la frase lapidaria que lo hizo recoger la poca ropa con la que lleg\u00f3 a la ciudad acompa\u00f1ado de los dos hijos. Esto ocurri\u00f3 en el 2002.<\/p>\n<p>La vida, antes de quedar en la mira de los ilegales, trascurr\u00eda normal. Trabajaba como bracero (carguero) y ten\u00eda una parcela, en la que cultivaba yuca y ma\u00edz. As\u00ed pasaba los d\u00edas en familia. Hoy, recordar esos momentos lo entristecen as\u00ed lo disimule, pero el esfuerzo por evitarlo se refleja en los ojos. \u201cHasta pensarlo duele a esta edad\u201d. La sonrisa leve se insin\u00faa para matizar ese dolor que no quiere que se manifieste y se refugia en Dios.<\/p>\n<p>El primer golpe se lo dio la mujer, que lo abandon\u00f3 a comienzos de siglo y lo dej\u00f3 a cargo de los dos ni\u00f1os. Ahora, por ah\u00ed la ha visto, pero le da igual, porque reh\u00edzo la vida sentimental y hace tiempos form\u00f3 otro hogar. Luego, recibi\u00f3 la orden perentoria de esos hombres desconocidos que le dieron minutos para abandonar el pueblo. \u201cHab\u00eda visto cosas horrendas y tom\u00e9 la decisi\u00f3n de huir\u201d. A las 5:00 de la tarde, la casa no estaba en pie, la hab\u00edan tumbado y alguien se hab\u00eda llevado enseres, muebles y vestidos.<\/p>\n<p>A C\u00facuta lleg\u00f3 \u201ccon una mano adelante y otra atr\u00e1s\u201d, sin ilusiones, sin saber qu\u00e9 hacer, porque no conoc\u00eda la capital de Norte de Santander. En alguna ocasi\u00f3n lleg\u00f3 hasta la Terminal de Transportes y nada m\u00e1s. Eso era todo lo que hab\u00eda visto de la ciudad.<\/p>\n<p>En el barrio Chapinero apareci\u00f3 el \u00e1ngel que lo acompa\u00f1ar\u00eda por un buen trecho de la vida, y una familia, integrante de la iglesia a la que pertenece, le dio albergue. La ayuda recibida le sirvi\u00f3 para curar las heridas causadas en el alma por esos sujetos que lo obligaron a migrar de donde no imaginaba que saldr\u00eda. Est\u00e1 seguro, y lo dice con plena seguridad, de que sin esa mano tendida no habr\u00eda criado a los hijos.<\/p>\n<p>En ese sector de la Ciudadela Juan Atalaya pas\u00f3 largo tiempo. Levant\u00f3 a los hijos, le dieron la oportunidad de manejar un cami\u00f3n y comenz\u00f3 a trabajar en Cenabastos. Era una \u00e9poca buena para los acarreos, tanto que asumi\u00f3 un pr\u00e9stamo para quedarse con el veh\u00edculo. Hoy, todav\u00eda lo tiene y a diario va a la Central de Abastos para cumplir con la misi\u00f3n de transportar alimentos hasta donde el cliente lo solicite.<\/p>\n<p>La hermana de la iglesia que lo recibi\u00f3 en Chapinero se convirti\u00f3 en la protectora. Tanto, que en la Fundaci\u00f3n de la Mujer hizo un pr\u00e9stamo para que Dinael comprara casa en Rosal del Norte, junto a las Am\u00e9ricas. En ese barrio, aunque la vida mejor\u00f3, no estuvo mucho tiempo. Un hombre ofreci\u00f3 compra y del negocio quedaban ganancias por lo que decidi\u00f3 vender. Ahora, vive en Do\u00f1a Nidya.<\/p>\n<p>La vida hab\u00eda comenzado a sonre\u00edrle. En la iglesia donde se congrega consigui\u00f3 esposa. \u201cNos pusimos a \u2018noviar\u2019 despu\u00e9s de viejos\u201d. Vivi\u00f3 10 a\u00f1os solo con los hijos. En medio de la relaci\u00f3n surgi\u00f3 la conversaci\u00f3n sobre la ayuda a los desplazados. En la Defensor\u00eda del Pueblo le recomendaron ir a la Unidad de Restituci\u00f3n de Tierras (URT). El proceso por despojo se dio en tres a\u00f1os y ocho meses. \u201cCreo que ninguno me ha tratado as\u00ed como me atendieron en Restituci\u00f3n de Tierras\u201d.<\/p>\n<p>El respaldo econ\u00f3mico de la URT alcanz\u00f3 para comprar casa en el barrio Motilones, tambi\u00e9n en la Ciudadela Juan Atalaya. La tiene arrendada y con ese ingreso complementa el sustento del hogar. A Tib\u00fa volvi\u00f3 en cuestiones de trabajo, pas\u00f3 frente a la casa que abandon\u00f3 y la vio de nuevo de pie y ocupada.<\/p>\n<p>A pesar de la nostalgia que da el volver al pasado, Dinael no siente nada contra quienes pistola en mano lo obligaron a cambiar de vida. \u201cOjal\u00e1 me los consiguiera, porque s\u00e9 qui\u00e9nes son\u201d. No les dir\u00eda nada, porque no les guarda rencor y porque est\u00e1 convencido de que \u201cDios no hace las cosas a medias, sino completas\u201d.<\/p>\n<p>Los dos hijos con los que huy\u00f3 de Tib\u00fa trabajan en C\u00facuta; est\u00e1 casado&nbsp; y en ese nuevo matrimonio naci\u00f3 Kelly hace 7 a\u00f1os; lee la Biblia y entiende lo que dice; es due\u00f1o del cami\u00f3n y de dos casas. Est\u00e1 a punto de cumplir medio siglo de vida.<\/p>\n<p>\u201cMe desvincul\u00e9 del conflicto cuando conoc\u00ed a Dios\u201d. En otra \u00e9poca hubiera buscado a los asesinos del hermano para vengarse. Ahora, le gustar\u00eda encontr\u00e1rselos para \u201cofrecerles disculpas por lo mal que pens\u00e9\u201d.<\/p>\n<p><strong>RAFAEL ANTONIO PAB\u00d3N<\/strong><\/p>\n<p><a href=\"mailto:rafaelpabon58@hotmail.com\"><strong>rafaelpabon58@hotmail.com<\/strong><\/a> <\/p>\n","protected":false},"excerpt":{"rendered":"<p>C\u00daCUTA.- Dinael Leal Angarita es oriundo de Tib\u00fa y hace parte del largo listado de v\u00edctimas del conflicto armado colombiano. \u201cEs una historia larga\u201d, dijo y comenz\u00f3 a rememorar las vivencias desde el momento que lo amenazaron, hasta ahora, cuando recibi\u00f3 ayuda oficial por la situaci\u00f3n de desplazado. Los paramilitares, que hab\u00edan asesinado a un &hellip;<\/p>\n","protected":false},"author":1,"featured_media":32085,"comment_status":"open","ping_status":"open","sticky":false,"template":"","format":"standard","meta":{"footnotes":""},"categories":[17,4,5],"tags":[3662,1535],"class_list":["post-32084","post","type-post","status-publish","format-standard","has-post-thumbnail","hentry","category-conversaciones-a-contraluz","category-barra","category-justicia-transicional","tag-urt-norte-de-santander","tag-victimas-del-conflicto-armado"],"_links":{"self":[{"href":"https:\/\/contraluzcucuta.co\/index.php?rest_route=\/wp\/v2\/posts\/32084","targetHints":{"allow":["GET"]}}],"collection":[{"href":"https:\/\/contraluzcucuta.co\/index.php?rest_route=\/wp\/v2\/posts"}],"about":[{"href":"https:\/\/contraluzcucuta.co\/index.php?rest_route=\/wp\/v2\/types\/post"}],"author":[{"embeddable":true,"href":"https:\/\/contraluzcucuta.co\/index.php?rest_route=\/wp\/v2\/users\/1"}],"replies":[{"embeddable":true,"href":"https:\/\/contraluzcucuta.co\/index.php?rest_route=%2Fwp%2Fv2%2Fcomments&post=32084"}],"version-history":[{"count":1,"href":"https:\/\/contraluzcucuta.co\/index.php?rest_route=\/wp\/v2\/posts\/32084\/revisions"}],"predecessor-version":[{"id":32086,"href":"https:\/\/contraluzcucuta.co\/index.php?rest_route=\/wp\/v2\/posts\/32084\/revisions\/32086"}],"wp:featuredmedia":[{"embeddable":true,"href":"https:\/\/contraluzcucuta.co\/index.php?rest_route=\/wp\/v2\/media\/32085"}],"wp:attachment":[{"href":"https:\/\/contraluzcucuta.co\/index.php?rest_route=%2Fwp%2Fv2%2Fmedia&parent=32084"}],"wp:term":[{"taxonomy":"category","embeddable":true,"href":"https:\/\/contraluzcucuta.co\/index.php?rest_route=%2Fwp%2Fv2%2Fcategories&post=32084"},{"taxonomy":"post_tag","embeddable":true,"href":"https:\/\/contraluzcucuta.co\/index.php?rest_route=%2Fwp%2Fv2%2Ftags&post=32084"}],"curies":[{"name":"wp","href":"https:\/\/api.w.org\/{rel}","templated":true}]}}