{"id":32073,"date":"2018-03-11T22:56:04","date_gmt":"2018-03-12T03:56:04","guid":{"rendered":"http:\/\/contraluzcucuta.co\/?p=32073"},"modified":"2018-03-12T05:58:19","modified_gmt":"2018-03-12T10:58:19","slug":"elecciones-2018-llegan-cuatro-caras-nuevas-de-norte-de-santander-al-congreso","status":"publish","type":"post","link":"https:\/\/contraluzcucuta.co\/?p=32073","title":{"rendered":"ELECCIONES 2018. Llegan cuatro caras nuevas de Norte de Santander, al Congreso"},"content":{"rendered":"<p style=\"padding-left: 60px;\"><span style=\"color: #ff6600;\"><strong>C\u00daCUTA.-<\/strong> Los nortesantandereanos, en la jornada electoral de este 11 de marzo, castigaron a dos de los connotados pol\u00edticos de la regi\u00f3n y ensalzaron a otros aspirantes que se estrenar\u00e1n en la legislatura que comenzar\u00e1 el 20 de julio. Manuel Guillermo Mora y Juan Manuel Corzo salieron del grupo de privilegiados en el Senado de la Rep\u00fablica, mientras que Milla Romero, Edgar D\u00edaz, Jairo Cristo y Juan Pablo Celis ocupar\u00e1n curul en el Congreso.<\/span><\/p>\n<p>Escrutado el 99,46 por ciento de los votos depositados en 3351 de las 3369 mesas dispuestas en el departamento, para el Senado sufragaron 600.942 ciudadanos y para la C\u00e1mara 600.999, de los 1.158.566 habilitados. &nbsp;<\/p>\n<p>Los representantes a la C\u00e1mara por Norte de Santander, para los siguientes cuatro a\u00f1os, ser\u00e1n:<\/p>\n<p>1.- Wilmer Ramiro Carrillo Mendoza, con 66.376 (12,79 %), del partido de la U<\/p>\n<p>2.- Ciro Antonio Rodr\u00edguez Pinz\u00f3n, con 54.818 (10,56 %), del Partido Conservador Colombiano<\/p>\n<p>3.- Alejandro Carlos Chac\u00f3n Camargo, con 53.729 (10,35 %), del Partido Liberal&nbsp;&nbsp;&nbsp;&nbsp;&nbsp;&nbsp;&nbsp;<\/p>\n<p>4.- Jairo Humberto Cristo Correa, con 41.094 (7,92 %), del Partido Cambio radical<\/p>\n<p>5.- Juan Pablo Celis Vergel, con 30.345 (5,84 %), del Partido centro Democr\u00e1tico.<\/p>\n<p>A la C\u00e1mara no regresan Juan Carlos Garc\u00eda, quien dio el salto al Senado, y Neftal\u00ed Santos, quien se margin\u00f3 de la contienda electoral.<\/p>\n<p>Por partidos, el Liberal obtuvo 114.555 (22,06 %); seguido del Conservador, con 95.959 (18,48 %);&nbsp; Cambio Radical, con 94.900 (18,28 %); La U, con 90.478 (17,42 %) y Centro Democr\u00e1tico, con 76.847 (14,80 %).<\/p>\n<p>Para el Senado, escrutado el 99,58 por ciento, los resultados son los siguientes:<\/p>\n<p>1.- Juan Carlos Garc\u00eda G\u00f3mez, con 51.367 (9,70 %), Partido Conservador Colombiano<\/p>\n<p>2.- Edgar Jes\u00fas D\u00edaz Contreras, con 59.170 (11,17 %), Cambio Radical<\/p>\n<p>3.- Milla Patricia Romero Soto, con 15.729 (2,97 %), Centro Democr\u00e1tico<\/p>\n<p>4.- Andr\u00e9s Cristo Bustos, con 34.960 (6,60 %), Partido Liberal.<\/p>\n<p>Escrutado el 99,82 por ciento de los votos depositados para el Senado, en Norte de Santander estos son los resultados, por partidos:<\/p>\n<p>1.- Conservador Colombiano, 107.447 (20,29 %)<\/p>\n<p>2.- Cambio Radical, 100.550 (18,99 %)<\/p>\n<p>3.- Centro Democr\u00e1tico, 89.715 (16,94 %)<\/p>\n<p>4.- Liberal Colombiano, 68.915 (13,01 %)<\/p>\n<p>5.- De la U, 66.801 (12,61 %)<\/p>\n<p>6.- Alianza Verde, 19.653 (3,71 %)<\/p>\n<p>7.- Polo Democr\u00e1tico Alternativo, 14.167 (2,67 %)<\/p>\n<p>&nbsp;<\/p>\n<p>&nbsp; <\/p>\n","protected":false},"excerpt":{"rendered":"<p>C\u00daCUTA.- Los nortesantandereanos, en la jornada electoral de este 11 de marzo, castigaron a dos de los connotados pol\u00edticos de la regi\u00f3n y ensalzaron a otros aspirantes que se estrenar\u00e1n en la legislatura que comenzar\u00e1 el 20 de julio. Manuel Guillermo Mora y Juan Manuel Corzo salieron del grupo de privilegiados en el Senado de &hellip;<\/p>\n","protected":false},"author":1,"featured_media":32080,"comment_status":"open","ping_status":"open","sticky":false,"template":"","format":"standard","meta":{"footnotes":""},"categories":[45,4],"tags":[129,34,3989,2409,199,2227,2191],"class_list":["post-32073","post","type-post","status-publish","format-standard","has-post-thumbnail","hentry","category-destacado","category-barra","tag-andres-cristo","tag-edgar-diaz","tag-elecciones-2018","tag-jairo-cristo","tag-juan-manuel-corzo","tag-manuel-guillermo-mora","tag-milla-romero"],"_links":{"self":[{"href":"https:\/\/contraluzcucuta.co\/index.php?rest_route=\/wp\/v2\/posts\/32073","targetHints":{"allow":["GET"]}}],"collection":[{"href":"https:\/\/contraluzcucuta.co\/index.php?rest_route=\/wp\/v2\/posts"}],"about":[{"href":"https:\/\/contraluzcucuta.co\/index.php?rest_route=\/wp\/v2\/types\/post"}],"author":[{"embeddable":true,"href":"https:\/\/contraluzcucuta.co\/index.php?rest_route=\/wp\/v2\/users\/1"}],"replies":[{"embeddable":true,"href":"https:\/\/contraluzcucuta.co\/index.php?rest_route=%2Fwp%2Fv2%2Fcomments&post=32073"}],"version-history":[{"count":3,"href":"https:\/\/contraluzcucuta.co\/index.php?rest_route=\/wp\/v2\/posts\/32073\/revisions"}],"predecessor-version":[{"id":32082,"href":"https:\/\/contraluzcucuta.co\/index.php?rest_route=\/wp\/v2\/posts\/32073\/revisions\/32082"}],"wp:featuredmedia":[{"embeddable":true,"href":"https:\/\/contraluzcucuta.co\/index.php?rest_route=\/wp\/v2\/media\/32080"}],"wp:attachment":[{"href":"https:\/\/contraluzcucuta.co\/index.php?rest_route=%2Fwp%2Fv2%2Fmedia&parent=32073"}],"wp:term":[{"taxonomy":"category","embeddable":true,"href":"https:\/\/contraluzcucuta.co\/index.php?rest_route=%2Fwp%2Fv2%2Fcategories&post=32073"},{"taxonomy":"post_tag","embeddable":true,"href":"https:\/\/contraluzcucuta.co\/index.php?rest_route=%2Fwp%2Fv2%2Ftags&post=32073"}],"curies":[{"name":"wp","href":"https:\/\/api.w.org\/{rel}","templated":true}]}}