{"id":32070,"date":"2018-03-11T08:49:09","date_gmt":"2018-03-11T13:49:09","guid":{"rendered":"http:\/\/contraluzcucuta.co\/?p=32070"},"modified":"2018-03-11T08:49:09","modified_gmt":"2018-03-11T13:49:09","slug":"informe-especial-cucuta-deportivo-mas-que-un-directivo-una-institucion","status":"publish","type":"post","link":"https:\/\/contraluzcucuta.co\/?p=32070","title":{"rendered":"INFORME ESPECIAL. C\u00facuta Deportivo, m\u00e1s que un directivo, una instituci\u00f3n"},"content":{"rendered":"<p style=\"padding-left: 60px;\"><span style=\"color: #ff6600;\"><strong>C\u00daCUTA.-<\/strong> Daniel Castro, hincha motil\u00f3n, dej\u00f3 de asistir a los grader\u00edos del estadio General Santander por la mala administraci\u00f3n del dirigente Jos\u00e9 Augusto Cadena. La situaci\u00f3n del C\u00facuta Deportivo ha llevado a que los seguidores opten por renunciar a las tribunas, a la pasi\u00f3n y al sentido de pertenencia por el equipo rojinegro.&nbsp;&nbsp;<\/span><\/p>\n<p>El pensamiento de los cucute\u00f1os se define en &#8220;los a\u00f1os de mala racha&#8221;,&nbsp; dijo Carlos Melgarejo, aficionado. Las dudosas decisiones internas del club y los fines econ\u00f3micos beneficiosos para los accionistas perjudican a la instituci\u00f3n y generan respuestas negativas entre los hinchas, cansados de los p\u00e9simos resultados.&nbsp;<\/p>\n<p>Daniel y Carlos son hinchas frustrados. Ambos forman parte de los 20.000 seguidores del once fronterizo que abandonaron las tribunas, el escudo y la camiseta. La primera fecha del torneo 2018, contra Deportes Quind\u00edo, pon\u00eda sobre la grama a dos de los llamados al ascenso. Al partido asistieron 12.000 espectadores.&nbsp;<\/p>\n<p>La poca inversi\u00f3n en la plantilla 2018 es la causa de la p\u00e9rdida de confianza en el equipo. Las ausencias de Erwin El Alpinito Carrillo y Jhonny Ram\u00edrez hacen que en la mente de los hinchas baje la estima por el cuadro local. Llegar a semifinales, en el segundo semestre del 2017, fue dif\u00edcil y con la n\u00f3mina actual poco se espera.&nbsp;<\/p>\n<p>El elenco motil\u00f3n cumple el tercer a\u00f1o consecutivo en la segunda categor\u00eda del F\u00fatbol Profesional Colombiano. Las campa\u00f1as exitosas de 2006 y 2007, mov\u00edan a 30.000 cucute\u00f1os, promedio, por partido y son prueba de que responden al buen andar del equipo. Pedir apoyo y que se abarroten las tribunas, es cuesti\u00f3n de amor y pasi\u00f3n por los colores rojo y negro.&nbsp;<\/p>\n<p>La falta de un goleador de raza hace que los nombres hist\u00f3ricos Walter Sosa, Omar Verd\u00fan y Manuel Rosendo Mag\u00e1n, que hicieron vibrar las barras en las d\u00e9cadas del 50 al 70, o los recientes Blas P\u00e9rez, Jorge La Babilla D\u00edaz y Diego Cabrera, &nbsp;sean recordados con nostalgia y se pida un referente de esa calidad.&nbsp;<\/p>\n<p>Otro factor que aleja del coloso de Lleras, a hombres y mujeres, es la manera como el equipo despliega el f\u00fatbol, sin buen toque, sin triangulaciones y sin saber llegar al arco contrario con posesi\u00f3n de bal\u00f3n. Ha sido el ADN mostrado en todas las canchas de Colombia, requisito exigido para que se pague la boleta.<\/p>\n<p>&#8220;La \u00fanica soluci\u00f3n para que el equipo retome su rumbo es compr\u00e1rselo a Cadena&#8221;, dijo Pedro Le\u00f3n J\u00e1uregui, periodista deportivo, con 35 a\u00f1os de experiencia en los medios de la ciudad. Resalt\u00f3 el trabajo de Cristian \u00c1lvarez, Diego Chica y Jonathan Agudelo, como los llamados a &#8220;echarse el equipo al hombro&#8221; y conseguir el objetivo de este semestre, ganar el cupo a la m\u00e1xima categor\u00eda.<\/p>\n<p>\u00c1lvarez estuvo tentado por varios equipos de Colombia y Argentina en el \u00faltimo mercado de pases. Destaca como positivo el esfuerzo de la directiva de preservarlo y darle confianza como figura del plantel.&nbsp;<\/p>\n<p>La odisea apenas comienza. &#8220;El problema va m\u00e1s all\u00e1 de unos simples administrativos. El factor principal es que los jugadores han dejado pasar el tiempo, no aportan igual al equipo y solo producen p\u00e9rdidas&#8221;, dijo Jordy Cruz, de Radio Monumental.&nbsp;<\/p>\n<p>Este drama lleva tres a\u00f1os de vigencia. El cuadro motil\u00f3n no logra ser protagonista en las finales y cada vez se aleja m\u00e1s la posibilidad de llegar a la categor\u00eda A. &#8220;No reconocer los talentos y ver pobreza en un equipo lleno de afici\u00f3n, son los causantes de la decadencia&#8221;, asegur\u00f3, periodista deportivo.&nbsp;<\/p>\n<p>Hay situaciones que escapan de las manos, en diciembre de 2013 fue el inicio del proceso empresarial de Jos\u00e9 Cadena como m\u00e1ximo accionista del rojinegro. La gesti\u00f3n solo ha logrado un a\u00f1o en la primera divisi\u00f3n, luego de ascender en los controvertidos cuadrangulares organizados por la Dimayor y con un gol pol\u00e9mico convertido con la mano por el paraguayo Marco Lazaga.<\/p>\n<p>Jos\u00e9 Luis Pinto, t\u00e9cnico campe\u00f3n de la \u00fanica estrella lograda en el 2006, en repetidas ocasiones ha expresado que la soluci\u00f3n a los problemas estructurales es que se cree un comit\u00e9 y se organice la compra de la ficha. Para alcanzar este objetivo se debe otorgar la oportunidad a empresarios de la regi\u00f3n que sienten el fervor y sean afines con los sentimientos de la afici\u00f3n.&nbsp;<\/p>\n<p>El amor del timonel oriundo de San Gil (Santander) por el C\u00facuta es acrecentado por su esposa Claudia Uribe, cucute\u00f1a seguidora de los colores rojinegros y que enamor\u00f3 a este apasionado por la pelota. Pinto es fuente inevitable a la hora de hablar de la toma de decisiones.<\/p>\n<p>Directivos y administrativos del equipo muestran una postura de positivismo a futuro, conf\u00edan en que el 2018 sea el a\u00f1o del resurgimiento de las gloriosas tardes en el General. Con la apertura de oficinas en el barrio Caobos, buscan el acercamiento directo con los hinchas.<\/p>\n<p>La iniciativa ha motivado a los aficionados, que discuten a cada momento sobre lo sucedido con el equipo. Ha sido visto de buena manera, porque es un medio para expresar que piensa el hincha de a pie.<\/p>\n<p>Jorge Bautista, carpintero del barrio Cundinamarca, va al estadio desde el 2003 junto a su hijo, invit\u00f3 a los que desde antes de que se televisara el f\u00fatbol de segunda categor\u00eda, &nbsp;buscaban la boleta para ver al once de sus amores, &nbsp;a que colmen el estadio para que un solo hombre que no coincide con los deseos de miles hunda un barco como el C\u00facuta Deportivo.<\/p>\n<p>El llamado de periodistas y expertos es a apropiarse de la instituci\u00f3n y a creer en los emblemas por sobre los directivos, una racha o unos resultados. Son m\u00e1s de diez generaciones las que han alentado, sufrido y celebrado las actuaciones del equipo rojinegro.<\/p>\n<p><strong>JHOAN BAUTISTA &#8211; DIANA HURTADO<\/strong><\/p>\n<p><strong>Estudiantes de Comunicaci\u00f3n Social<\/strong><\/p>\n<p><strong>Universidad de Pamplona<\/strong><\/p>\n<p><strong>Campus de Villa del Rosario<\/strong> <\/p>\n","protected":false},"excerpt":{"rendered":"<p>C\u00daCUTA.- Daniel Castro, hincha motil\u00f3n, dej\u00f3 de asistir a los grader\u00edos del estadio General Santander por la mala administraci\u00f3n del dirigente Jos\u00e9 Augusto Cadena. La situaci\u00f3n del C\u00facuta Deportivo ha llevado a que los seguidores opten por renunciar a las tribunas, a la pasi\u00f3n y al sentido de pertenencia por el equipo rojinegro.&nbsp;&nbsp; El pensamiento &hellip;<\/p>\n","protected":false},"author":1,"featured_media":32071,"comment_status":"open","ping_status":"open","sticky":false,"template":"","format":"standard","meta":{"footnotes":""},"categories":[4,3],"tags":[3996,1396,1166,301,2509],"class_list":["post-32070","post","type-post","status-publish","format-standard","has-post-thumbnail","hentry","category-barra","category-uncategorized","tag-cucuta-deportivo-2018","tag-dimayor","tag-estadio-general-santander","tag-futbol-profesional-colombiano","tag-jose-augusto-cadena"],"_links":{"self":[{"href":"https:\/\/contraluzcucuta.co\/index.php?rest_route=\/wp\/v2\/posts\/32070","targetHints":{"allow":["GET"]}}],"collection":[{"href":"https:\/\/contraluzcucuta.co\/index.php?rest_route=\/wp\/v2\/posts"}],"about":[{"href":"https:\/\/contraluzcucuta.co\/index.php?rest_route=\/wp\/v2\/types\/post"}],"author":[{"embeddable":true,"href":"https:\/\/contraluzcucuta.co\/index.php?rest_route=\/wp\/v2\/users\/1"}],"replies":[{"embeddable":true,"href":"https:\/\/contraluzcucuta.co\/index.php?rest_route=%2Fwp%2Fv2%2Fcomments&post=32070"}],"version-history":[{"count":1,"href":"https:\/\/contraluzcucuta.co\/index.php?rest_route=\/wp\/v2\/posts\/32070\/revisions"}],"predecessor-version":[{"id":32072,"href":"https:\/\/contraluzcucuta.co\/index.php?rest_route=\/wp\/v2\/posts\/32070\/revisions\/32072"}],"wp:featuredmedia":[{"embeddable":true,"href":"https:\/\/contraluzcucuta.co\/index.php?rest_route=\/wp\/v2\/media\/32071"}],"wp:attachment":[{"href":"https:\/\/contraluzcucuta.co\/index.php?rest_route=%2Fwp%2Fv2%2Fmedia&parent=32070"}],"wp:term":[{"taxonomy":"category","embeddable":true,"href":"https:\/\/contraluzcucuta.co\/index.php?rest_route=%2Fwp%2Fv2%2Fcategories&post=32070"},{"taxonomy":"post_tag","embeddable":true,"href":"https:\/\/contraluzcucuta.co\/index.php?rest_route=%2Fwp%2Fv2%2Ftags&post=32070"}],"curies":[{"name":"wp","href":"https:\/\/api.w.org\/{rel}","templated":true}]}}