{"id":31997,"date":"2018-02-26T16:46:34","date_gmt":"2018-02-26T21:46:34","guid":{"rendered":"http:\/\/contraluzcucuta.co\/?p=31997"},"modified":"2018-02-26T16:46:34","modified_gmt":"2018-02-26T21:46:34","slug":"justicia-transicional-victimas-del-conflicto-organizan-centro-de-acopio-textil","status":"publish","type":"post","link":"https:\/\/contraluzcucuta.co\/?p=31997","title":{"rendered":"JUSTICIA TRANSICIONAL. V\u00edctimas del conflicto organizan Centro de Acopio Textil"},"content":{"rendered":"<p style=\"padding-left: 30px;\"><span style=\"color: #ff6600;\"><strong>C\u00daCUTA.- <\/strong>V\u00edctimas del conflicto, residentes en el barrio Antonia Santos, pondr\u00e1n en funcionamiento el primer Centro de Acopio Textil. El proyecto productivo hace parte de las medidas de reparaci\u00f3n aprobadas para la comunidad. El apoyo corresponde al programa de Reparaci\u00f3n Colectiva de la Unidad para las V\u00edctimas, territorial Norte de Santander, y el Ministerio del Trabajo.<\/span><\/p>\n<p>\u201cTenemos las m\u00e1quinas para hacer pretinas y ojales, pegar botones y remaches, hacer doble costuras, delgadas y anchas. Tambi\u00e9n, tenemos computadores, ventiladores, sillas, telas y botones\u201d, dijo Fabio Velandia, miembro del grupo organizador del Centro.<\/p>\n<p>Silvia Moros Cu\u00e9llar, profesional de la Unidad en la Territorial, explic\u00f3 que el proyecto est\u00e1 respaldado por el Ministerio del Trabajo, que aport\u00f3 $ 322 millones para la adquisici\u00f3n de las m\u00e1quinas y los insumos para comenzar.<\/p>\n<p>Los habitantes de Antonia Santos son sujetos de reparaci\u00f3n por la violencia que sufrieron en las d\u00e9cadas de los 80 y los 90, a manos de grupos guerrilleros y paramilitares. \u201cCumplimos una medida de satisfacci\u00f3n, que fue el Cristo Nazareno. Ahora, sigue este proyecto productivo\u201d dijo la funcionaria.<\/p>\n<p>El Centro de Acopio recibir\u00e1 la producci\u00f3n de 15 talleres sat\u00e9lites en bluy\u00edn localizados en los barrios Los Olivos, Las Carolinas, La Primavera, Las Brisas y Antonia Santos. Ah\u00ed se har\u00e1n los terminados y el empaque para la distribuci\u00f3n.<\/p>\n<p>Inicialmente, se beneficiar\u00e1n 35 familias de la ciudadela Juan Atalaya. A mediano plazo podr\u00e1n unirse a la cadena productiva y comercial otras 35.<\/p>\n<p>La confecci\u00f3n de ropa, especialmente bluyines, se escogi\u00f3 por la vocaci\u00f3n comercial que arroj\u00f3 un estudio previo en el sector.&nbsp; A la fecha, el grupo organizador ha instalado la maquinar\u00eda para empezar la producci\u00f3n en los pr\u00f3ximos meses.<\/p>\n<p><strong>RESTITUCI\u00d3N DE TIERRAS<\/strong><\/p>\n<p>A finales de 2017, la Unidad de Restituci\u00f3n de Tierras comenz\u00f3 trabajos en 10 nuevas zonas del sur del departamento, donde se centra el trabajo para el primer periodo de 2018 y para dar respuesta a, por lo menos, 150 solicitudes de restituci\u00f3n.<\/p>\n<p>El equipo de profesionales del \u00e1rea Catastral de la Unidad de Restituci\u00f3n de Tierras en Norte de Santander inici\u00f3 el proceso de georreferenciaci\u00f3n en Durania sobre los predios solicitados en restituci\u00f3n. &nbsp;El director de la URT, Edward \u00c1lvarez, reconoci\u00f3 la importancia que tienen estos avances e intervenciones en la regi\u00f3n.<\/p>\n<p>\u201cLlegamos a zonas donde a\u00fan no hab\u00edamos podido avanzar, gracias al apoyo del Gobierno y la Fuerza P\u00fablica\u201d, dijo \u00c1lvarez. Reconoci\u00f3 que esta es la muestra del trabajo articulado con todas las entidades y es la muestra de que esta es una pol\u00edtica muy seria del presidente Juan Manuel Santos.<\/p>\n<p>En este a\u00f1o, empezar\u00e1n las tareas en Puerto Santander, Pamplona, Pamplonita y Bochalema, entre otros municiios que cuentan con las medidas de seguridad para el proceso de restituci\u00f3n.<\/p>\n<p>En Norte de Santander se ha decidido sobre 1637 solicitudes, 900 est\u00e1n en tr\u00e1mite administrativo y 327 est\u00e1n en manos de jueces de restituci\u00f3n de tierras, a la espera de un fallo. <\/p>\n","protected":false},"excerpt":{"rendered":"<p>C\u00daCUTA.- V\u00edctimas del conflicto, residentes en el barrio Antonia Santos, pondr\u00e1n en funcionamiento el primer Centro de Acopio Textil. El proyecto productivo hace parte de las medidas de reparaci\u00f3n aprobadas para la comunidad. El apoyo corresponde al programa de Reparaci\u00f3n Colectiva de la Unidad para las V\u00edctimas, territorial Norte de Santander, y el Ministerio del &hellip;<\/p>\n","protected":false},"author":1,"featured_media":31998,"comment_status":"open","ping_status":"open","sticky":false,"template":"","format":"standard","meta":{"footnotes":""},"categories":[4,5,36],"tags":[157,750,1678,1535],"class_list":["post-31997","post","type-post","status-publish","format-standard","has-post-thumbnail","hentry","category-barra","category-justicia-transicional","category-la-voz-del-pueblo","tag-justicia-transicional-2","tag-unidad-de-restitucion-de-tierras","tag-unidad-de-victimas","tag-victimas-del-conflicto-armado"],"_links":{"self":[{"href":"https:\/\/contraluzcucuta.co\/index.php?rest_route=\/wp\/v2\/posts\/31997","targetHints":{"allow":["GET"]}}],"collection":[{"href":"https:\/\/contraluzcucuta.co\/index.php?rest_route=\/wp\/v2\/posts"}],"about":[{"href":"https:\/\/contraluzcucuta.co\/index.php?rest_route=\/wp\/v2\/types\/post"}],"author":[{"embeddable":true,"href":"https:\/\/contraluzcucuta.co\/index.php?rest_route=\/wp\/v2\/users\/1"}],"replies":[{"embeddable":true,"href":"https:\/\/contraluzcucuta.co\/index.php?rest_route=%2Fwp%2Fv2%2Fcomments&post=31997"}],"version-history":[{"count":1,"href":"https:\/\/contraluzcucuta.co\/index.php?rest_route=\/wp\/v2\/posts\/31997\/revisions"}],"predecessor-version":[{"id":31999,"href":"https:\/\/contraluzcucuta.co\/index.php?rest_route=\/wp\/v2\/posts\/31997\/revisions\/31999"}],"wp:featuredmedia":[{"embeddable":true,"href":"https:\/\/contraluzcucuta.co\/index.php?rest_route=\/wp\/v2\/media\/31998"}],"wp:attachment":[{"href":"https:\/\/contraluzcucuta.co\/index.php?rest_route=%2Fwp%2Fv2%2Fmedia&parent=31997"}],"wp:term":[{"taxonomy":"category","embeddable":true,"href":"https:\/\/contraluzcucuta.co\/index.php?rest_route=%2Fwp%2Fv2%2Fcategories&post=31997"},{"taxonomy":"post_tag","embeddable":true,"href":"https:\/\/contraluzcucuta.co\/index.php?rest_route=%2Fwp%2Fv2%2Ftags&post=31997"}],"curies":[{"name":"wp","href":"https:\/\/api.w.org\/{rel}","templated":true}]}}