{"id":31991,"date":"2018-02-26T15:57:02","date_gmt":"2018-02-26T20:57:02","guid":{"rendered":"http:\/\/contraluzcucuta.co\/?p=31991"},"modified":"2018-02-26T15:57:02","modified_gmt":"2018-02-26T20:57:02","slug":"historia-cucuta-205-anos-despues-de-la-batalla","status":"publish","type":"post","link":"https:\/\/contraluzcucuta.co\/?p=31991","title":{"rendered":"HISTORIA. C\u00facuta, 205 a\u00f1os despu\u00e9s de la batalla"},"content":{"rendered":"<p style=\"padding-left: 30px;\"><span style=\"color: #ff6600;\"><strong>C\u00daCUTA.-<\/strong> La <a href=\"http:\/\/www.colombiainforma.info\/el-28-de-febrero-de-1813-simon-bolivar-gano-la-batalla-de-cucuta\/\">Batalla de C\u00facuta<\/a> cumple este 28 de febrero 205 a\u00f1os de historia. En 1813, el ej\u00e9rcito de Sim\u00f3n Bol\u00edvar venci\u00f3 a las tropas espa\u00f1olas, al mando del general Ram\u00f3n Correa. El triunfo &nbsp;signific\u00f3 la suma de otras victorias y la gesta que le permitir\u00eda liberar a Colombia y Venezuela.<\/span><\/p>\n<ul>\n<li><em>\u201cArriba al costado occidental de C\u00facuta, desde donde observa el valle deseado, territorio dominado por Correa, en la loma se avistan los dos comandantes contrincantes y de lejos se saludan con respeto militar (hoy llamada \u201cLoma de Bol\u00edvar\u201d), entabl\u00e1ndose la contienda a las 9:00 de la ma\u00f1ana; el jovencito residente en C\u00facuta, Eugenio Sosa, pasa la l\u00ednea realista para ponerse a \u00f3rdenes de Bol\u00edvar y con una burrica transporta en tinajas agua para los patriotas\u201d.<\/em><\/li>\n<\/ul>\n<p>As\u00ed recuerdan los historiadores ese momento crucial para la vida local. Para rendirles homenaje a los h\u00e9roes de esa \u00e9poca, &nbsp;la Secretar\u00eda de Cultura y Turismo prepar\u00f3 una serie de actividades en el monumento de la Loma de Bol\u00edvar. Participar\u00e1n grupos art\u00edsticos de la regi\u00f3n, universidades, historiadores y Consulado de Venezuela. El objetivo es realzar la importancia de la&nbsp; fecha que marc\u00f3 la historia de la ciudad y de la naci\u00f3n.<\/p>\n<ul>\n<li><em>El enfrentamiento entre granadinos y realistas hab\u00eda comenzado en el bajo Magdalena colombiano. Bol\u00edvar, en la campa\u00f1a libertadora, hab\u00eda desalojado a los espa\u00f1oles que se hospedaban en los pueblos. En la correr\u00eda viaj\u00f3 a Oca\u00f1a y luego pas\u00f3 por Salazar y Gramalote, donde recibi\u00f3 datos sobre posiciones, efectivos y movimientos del enemigo.<\/em><\/li>\n<li><em>Mercedes \u00c1brego inform\u00f3 a Bol\u00edvar de la presencia del general Correa en C\u00facuta y de los da\u00f1os cometidos por los invasores. La contienda dur\u00f3 hasta la 1:00 de la tarde. El ej\u00e9rcito granadino derrot\u00f3 a los espa\u00f1oles, que huyeron hacia La Grita (Venezuela).<\/em><\/li>\n<\/ul>\n<p>El Instituto Municipal para la Recreaci\u00f3n y el Deporte IMRD, se uni\u00f3 a la conmemoraci\u00f3n con la organizaci\u00f3n de la Tercera Carrera Atl\u00e9tica Binacional Estudiantil.<\/p>\n<p>Ciro Alfonso Dur\u00e1n, secretario de Cultura y Turismo Municipal, destac\u00f3 la presencia de la comunidad de los sectores Loma de Bol\u00edvar y 28 de febrero, antes y durante la conmemoraci\u00f3n. Los cucute\u00f1os&nbsp; izar\u00e1n el pabell\u00f3n municipal en casas y establecimientos comerciales. \u201cVistamos a C\u00facuta de negro y rojo, y cont\u00e9mosle al pa\u00eds la riqueza hist\u00f3rica de nuestro municipio\u201d.<\/p>\n<ul>\n<li><em>El triunfo de Bol\u00edvar signific\u00f3 el principio de la libertad para la Gran Colombia y la ca\u00edda del ej\u00e9rcito espa\u00f1ol. C\u00facuta era una ciudad estrat\u00e9gica y serv\u00eda de corredor entre las tropas acantonadas en Caracas, para comunicarse con los militares que permanec\u00edan en Bogot\u00e1. La expulsi\u00f3n de los soldados al mando del general Correa hizo perder todo contacto y la resistencia criolla tom\u00f3 auge.<\/em><\/li>\n<\/ul>\n","protected":false},"excerpt":{"rendered":"<p>C\u00daCUTA.- La Batalla de C\u00facuta cumple este 28 de febrero 205 a\u00f1os de historia. En 1813, el ej\u00e9rcito de Sim\u00f3n Bol\u00edvar venci\u00f3 a las tropas espa\u00f1olas, al mando del general Ram\u00f3n Correa. El triunfo &nbsp;signific\u00f3 la suma de otras victorias y la gesta que le permitir\u00eda liberar a Colombia y Venezuela. \u201cArriba al costado occidental &hellip;<\/p>\n","protected":false},"author":1,"featured_media":31992,"comment_status":"open","ping_status":"open","sticky":false,"template":"","format":"standard","meta":{"footnotes":""},"categories":[2625,4,37],"tags":[1148,174,603],"class_list":["post-31991","post","type-post","status-publish","format-standard","has-post-thumbnail","hentry","category-alcaldia-de-cucuta","category-barra","category-paseo-cultural","tag-28-de-febrero","tag-batalla-de-cucuta","tag-secretaria-de-cultura-de-cucuta"],"_links":{"self":[{"href":"https:\/\/contraluzcucuta.co\/index.php?rest_route=\/wp\/v2\/posts\/31991","targetHints":{"allow":["GET"]}}],"collection":[{"href":"https:\/\/contraluzcucuta.co\/index.php?rest_route=\/wp\/v2\/posts"}],"about":[{"href":"https:\/\/contraluzcucuta.co\/index.php?rest_route=\/wp\/v2\/types\/post"}],"author":[{"embeddable":true,"href":"https:\/\/contraluzcucuta.co\/index.php?rest_route=\/wp\/v2\/users\/1"}],"replies":[{"embeddable":true,"href":"https:\/\/contraluzcucuta.co\/index.php?rest_route=%2Fwp%2Fv2%2Fcomments&post=31991"}],"version-history":[{"count":1,"href":"https:\/\/contraluzcucuta.co\/index.php?rest_route=\/wp\/v2\/posts\/31991\/revisions"}],"predecessor-version":[{"id":31993,"href":"https:\/\/contraluzcucuta.co\/index.php?rest_route=\/wp\/v2\/posts\/31991\/revisions\/31993"}],"wp:featuredmedia":[{"embeddable":true,"href":"https:\/\/contraluzcucuta.co\/index.php?rest_route=\/wp\/v2\/media\/31992"}],"wp:attachment":[{"href":"https:\/\/contraluzcucuta.co\/index.php?rest_route=%2Fwp%2Fv2%2Fmedia&parent=31991"}],"wp:term":[{"taxonomy":"category","embeddable":true,"href":"https:\/\/contraluzcucuta.co\/index.php?rest_route=%2Fwp%2Fv2%2Fcategories&post=31991"},{"taxonomy":"post_tag","embeddable":true,"href":"https:\/\/contraluzcucuta.co\/index.php?rest_route=%2Fwp%2Fv2%2Ftags&post=31991"}],"curies":[{"name":"wp","href":"https:\/\/api.w.org\/{rel}","templated":true}]}}