{"id":31988,"date":"2018-02-26T15:16:00","date_gmt":"2018-02-26T20:16:00","guid":{"rendered":"http:\/\/contraluzcucuta.co\/?p=31988"},"modified":"2018-02-26T15:16:00","modified_gmt":"2018-02-26T20:16:00","slug":"mano-mano-con-el-rolo-florez-el-paso-por-el-cucuta-deportivo-fue-enorme","status":"publish","type":"post","link":"https:\/\/contraluzcucuta.co\/?p=31988","title":{"rendered":"MANO A MANO CON EL ROLO FL\u00d3REZ. \u00a0El paso por el C\u00facuta Deportivo fue enorme"},"content":{"rendered":"<p><strong>MANO A MANO CON EL ROLO FLOREZ.<\/strong> &nbsp;El paso por el C\u00facuta Deportivo fue enorme<\/p>\n<p style=\"padding-left: 30px;\"><span style=\"color: #ff6600;\"><strong>C\u00daCUTA.-<\/strong> Para este bogotano de 43 a\u00f1os, el C\u00facuta Deportivo fue uno de los equipos que marc\u00f3 su carrera como profesional. Campe\u00f3n en el 2006 y particip\u00f3 en la Copa Libertadores del 2007. Cuenta c\u00f3mo fue el paso por el elenco motil\u00f3n y los buenos recuerdos que guarda de aquella \u00e9poca. Ahora, se desempe\u00f1a como asistente t\u00e9cnico de la Selecci\u00f3n Colombia Sub 20 y aporta desde su experiencia para que estas promesas del tricolor nacional tengan futuro.<\/span><\/p>\n<p><strong>\u00bfQu\u00e9 recuerda de su etapa como futbolista?<\/strong><\/p>\n<ul>\n<li>Es una etapa que uno vive intensamente. El f\u00fatbol deja buenos amigos a lo largo de los a\u00f1os en los equipos, pero el paso por el C\u00facuta Deportivo fue enorme, debido a todo lo que vivimos y la huella que dejamos imborrable no solo en los hinchas sino en nosotros, los directamente implicados.<\/li>\n<\/ul>\n<p><strong>\u00bfRecuerda su primer partido como profesional?<\/strong><\/p>\n<p>S\u00ed. Fue contra Once Caldas de Manizales, en 1993.<\/p>\n<p><strong>\u00bfEn qu\u00e9 cree que ha cambiado el futbol con respecto a los a\u00f1os en los que usted jugaba y ahora que se desempe\u00f1a como asistente t\u00e9cnico?<\/strong><\/p>\n<ul>\n<li>En realidad el f\u00fatbol es uno solo. Considero que en la medida que ha avanzado el tiempo, en cuanto a las metodolog\u00edas de entrenamiento, ha variado en algunos conceptos. Soy un convencido de que nadie es due\u00f1o de la verdad. Todas las metodolog\u00edas han sido ganadoras, independientemente de cu\u00e1l se utiliz\u00f3 y se ha mejorado desde la ciencia, la tecnolog\u00eda, la alimentaci\u00f3n y los escenarios deportivos. En cuanto al juego, son las caracter\u00edsticas de los jugadores las que deciden el buen f\u00fatbol desde lo t\u00e9cnico o lo t\u00e1ctico.<\/li>\n<\/ul>\n<p><strong>\u00bfC\u00f3mo lleg\u00f3 al C\u00facuta Deportivo?<\/strong><\/p>\n<ul>\n<li>El profesor Jorge Luis Pinto me invit\u00f3 a venir despu\u00e9s de hacer un an\u00e1lisis de los jugadores que cre\u00eda convenientes y le pod\u00edan aportar al C\u00facuta Deportivo. Teniendo en cuenta que hab\u00edamos trabajado en Santa Fe y Millonarios acept\u00e9 la invitaci\u00f3n. Para m\u00ed era un nuevo reto. Los primeros meses era mantenerse para no descender y terminamos campeones en el 2006.<\/li>\n<\/ul>\n<p><strong>\u00bfQu\u00e9 recuerda de su primer entrenamiento bajo las \u00f3rdenes de en C\u00facuta?<\/strong><\/p>\n<ul>\n<li>Soy un admirador del profe hace muchos a\u00f1os. Lo quiero y lo respeto por la manera c\u00f3mo vive el f\u00fatbol. Es un apasionado que no deja detalles al azar y por eso el \u00e9xito que ha tenido en todos los pa\u00edses donde ha dirigido. Esa pr\u00e1ctica no era ajena para m\u00ed, lo hab\u00eda conocido tiempo atr\u00e1s. As\u00ed que todo fue m\u00e1s f\u00e1cil.<\/li>\n<\/ul>\n<p><strong>\u00bfEs usted hincha del Santa Fe? <\/strong><\/p>\n<ul>\n<li>Soy hincha de Millonarios. Desde temprana edad, en Bogot\u00e1, comenc\u00e9 en el equipo azul. Por cuestiones de la vida terminamos en Santa Fe, donde hice mi carrera en f\u00fatbol base e inferiores hasta llegar a la profesional.<\/li>\n<\/ul>\n<p><strong>\u00bfQu\u00e9 recuerda de la final de la Copa Conmebol de 1996?<\/strong><\/p>\n<ul>\n<li>Fue una experiencia en la que \u00e9ramos muy j\u00f3venes. No super\u00e1bamos el promedio de edad de 23 a\u00f1os. Era nuestra primera participaci\u00f3n internacional y con sed de t\u00edtulos en Santa Fe. Llegar a la final, cuando la perdimos con Lan\u00fas, fue bonito despu\u00e9s de casi 30 a\u00f1os de que el equipo cardenal no llegaba a esas instancias. Fue una experiencia que enriquece como jugador para avanzar y conseguir t\u00edtulos internacionales.<\/li>\n<\/ul>\n<p><strong>\u00bfQu\u00e9 le falt\u00f3 al equipo cardenal para ganar esa final?<\/strong><\/p>\n<ul>\n<li>Cuando uno est\u00e1 ah\u00ed trata de dar lo m\u00e1ximo y buscar lo mejor. Creo que no falt\u00f3&nbsp; Son cosas del f\u00fatbol que ten\u00edan que pasar por algo y suceden para bien. El rival tambi\u00e9n se prepara y tuvo que ser as\u00ed.<\/li>\n<\/ul>\n<p><strong>\u00bfQu\u00e9 recuerda de la final del 2006 en C\u00facuta y en Ibagu\u00e9?<\/strong><\/p>\n<ul>\n<li>Algo que me llam\u00f3 la atenci\u00f3n, en C\u00facuta y en Ibagu\u00e9, fue que hab\u00edamos consolidado un grupo lleno de confianza, que se basaba en el respeto y la responsabilidad de cada uno. Sab\u00edamos que no era f\u00e1cil cerrar de visitante y aunque conseguimos la victoria como locales, sab\u00edamos que hab\u00eda que marcar diferencia en la visita. Valoro la uni\u00f3n del equipo, a pesar de las dificultades que hab\u00edamos tenido durante el a\u00f1o.<\/li>\n<\/ul>\n<p><strong>\u00bfC\u00f3mo era la uni\u00f3n de aquel equipo campe\u00f3n del 2006?<\/strong><\/p>\n<ul>\n<li>Era uni\u00f3n basada en amistad, disciplina, respeto y convivencia. No todos \u00e9ramos iguales, pero aprender a vivir y a compartir las diferencias es bueno, especialmente en un grupo en el que todos quer\u00edan participar, pero en f\u00fatbol solo juegan 11 y los otros esperaban la oportunidad para aportar.<\/li>\n<\/ul>\n<p><strong>\u00bfEl jugador m\u00e1s cans\u00f3n y el m\u00e1s serio con los que haya compartido?<\/strong><\/p>\n<ul>\n<li>Tuve la oportunidad de compartir con la Babilla D\u00edaz, que era como el m\u00e1s gracioso. Y el m\u00e1s serio me hace acordar cuando llegaron Roberto Bobadilla y Charles Castro. El grupo los acogi\u00f3 y terminaron siendo dos colombianos m\u00e1s, dos cucute\u00f1os m\u00e1s. Nos burl\u00e1bamos de la manera como habl\u00e1bamos, como camin\u00e1bamos. Fue un grupo bonito y a pesar de las diferentes culturas nos respet\u00e1bamos. As\u00ed logramos lo que nos propon\u00edamos.<\/li>\n<\/ul>\n<p><strong>\u00bfC\u00f3mo era Jorge Luis Pinto con el grupo?<\/strong><\/p>\n<ul>\n<li>El profe ten\u00eda un coraz\u00f3n enorme. Tiene sensibilidad a los detalles. Somos seres humanos y no hay que confundir la seriedad con la disciplina, con los sentimientos. Muchas veces re\u00eda con nosotros, sufri\u00f3 con nosotros. Cuando ten\u00edamos que llorar, lloramos todos y si nos alegr\u00e1bamos \u00e9ramos todos los alegres. Hasta hoy, las alegr\u00edas del profe o de algunos de nuestros compa\u00f1eros son nuestras y tambi\u00e9n cuando pasa algo nos apoyamos.<\/li>\n<\/ul>\n<p><strong>\u00bfQu\u00e9 hinchada se le qued\u00f3 en el coraz\u00f3n y se gan\u00f3 su cari\u00f1o?<\/strong><\/p>\n<ul>\n<li>Con la hinchada de C\u00facuta. Era incre\u00edble la manera y el acompa\u00f1amiento que nos hac\u00edan en las ciudades. Me acuerdo mucho de un partido que jugamos en Bogot\u00e1, contra Millonarios, y toda una tribuna estaba copada por hinchas del C\u00facuta. Tambi\u00e9n, cuando jugamos contra Boca, en La Bombonera (Argentina), contra Gremio, en M\u00e9xico. Ser\u00eda injusto decir que en las ciudades donde participamos no hab\u00eda hinchas de C\u00facuta.<\/li>\n<\/ul>\n<p><strong>\u00bfQu\u00e9 recuerda de aquel d\u00eda de la semifinal contra Boca en La Bombonera? \u00bfQu\u00e9 hablaban entre ustedes sobre&nbsp; la dificultad del clima?<\/strong><\/p>\n<ul>\n<li>A nivel del c\u00e9sped se ve\u00eda todo muy bien. De pronto se ha hablado mucho del tema, pero las c\u00e1maras que estaban en el segundo y tercer pisos mostraban una imagen y en la cancha era otra realidad. As\u00ed que uno no puede sacar excusas. En C\u00facuta se hizo una buena presentaci\u00f3n. All\u00e1 tambi\u00e9n dimos lo mejor. Perdimos por errores sobre los que se hab\u00eda hablado y que ten\u00edamos previstos. Pero el f\u00fatbol no es lineal, as\u00ed que uno presenta dificultades y en esa ocasi\u00f3n nos toc\u00f3 perder.<\/li>\n<\/ul>\n<p><strong>\u00bfCu\u00e1l es el gol que m\u00e1s recuerda&nbsp; de toda su carrera?<\/strong><\/p>\n<ul>\n<li>Uno que le hice a Higuita. Jugaba para Santa Fe. Le gustaba jugar de l\u00edbero, recib\u00ed el bal\u00f3n en la mitad de la cancha y conduje cinco metros, le pegu\u00e9 y colgu\u00e9 a Ren\u00e9. Fue de los primeros que hice.<\/li>\n<\/ul>\n<p><strong>\u00bfC\u00f3mo les habla Nelson Fl\u00f3rez a los jugadores de la Selecci\u00f3n Colombia?<\/strong><\/p>\n<ul>\n<li>Uno basa el ejemplo, gracias a los principios y los valores que les pueda dar. Es que vean en el cuerpo t\u00e9cnico de la Selecci\u00f3n Colombia la madurez, la disciplina, el respeto. Son J\u00f3venes que no van a representar solo a un equipo, sino tambi\u00e9n a un pa\u00eds, tienen las ilusiones puestas en ellos. As\u00ed que es con el ejemplo como se les dice sobre las experiencias que uno tuvo. Escuchando experiencias ahorran tiempo.<\/li>\n<\/ul>\n<p><strong>\u00bfEn la \u00e9poca del C\u00facuta Deportivo que hac\u00eda en el tiempo libre? <\/strong><\/p>\n<ul>\n<li>No era mucho el tiempo libre que nos quedaba. No solo particip\u00e1bamos en el torneo local sino tambi\u00e9n en la Copa Libertadores. As\u00ed que era viajar, entrenar, descansar, el cuidado personal en cuanto a alimentaci\u00f3n. Y cuando quedaba un tiempo libre lo disfrutaba con mi familia.<\/li>\n<\/ul>\n<p><strong>\u00bfSue\u00f1a con&nbsp; ser director t\u00e9cnico?<\/strong><\/p>\n<ul>\n<li>Lo soy. Pero no es solo ser t\u00e9cnico, sino ser formador, ser entrenador, ser padre, exigirles a los hijos, en este caso a los jugadores. Buscamos lo mejor para ellos y en esa mejor\u00eda est\u00e1 el disciplinarlos, porque uno disciplina a los que quiere.<\/li>\n<\/ul>\n<p><strong>\u00bfSue\u00f1a con dirigir alg\u00fan equipo profesional en especial?<\/strong><\/p>\n<ul>\n<li>S\u00ed. En la medida que han pasado los a\u00f1os Dios nos muestra los caminos. Tengo sue\u00f1os y anhelos. Dirigir futbol profesional. Estar en la selecci\u00f3n Colombia es un plus importante, son pasos importantes que hay que dar uno a uno. Considero que estas experiencias lo enriquecen a uno para que cuando llegue el reto estar preparado.<\/li>\n<\/ul>\n<p><strong>\u00bfQu\u00e9 hace feliz a Nelson Fl\u00f3rez?<\/strong><\/p>\n<ul>\n<li>Lo que hago me hace feliz. Despu\u00e9s de Dios est\u00e1 mi familia. Gracias a Dios tengo una mujer hermosa. Tengo a mis hijas. Me gusta verlas crecer, he visto c\u00f3mo pasa el tiempo. Me hace feliz llegar a casa y encontrarme con la gente que uno quiere, sentirse amado. Hago lo que me gusta, para m\u00ed no es una carga viajar, madrugar, entrenar. Creo que es la profesi\u00f3n m\u00e1s hermosa en la cual Dios me ha puesto porque disfruto de lo que hago.<\/li>\n<\/ul>\n<p><strong>\u00bfC\u00f3mo disfruta las concentraciones como jugador o como t\u00e9cnico?<\/strong><\/p>\n<ul>\n<li>Son diferentes. Como jugador basa la responsabilidad solo en lo personal. Como entrenador usted tiene que estar pendiente de cada detalle. De que los muchachos est\u00e9n bien, que se sientan c\u00f3modos en los lugares de entrenamientos y en los hoteles etc\u00e9tera.<\/li>\n<\/ul>\n<p><strong>JORDY ORLANDO CRUZ<\/strong> <\/p>\n","protected":false},"excerpt":{"rendered":"<p>MANO A MANO CON EL ROLO FLOREZ. &nbsp;El paso por el C\u00facuta Deportivo fue enorme C\u00daCUTA.- Para este bogotano de 43 a\u00f1os, el C\u00facuta Deportivo fue uno de los equipos que marc\u00f3 su carrera como profesional. Campe\u00f3n en el 2006 y particip\u00f3 en la Copa Libertadores del 2007. Cuenta c\u00f3mo fue el paso por el &hellip;<\/p>\n","protected":false},"author":1,"featured_media":31989,"comment_status":"open","ping_status":"open","sticky":false,"template":"","format":"standard","meta":{"footnotes":""},"categories":[4,28],"tags":[4071,4070],"class_list":["post-31988","post","type-post","status-publish","format-standard","has-post-thumbnail","hentry","category-barra","category-vistazo-deportivo","tag-cucuta-deportivo-2007","tag-nelson-el-rolo-florez"],"_links":{"self":[{"href":"https:\/\/contraluzcucuta.co\/index.php?rest_route=\/wp\/v2\/posts\/31988","targetHints":{"allow":["GET"]}}],"collection":[{"href":"https:\/\/contraluzcucuta.co\/index.php?rest_route=\/wp\/v2\/posts"}],"about":[{"href":"https:\/\/contraluzcucuta.co\/index.php?rest_route=\/wp\/v2\/types\/post"}],"author":[{"embeddable":true,"href":"https:\/\/contraluzcucuta.co\/index.php?rest_route=\/wp\/v2\/users\/1"}],"replies":[{"embeddable":true,"href":"https:\/\/contraluzcucuta.co\/index.php?rest_route=%2Fwp%2Fv2%2Fcomments&post=31988"}],"version-history":[{"count":1,"href":"https:\/\/contraluzcucuta.co\/index.php?rest_route=\/wp\/v2\/posts\/31988\/revisions"}],"predecessor-version":[{"id":31990,"href":"https:\/\/contraluzcucuta.co\/index.php?rest_route=\/wp\/v2\/posts\/31988\/revisions\/31990"}],"wp:featuredmedia":[{"embeddable":true,"href":"https:\/\/contraluzcucuta.co\/index.php?rest_route=\/wp\/v2\/media\/31989"}],"wp:attachment":[{"href":"https:\/\/contraluzcucuta.co\/index.php?rest_route=%2Fwp%2Fv2%2Fmedia&parent=31988"}],"wp:term":[{"taxonomy":"category","embeddable":true,"href":"https:\/\/contraluzcucuta.co\/index.php?rest_route=%2Fwp%2Fv2%2Fcategories&post=31988"},{"taxonomy":"post_tag","embeddable":true,"href":"https:\/\/contraluzcucuta.co\/index.php?rest_route=%2Fwp%2Fv2%2Ftags&post=31988"}],"curies":[{"name":"wp","href":"https:\/\/api.w.org\/{rel}","templated":true}]}}