{"id":31980,"date":"2018-02-25T19:43:47","date_gmt":"2018-02-26T00:43:47","guid":{"rendered":"http:\/\/contraluzcucuta.co\/?p=31980"},"modified":"2018-02-25T19:43:47","modified_gmt":"2018-02-26T00:43:47","slug":"notas-al-margen-apoyemos-la-trasformacion-hacia-una-colombia-integral-y-progresista","status":"publish","type":"post","link":"https:\/\/contraluzcucuta.co\/?p=31980","title":{"rendered":"NOTAS AL MARGEN. Apoyemos la trasformaci\u00f3n hacia\u00a0 una Colombia integral\u00a0 y progresista"},"content":{"rendered":"<p style=\"padding-left: 60px;\"><span style=\"color: #ff6600;\">1.- Nunca se hab\u00eda captado tanta deliberaci\u00f3n y diversidad de enfoques sobre las caracter\u00edsticas, condiciones y&nbsp; opciones que registran&nbsp; los candidatos a la presidencia de la Rep\u00fablica, como en esta oportunidad. Y, tambi\u00e9n pocas veces, las candidaturas al Senado y a la C\u00e1mara de Representantes experimentan tanta pasividad organizacional y de divulgaci\u00f3n de los planteamientos, como en esta ocasi\u00f3n.<\/span><\/p>\n<p>Creo que la mayor ausencia y la provocaci\u00f3n de estos hechos y fen\u00f3menos electorales obedece \u2013en el caso de nuestro pa\u00eds \u2013 al deterioro, ausencia program\u00e1tica y carencia de presencia y representatividad de los partidos tradicionales \u2013 Liberal y Conservador \u2013 ante la irrupci\u00f3n de grupos y n\u00facleos cuya ideolog\u00eda y vivencia program\u00e1tica, dependen m\u00e1s&nbsp; del grado de aceptaci\u00f3n y penetraci\u00f3n de los candidatos, sometidos a la consideraci\u00f3n p\u00fablica, que al examen y an\u00e1lisis de la verdadera y aut\u00e9ntica realidad socioecon\u00f3mica y pol\u00edtica que vive y experimenta Colombia, como lo sintetiza y demuestra el pulsar lo que acontece en zonas y regiones fronterizas, que representan el 53 % de la faja territorial nacional.<\/p>\n<p>2.- Se podr\u00e1 indicar que en estas \u00e1reas el porcentaje de poblaci\u00f3n comparado con el nacional reduce esa apreciaci\u00f3n a unos montos o registros&nbsp; de f\u00e1cil ubicaci\u00f3n y manejo. Infortunadamente, ese alegato no valora, ni tiene en cuenta que las zonas fronterizas, por su distanciamiento y carencia de apropiadas interconexiones y servicios, son las m\u00e1s marginales y abandonadas, pero en donde tambi\u00e9n est\u00e1n las perspectivas agr\u00edcolas, ganaderas y mineras para impulsar el desarrollo nacional&nbsp; y el mejor aprovechamiento de ventajas comparativas y productos que no se han utilizado ni proyectado cabalmente, como lo precisan y&nbsp; ameritan una evaluaci\u00f3n y una valoraci\u00f3n de posibilidades para los requerimientos nacionales, el proceso de integraci\u00f3n bilateral con los pa\u00edses vecinos y el abierto e importante panorama internacional.<\/p>\n<p>Observar y captar que ning\u00fan partido pol\u00edtico ha priorizado y&nbsp; definido acciones precisas para el desarrollo de las zonas fronterizas y que los aspirantes a Senado y C\u00e1mara, igualmente, son parcos o no concretan lo que har\u00edan con la periferia nacional y con la suerte de sus pobladores, genera un vac\u00edo que ojal\u00e1 sea captado y superado&nbsp; pronto y&nbsp; todav\u00eda, en la actual jornada electoral, pueda atenderse y proyectarse integralmente, es el deseo franco y directo, de quienes viven en estos confines y \u00e1reas perimetrales de Colombia y que ans\u00edan un empuj\u00f3n hacia el progreso, mediante una coordinaci\u00f3n de esfuerzos enmarcados en incentivos, est\u00edmulos y mecanismos que con investigaci\u00f3n, innovaci\u00f3n y capacitaci\u00f3n, especialmente centralizadas en las universidades y centros docentes&nbsp; y formativos que se auxilien y establezcan, permitan que sus peticiones y reclamos tengan las respuestas oportunas y prontas que anhelan y esperan.<\/p>\n<p>3.- \u00bfSer\u00e1 posible que a\u00fan haya tiempo para ese giro a nivel de los partidos y de los candidatos a la presidencia y al Senado y C\u00e1mara de Representantes, para trasformar positivamente a Colombia y otorgarle la atenci\u00f3n, fortaleza y uni\u00f3n que requieren las zonas fronterizas?&nbsp; \u00bfPor qu\u00e9 no entender este llamado como una proclama de&nbsp; las zonas y regiones de frontera a dirigentes y orientadores de campa\u00f1as, para integrar y poner en marcha una naci\u00f3n activa y moderna&nbsp; y en procura de una noci\u00f3n universal de desarrollo, con todos los que habitan el planeta? \u00bfTendr\u00e1n las zonas de frontera el apoyo, respaldo&nbsp; y comprensi\u00f3n que necesitan?&nbsp; Confiemos en la reacci\u00f3n trasformadora, de quienes luchan y perseveran por una Colombia m\u00e1s progresista y futurista. Adem\u00e1s, el momento es ahora propicio y sin excepciones pol\u00edticas.&nbsp;<\/p>\n<p><strong>JOSE NEIRA REY<\/strong><\/p>\n<p><a href=\"mailto:jneirarey@hotmail.com\">jneirarey@hotmail.com<\/a> <\/p>\n","protected":false},"excerpt":{"rendered":"<p>1.- Nunca se hab\u00eda captado tanta deliberaci\u00f3n y diversidad de enfoques sobre las caracter\u00edsticas, condiciones y&nbsp; opciones que registran&nbsp; los candidatos a la presidencia de la Rep\u00fablica, como en esta oportunidad. Y, tambi\u00e9n pocas veces, las candidaturas al Senado y a la C\u00e1mara de Representantes experimentan tanta pasividad organizacional y de divulgaci\u00f3n de los planteamientos, &hellip;<\/p>\n","protected":false},"author":1,"featured_media":31981,"comment_status":"open","ping_status":"open","sticky":false,"template":"","format":"standard","meta":{"footnotes":""},"categories":[14,4],"tags":[382,956,4069],"class_list":["post-31980","post","type-post","status-publish","format-standard","has-post-thumbnail","hentry","category-articulistas","category-barra","tag-jose-neira","tag-notas-al-margen","tag-zonas-de-frontera"],"_links":{"self":[{"href":"https:\/\/contraluzcucuta.co\/index.php?rest_route=\/wp\/v2\/posts\/31980","targetHints":{"allow":["GET"]}}],"collection":[{"href":"https:\/\/contraluzcucuta.co\/index.php?rest_route=\/wp\/v2\/posts"}],"about":[{"href":"https:\/\/contraluzcucuta.co\/index.php?rest_route=\/wp\/v2\/types\/post"}],"author":[{"embeddable":true,"href":"https:\/\/contraluzcucuta.co\/index.php?rest_route=\/wp\/v2\/users\/1"}],"replies":[{"embeddable":true,"href":"https:\/\/contraluzcucuta.co\/index.php?rest_route=%2Fwp%2Fv2%2Fcomments&post=31980"}],"version-history":[{"count":1,"href":"https:\/\/contraluzcucuta.co\/index.php?rest_route=\/wp\/v2\/posts\/31980\/revisions"}],"predecessor-version":[{"id":31982,"href":"https:\/\/contraluzcucuta.co\/index.php?rest_route=\/wp\/v2\/posts\/31980\/revisions\/31982"}],"wp:featuredmedia":[{"embeddable":true,"href":"https:\/\/contraluzcucuta.co\/index.php?rest_route=\/wp\/v2\/media\/31981"}],"wp:attachment":[{"href":"https:\/\/contraluzcucuta.co\/index.php?rest_route=%2Fwp%2Fv2%2Fmedia&parent=31980"}],"wp:term":[{"taxonomy":"category","embeddable":true,"href":"https:\/\/contraluzcucuta.co\/index.php?rest_route=%2Fwp%2Fv2%2Fcategories&post=31980"},{"taxonomy":"post_tag","embeddable":true,"href":"https:\/\/contraluzcucuta.co\/index.php?rest_route=%2Fwp%2Fv2%2Ftags&post=31980"}],"curies":[{"name":"wp","href":"https:\/\/api.w.org\/{rel}","templated":true}]}}