{"id":31964,"date":"2018-02-24T10:24:23","date_gmt":"2018-02-24T15:24:23","guid":{"rendered":"http:\/\/contraluzcucuta.co\/?p=31964"},"modified":"2018-02-24T10:24:23","modified_gmt":"2018-02-24T15:24:23","slug":"planeacion-municipal-comienza-segunda-fase-de-socializacion-del-pot","status":"publish","type":"post","link":"https:\/\/contraluzcucuta.co\/?p=31964","title":{"rendered":"PLANEACI\u00d3N MUNICIPAL. Comienza segunda fase de socializaci\u00f3n del POT"},"content":{"rendered":"<p style=\"padding-left: 30px;\"><span style=\"color: #ff6600;\"><strong>C\u00daCUTA.-<\/strong> El Departamento de Planeaci\u00f3n Municipal convoc\u00f3 a las comunidades cucute\u00f1as para comenzar la nueva ronda de socializaci\u00f3n del Plan de Ordenamiento Territorial (POT), del 26 de febrero al 2 de marzo. El trabajo se cumplir\u00e1 en las 10 comunas de la ciudad.<\/span><\/p>\n<p>El director de planeaci\u00f3n Cristian Buitrago dijo que en acato a la sugerencia de la comunidad, incluso elevada a nivel de derecho de petici\u00f3n por Asojuntas de la Comuna 6, \u201chemos decidido arrancar la semana entrante un trabajo comuna por comuna para hacer una mesa de socializaci\u00f3n, trabajo colectivo y visi\u00f3n prospectiva hacia d\u00f3nde debe ir el POT\u201d.<\/p>\n<p>La idea de la nueva fase de trabajo informativo es presentar el diagn\u00f3stico y recoger inquietudes e ideas, para tener mayor participaci\u00f3n y mayores insumos que contribuyan a la construcci\u00f3n colectiva del Plan.<\/p>\n<p>Las reuniones est\u00e1n programadas desde el 26 de febrero, a las 9:00 de la ma\u00f1ana, en el sal\u00f3n comunal del barrio El Llano, con la Comuna 1. Continuar\u00e1n, a las 3:00 de la tarde, con la Comuna 2. La agenda completa incluye reuniones cada d\u00eda de la semana en los siguientes horarios y lugares:<\/p>\n<p>&#8211; Comuna 1. Sal\u00f3n Comunal barrio El Llano. 26 de febrero, 9:00 de la ma\u00f1ana.<\/p>\n<p>&#8211; Comuna 2. Bibliote colegio Mercedes \u00c1brego, barrio popular. 26 de febrero, 3:00 de la tarde.<\/p>\n<p>&#8211; Comunas 3 y 4. CIAF del barrio La Libertad. 27 de febrero 3:00 de la tarde.<\/p>\n<p>&#8211; Comuna 5. Biblioteca Instituto T\u00e9cnico Guaimaral. 28 de febrero, 9:00 de la ma\u00f1ana.<\/p>\n<p>&#8211; Comuna 6. Sal\u00f3n comunal del barrio Aeropuerto. 28 de febrero, 3:00 de la tarde.<\/p>\n<p>&#8211; Comuna 8. Sal\u00f3n comunal del barrio Los Almendros. 1 de marzo, 9:00 de la ma\u00f1ana.<\/p>\n<p>&#8211; Comuna 7. Biblioteca colegio integrado Juan Atalaya. 1 de marzo, 3:00 de la tarde.<\/p>\n<p>&#8211; Comuna 9. Sal\u00f3n comunal del barrio Carora. 2 de marzo, 9:00 de la ma\u00f1ana.<\/p>\n<p>&#8211; Comuna 10. Auditorio del colegio Salesiano del barrio Alfonso L\u00f3pez. 2 de marzo, 3 de la tarde. <\/p>\n","protected":false},"excerpt":{"rendered":"<p>C\u00daCUTA.- El Departamento de Planeaci\u00f3n Municipal convoc\u00f3 a las comunidades cucute\u00f1as para comenzar la nueva ronda de socializaci\u00f3n del Plan de Ordenamiento Territorial (POT), del 26 de febrero al 2 de marzo. El trabajo se cumplir\u00e1 en las 10 comunas de la ciudad. El director de planeaci\u00f3n Cristian Buitrago dijo que en acato a la &hellip;<\/p>\n","protected":false},"author":1,"featured_media":31965,"comment_status":"open","ping_status":"open","sticky":false,"template":"","format":"standard","meta":{"footnotes":""},"categories":[2625,4],"tags":[226,2369,3995],"class_list":["post-31964","post","type-post","status-publish","format-standard","has-post-thumbnail","hentry","category-alcaldia-de-cucuta","category-barra","tag-alcaldia-de-cucuta","tag-planeacion-municipal","tag-pot-de-cucuta"],"_links":{"self":[{"href":"https:\/\/contraluzcucuta.co\/index.php?rest_route=\/wp\/v2\/posts\/31964","targetHints":{"allow":["GET"]}}],"collection":[{"href":"https:\/\/contraluzcucuta.co\/index.php?rest_route=\/wp\/v2\/posts"}],"about":[{"href":"https:\/\/contraluzcucuta.co\/index.php?rest_route=\/wp\/v2\/types\/post"}],"author":[{"embeddable":true,"href":"https:\/\/contraluzcucuta.co\/index.php?rest_route=\/wp\/v2\/users\/1"}],"replies":[{"embeddable":true,"href":"https:\/\/contraluzcucuta.co\/index.php?rest_route=%2Fwp%2Fv2%2Fcomments&post=31964"}],"version-history":[{"count":1,"href":"https:\/\/contraluzcucuta.co\/index.php?rest_route=\/wp\/v2\/posts\/31964\/revisions"}],"predecessor-version":[{"id":31966,"href":"https:\/\/contraluzcucuta.co\/index.php?rest_route=\/wp\/v2\/posts\/31964\/revisions\/31966"}],"wp:featuredmedia":[{"embeddable":true,"href":"https:\/\/contraluzcucuta.co\/index.php?rest_route=\/wp\/v2\/media\/31965"}],"wp:attachment":[{"href":"https:\/\/contraluzcucuta.co\/index.php?rest_route=%2Fwp%2Fv2%2Fmedia&parent=31964"}],"wp:term":[{"taxonomy":"category","embeddable":true,"href":"https:\/\/contraluzcucuta.co\/index.php?rest_route=%2Fwp%2Fv2%2Fcategories&post=31964"},{"taxonomy":"post_tag","embeddable":true,"href":"https:\/\/contraluzcucuta.co\/index.php?rest_route=%2Fwp%2Fv2%2Ftags&post=31964"}],"curies":[{"name":"wp","href":"https:\/\/api.w.org\/{rel}","templated":true}]}}