{"id":31947,"date":"2018-02-21T22:38:47","date_gmt":"2018-02-22T03:38:47","guid":{"rendered":"http:\/\/contraluzcucuta.co\/?p=31947"},"modified":"2018-02-21T22:38:47","modified_gmt":"2018-02-22T03:38:47","slug":"asentamientos-en-cucuta-planeacion-municipal-socializa-legalizacion-de-tierras","status":"publish","type":"post","link":"https:\/\/contraluzcucuta.co\/?p=31947","title":{"rendered":"ASENTAMIENTOS EN C\u00daCUTA. Planeaci\u00f3n Municipal socializa legalizaci\u00f3n de tierras"},"content":{"rendered":"<p style=\"padding-left: 30px;\"><span style=\"color: #ff6600;\"><strong>C\u00daCUTA.-<\/strong> Como parte de los compromisos pactados con la comunidad del barrio Buenos Aires, en la ciudadela Juan Atalaya, el Departamento de Planeaci\u00f3n Municipal empez\u00f3 hace ocho d\u00edas la socializaci\u00f3n del proceso de legalizaci\u00f3n de tierras. A finales del 2017, se hab\u00eda acordado &nbsp;el proceso con los habitantes del asentamiento durante la visita del alcalde Cesar Rojas.<\/span><\/p>\n<p>El punto de atenci\u00f3n a las comunidades est\u00e1 en la cancha, donde funcionarios de la corporaci\u00f3n Humanidad, Ambiente y Urbanismo brindan informaci\u00f3n sobre precios del metro cuadrado y datos sobre del proceso general.<\/p>\n<p>La arquitecta Yalila Orejuela, profesional universitaria de Planeaci\u00f3n, explic\u00f3 que la socializaci\u00f3n hace parte del convenio 2267, suscrito entre la Alcald\u00eda de C\u00facuta y la firma Sodeva, due\u00f1a de los terrenos.<\/p>\n<p>Durante lo que va corrido de la administraci\u00f3n &nbsp;Rojas Ayala, se han comenzado tareas de legalizaci\u00f3n en seis sectores de la ciudad. El objetivo es buscar la normalizaci\u00f3n de 1620 predios en los que habitan &nbsp;7500 personas.<\/p>\n<p>En &nbsp;Laureles, la legalizaci\u00f3n est\u00e1 en etapa de supervisi\u00f3n final o terminaci\u00f3n de planos urbanos para resoluci\u00f3n final, como ocurre en 13 de Mayo, Juan Pablo II, La Isla y Paz y Progreso.&nbsp; En los asentamientos Brisas de la Ermita I y II y Colombia I, entre otros, se avanza en los estudios t\u00e9cnicos, de t\u00edtulos o topogr\u00e1ficos.<\/p>\n<p>Est\u00e1 previsto que la fase informativa en Buenos Aires se llevar\u00e1 a cabo hasta mediados de marzo. Luego, se pasar\u00e1 a Escalabrini y Crisp\u00edn Dur\u00e1n, en Atalaya, en los que tambi\u00e9n se desarrolla la legalizaci\u00f3n.<\/p>\n<p><strong>VIOLENCIA CONTRA LA MUJER<\/strong><\/p>\n<p>El Comit\u00e9 de Seguimiento de las Diferentes Formas de Violencia y Discriminaci\u00f3n contra la Mujer, liderado por la Secretar\u00eda de Equidad de G\u00e9nero de la Alcald\u00eda, y conformado por entidades gubernamentales que atienden este problema en la ciudad, &nbsp;retom\u00f3 las estrategias enfocadas a hacer eficiente y eficaz las rutas de atenci\u00f3n, y la reacci\u00f3n ante los llamados de emergencia de la comunidad frente a los casos relacionados con la violencia hacia las mujeres.<\/p>\n<p>La delegada para Norte de Santander de la Consejer\u00eda Presidencial para la Equidad de la Mujer, Anne Paola Mendoza, mediante asesor\u00eda t\u00e9cnica, comunic\u00f3 las directrices y las recomendaciones que se manejar\u00e1n para combatir este problema.<\/p>\n<p>Mendoza resalt\u00f3 el trabajo interinstitucional y dio indicaciones sobre las l\u00edneas de acci\u00f3n y recomendaciones del Gobierno para combatir la violencia hacia las mujeres. \u201cHar\u00e9 mis aportes indicando desde la perspectiva nacional, cu\u00e1l es el objetivo de los escenarios dirigidos a solucionar las situaciones relacionadas a este problema, teniendo en cuenta la colaboraci\u00f3n entre las diferentes entidades que conforman el Comit\u00e9\u201d. <\/p>\n","protected":false},"excerpt":{"rendered":"<p>C\u00daCUTA.- Como parte de los compromisos pactados con la comunidad del barrio Buenos Aires, en la ciudadela Juan Atalaya, el Departamento de Planeaci\u00f3n Municipal empez\u00f3 hace ocho d\u00edas la socializaci\u00f3n del proceso de legalizaci\u00f3n de tierras. A finales del 2017, se hab\u00eda acordado &nbsp;el proceso con los habitantes del asentamiento durante la visita del alcalde &hellip;<\/p>\n","protected":false},"author":1,"featured_media":31948,"comment_status":"open","ping_status":"open","sticky":false,"template":"","format":"standard","meta":{"footnotes":""},"categories":[2625,4],"tags":[4063,4064,2369],"class_list":["post-31947","post","type-post","status-publish","format-standard","has-post-thumbnail","hentry","category-alcaldia-de-cucuta","category-barra","tag-asentamientos-en-cucuta","tag-legalizacion-de-predios","tag-planeacion-municipal"],"_links":{"self":[{"href":"https:\/\/contraluzcucuta.co\/index.php?rest_route=\/wp\/v2\/posts\/31947","targetHints":{"allow":["GET"]}}],"collection":[{"href":"https:\/\/contraluzcucuta.co\/index.php?rest_route=\/wp\/v2\/posts"}],"about":[{"href":"https:\/\/contraluzcucuta.co\/index.php?rest_route=\/wp\/v2\/types\/post"}],"author":[{"embeddable":true,"href":"https:\/\/contraluzcucuta.co\/index.php?rest_route=\/wp\/v2\/users\/1"}],"replies":[{"embeddable":true,"href":"https:\/\/contraluzcucuta.co\/index.php?rest_route=%2Fwp%2Fv2%2Fcomments&post=31947"}],"version-history":[{"count":1,"href":"https:\/\/contraluzcucuta.co\/index.php?rest_route=\/wp\/v2\/posts\/31947\/revisions"}],"predecessor-version":[{"id":31949,"href":"https:\/\/contraluzcucuta.co\/index.php?rest_route=\/wp\/v2\/posts\/31947\/revisions\/31949"}],"wp:featuredmedia":[{"embeddable":true,"href":"https:\/\/contraluzcucuta.co\/index.php?rest_route=\/wp\/v2\/media\/31948"}],"wp:attachment":[{"href":"https:\/\/contraluzcucuta.co\/index.php?rest_route=%2Fwp%2Fv2%2Fmedia&parent=31947"}],"wp:term":[{"taxonomy":"category","embeddable":true,"href":"https:\/\/contraluzcucuta.co\/index.php?rest_route=%2Fwp%2Fv2%2Fcategories&post=31947"},{"taxonomy":"post_tag","embeddable":true,"href":"https:\/\/contraluzcucuta.co\/index.php?rest_route=%2Fwp%2Fv2%2Ftags&post=31947"}],"curies":[{"name":"wp","href":"https:\/\/api.w.org\/{rel}","templated":true}]}}