{"id":31940,"date":"2018-02-21T21:31:50","date_gmt":"2018-02-22T02:31:50","guid":{"rendered":"http:\/\/contraluzcucuta.co\/?p=31940"},"modified":"2018-02-21T21:31:50","modified_gmt":"2018-02-22T02:31:50","slug":"procuraduria-general-investigacion-disciplinaria-contra-jose-antonio-lizarazo-director-del-sena","status":"publish","type":"post","link":"https:\/\/contraluzcucuta.co\/?p=31940","title":{"rendered":"PROCURADUR\u00cdA GENERAL. Investigaci\u00f3n disciplinaria contra Jos\u00e9 Antonio Lizarazo, director del Sena"},"content":{"rendered":"<p style=\"padding-left: 30px;\"><span style=\"color: #ff6600;\"><strong>BOGOT\u00c1.-<\/strong> La Procuradur\u00eda General de la Naci\u00f3n orden\u00f3 investigaci\u00f3n disciplinaria en contra de Jos\u00e9 Antonio Lizarazo Sarmiento, en su condici\u00f3n de director de la regional Norte de Santander. Actualmente ocupa el cargo de <a href=\"https:\/\/contraluzcucuta.co\/articulos\/sena-jose-antonio-lizarazo-asumio-como-director-nacional\/\">director general<\/a>.<\/span><\/p>\n<p>Dentro de la indagaci\u00f3n preliminar abierta por presuntas irregularidades en manejo de personal y contratos de prestaci\u00f3n de servicios en el Sena, el organismo de control orden\u00f3 la apertura de investigaci\u00f3n por indebida participaci\u00f3n en pol\u00edtica en nueve regionales y la compulsa de copias para investigaci\u00f3n disciplinaria a seis congresistas.<\/p>\n<p>La Procuradur\u00eda orden\u00f3 trasladar copias de lo actuado con destino a la Procuradur\u00eda Auxiliar en Asuntos Disciplinarios, para evaluar la conducta del congresista de Norte de Santander, Manuel Guillermo Mora. Tambi\u00e9n, ser\u00e1n investigados los representantes a la C\u00e1mara, Argenis Vel\u00e1squez (Putumayo), Liliana Benavides (Nari\u00f1o), Juli\u00e1n Bedoya (Antioquia) y Hern\u00e1n Penagos (Caldas), y a senadora Myriam Paredes.<\/p>\n<p>A la regional de Norte de Santander se le abri\u00f3 investigaci\u00f3n disciplinaria respecto de la contrataci\u00f3n de servicios y participaci\u00f3n en pol\u00edtica. Las otras ocho regionales comprometidas en la investigaci\u00f3n son Antioquia, Putumayo, Cesar, Caldas, Nari\u00f1o, Santander, Atl\u00e1ntico y Magdalena.<\/p>\n<p>Luego de visitas para recabar pruebas y testimonios se vincul\u00f3 en investigaci\u00f3n disciplinaria a Demis Cristal Barrera Cotamo, subdirectora centros de formaci\u00f3n, regional Norte de Santander.<\/p>\n<p>Otras decisiones tomadas por la Procuradur\u00eda son las siguientes:<\/p>\n<p>1.- El Grupo \u00c9lite Anticorrupci\u00f3n encontr\u00f3 evidencia que la contrataci\u00f3n por prestaci\u00f3n de servicios personales en el Sena super\u00f3 los 32.000 contratos, antes del comienzo de la restricci\u00f3n de contrataci\u00f3n directa, por vigencia de la ley de garant\u00edas electorales.<\/p>\n<p>2.- Luego de visitas, pruebas y testimonios en las regionales de Antioquia, Caldas, Putumayo, Nari\u00f1o, Santander, Cesar, C\u00f3rdoba, Magdalena, Cundinamarca, Atl\u00e1ntico y Meta, y en el nivel central de la entidad se vincul\u00f3 en investigaci\u00f3n disciplinaria a los siguientes funcionarios:<\/p>\n<p>&#8211; Andr\u00e9s Oswaldo Fajardo Cabrera, ex subdirector regional Putumayo<\/p>\n<p>&#8211; Orlando Fabi\u00e1n Saavedra Zuleta, director regional Cesar<\/p>\n<p>&#8211; Carlos Rafael Mero Freile, subdirector centro de operaci\u00f3n y mantenimiento minero Cesar<\/p>\n<p>&#8211; Eduardo Oliver Mena, subdirector centro biotecnol\u00f3gico Cesar<\/p>\n<p>&#8211; Elkin Mauricio \u00c1vila Osorio, subdirector centro de comercio y servicios y centro para la formaci\u00f3n cafetera regional Caldas<\/p>\n<p>&#8211; Braulio Su\u00e1rez Ortega, subdirector del complejo tecnol\u00f3gico para la gesti\u00f3n empresarial Caucasia, regional Antioquia<\/p>\n<p>&#8211; Pedro Pablo Bastidas Molina, subdirector centro internacional de producci\u00f3n limpia, regional Nari\u00f1o.<\/p>\n<p>&#8211; En el nivel central se abri\u00f3 investigaci\u00f3n disciplinaria contra Enrique Romero Contreras, Secretario General encargado del Sena, por el encargo de un asesor de la Direcci\u00f3n General como director regional del Sena Santander, el 29 de diciembre de 2017, sin que presuntamente cumpliera los requisitos para el cargo.<\/p>\n<p>3.- Se decret\u00f3 la suspensi\u00f3n provisional por t\u00e9rmino de tres meses de los siguientes servidores p\u00fablicos del Sena:<\/p>\n<p>&#8211; Elkin Mauricio \u00c1vila Osorio, subdirector centro de comercio y servicios y centro para la formaci\u00f3n cafetera, regional Caldas<\/p>\n<p>&#8211; Braulio Su\u00e1rez Ortega, subdirector complejo tecnol\u00f3gico para la gesti\u00f3n agroempresarial, Caucasia, regional Antioquia.<\/p>\n<p>4.- Se solicit\u00f3 al director general suspender el contrato de prestaci\u00f3n de servicios del l\u00edder del programa Senova, en Antioquia.<\/p>\n<p>5.- Los funcionarios del Grupo \u00c9lite y de la Direcci\u00f3n Nacional de Investigaciones Especiales continuar\u00e1n la pr\u00e1ctica de pruebas en las regionales de Meta, Valle del Cauca, Cauca, C\u00f3rdoba y Caquet\u00e1.<\/p>\n<p>&nbsp; <\/p>\n","protected":false},"excerpt":{"rendered":"<p>BOGOT\u00c1.- La Procuradur\u00eda General de la Naci\u00f3n orden\u00f3 investigaci\u00f3n disciplinaria en contra de Jos\u00e9 Antonio Lizarazo Sarmiento, en su condici\u00f3n de director de la regional Norte de Santander. Actualmente ocupa el cargo de director general. Dentro de la indagaci\u00f3n preliminar abierta por presuntas irregularidades en manejo de personal y contratos de prestaci\u00f3n de servicios en &hellip;<\/p>\n","protected":false},"author":1,"featured_media":31942,"comment_status":"open","ping_status":"open","sticky":false,"template":"","format":"standard","meta":{"footnotes":""},"categories":[4,32],"tags":[3983,348,602],"class_list":["post-31940","post","type-post","status-publish","format-standard","has-post-thumbnail","hentry","category-barra","category-recorrido-por-la-region","tag-jose-antonio-lizarazo","tag-procuraduria-general-de-la-nacion","tag-sena-regional-norte-de-santander"],"_links":{"self":[{"href":"https:\/\/contraluzcucuta.co\/index.php?rest_route=\/wp\/v2\/posts\/31940","targetHints":{"allow":["GET"]}}],"collection":[{"href":"https:\/\/contraluzcucuta.co\/index.php?rest_route=\/wp\/v2\/posts"}],"about":[{"href":"https:\/\/contraluzcucuta.co\/index.php?rest_route=\/wp\/v2\/types\/post"}],"author":[{"embeddable":true,"href":"https:\/\/contraluzcucuta.co\/index.php?rest_route=\/wp\/v2\/users\/1"}],"replies":[{"embeddable":true,"href":"https:\/\/contraluzcucuta.co\/index.php?rest_route=%2Fwp%2Fv2%2Fcomments&post=31940"}],"version-history":[{"count":1,"href":"https:\/\/contraluzcucuta.co\/index.php?rest_route=\/wp\/v2\/posts\/31940\/revisions"}],"predecessor-version":[{"id":31943,"href":"https:\/\/contraluzcucuta.co\/index.php?rest_route=\/wp\/v2\/posts\/31940\/revisions\/31943"}],"wp:featuredmedia":[{"embeddable":true,"href":"https:\/\/contraluzcucuta.co\/index.php?rest_route=\/wp\/v2\/media\/31942"}],"wp:attachment":[{"href":"https:\/\/contraluzcucuta.co\/index.php?rest_route=%2Fwp%2Fv2%2Fmedia&parent=31940"}],"wp:term":[{"taxonomy":"category","embeddable":true,"href":"https:\/\/contraluzcucuta.co\/index.php?rest_route=%2Fwp%2Fv2%2Fcategories&post=31940"},{"taxonomy":"post_tag","embeddable":true,"href":"https:\/\/contraluzcucuta.co\/index.php?rest_route=%2Fwp%2Fv2%2Ftags&post=31940"}],"curies":[{"name":"wp","href":"https:\/\/api.w.org\/{rel}","templated":true}]}}