{"id":31934,"date":"2018-02-20T21:26:46","date_gmt":"2018-02-21T02:26:46","guid":{"rendered":"http:\/\/contraluzcucuta.co\/?p=31934"},"modified":"2018-02-20T21:26:46","modified_gmt":"2018-02-21T02:26:46","slug":"deportista-del-ano-la-acord-proclamara-los-mejores-de-norte-de-santander","status":"publish","type":"post","link":"https:\/\/contraluzcucuta.co\/?p=31934","title":{"rendered":"DEPORTISTA DEL A\u00d1O. La Acord proclamar\u00e1 a los mejores de Norte de Santander"},"content":{"rendered":"<p style=\"padding-left: 60px;\"><span style=\"color: #ff6600;\"><strong>C\u00daCUTA.-<\/strong> La Asociaci\u00f3n Colombiana de Redactores Deportivos (Acord), seccional Norte de Santander, proclamar\u00e1 este 22 de febrero al deportista del a\u00f1o en la regi\u00f3n. El acto se efectuar\u00e1, a las 8:00 de la noche, en el Centro Recreacional Villa Silvania.<\/span><\/p>\n<p>El presidente del gremio deportivo, Arnulfo S\u00e1nchez, dijo que luego de haberse hecho la votaci\u00f3n entre los socios de la prensa especializada, fueron escogidas 22 categor\u00edas. Entre las exaltaciones destacan las siguientes:<\/p>\n<p>1.- Deportista aficionado<\/p>\n<p>2.- Deportista paral\u00edmpico<\/p>\n<p>3.- Mejor \u00e1rbitro<\/p>\n<p>4-&nbsp; Mejor entrenador<\/p>\n<p>5.- Mejores ligas deportistas del a\u00f1o<\/p>\n<p>6.- Periodista revelaci\u00f3n<\/p>\n<p>7.- Premio \u2018El futuro es hoy\u2019<\/p>\n<p>8.- Premio \u2018Toda una vida en el periodismo deportivo\u2019<\/p>\n<p>9.- Premio \u2018Toda una vida en el deporte\u2019<\/p>\n<p>10.- Mejor Delegaci\u00f3n Deportiva<\/p>\n<p>11.- Mejor Dirigente Deportivo<\/p>\n<p>12.- Mejor Programa Institucional, entre otros. <\/p>\n","protected":false},"excerpt":{"rendered":"<p>C\u00daCUTA.- La Asociaci\u00f3n Colombiana de Redactores Deportivos (Acord), seccional Norte de Santander, proclamar\u00e1 este 22 de febrero al deportista del a\u00f1o en la regi\u00f3n. El acto se efectuar\u00e1, a las 8:00 de la noche, en el Centro Recreacional Villa Silvania. El presidente del gremio deportivo, Arnulfo S\u00e1nchez, dijo que luego de haberse hecho la votaci\u00f3n &hellip;<\/p>\n","protected":false},"author":1,"featured_media":31935,"comment_status":"open","ping_status":"open","sticky":false,"template":"","format":"standard","meta":{"footnotes":""},"categories":[28],"tags":[1244,1066],"class_list":["post-31934","post","type-post","status-publish","format-standard","has-post-thumbnail","hentry","category-vistazo-deportivo","tag-acord-norte-de-santander","tag-deportista-del-ano"],"_links":{"self":[{"href":"https:\/\/contraluzcucuta.co\/index.php?rest_route=\/wp\/v2\/posts\/31934","targetHints":{"allow":["GET"]}}],"collection":[{"href":"https:\/\/contraluzcucuta.co\/index.php?rest_route=\/wp\/v2\/posts"}],"about":[{"href":"https:\/\/contraluzcucuta.co\/index.php?rest_route=\/wp\/v2\/types\/post"}],"author":[{"embeddable":true,"href":"https:\/\/contraluzcucuta.co\/index.php?rest_route=\/wp\/v2\/users\/1"}],"replies":[{"embeddable":true,"href":"https:\/\/contraluzcucuta.co\/index.php?rest_route=%2Fwp%2Fv2%2Fcomments&post=31934"}],"version-history":[{"count":1,"href":"https:\/\/contraluzcucuta.co\/index.php?rest_route=\/wp\/v2\/posts\/31934\/revisions"}],"predecessor-version":[{"id":31936,"href":"https:\/\/contraluzcucuta.co\/index.php?rest_route=\/wp\/v2\/posts\/31934\/revisions\/31936"}],"wp:featuredmedia":[{"embeddable":true,"href":"https:\/\/contraluzcucuta.co\/index.php?rest_route=\/wp\/v2\/media\/31935"}],"wp:attachment":[{"href":"https:\/\/contraluzcucuta.co\/index.php?rest_route=%2Fwp%2Fv2%2Fmedia&parent=31934"}],"wp:term":[{"taxonomy":"category","embeddable":true,"href":"https:\/\/contraluzcucuta.co\/index.php?rest_route=%2Fwp%2Fv2%2Fcategories&post=31934"},{"taxonomy":"post_tag","embeddable":true,"href":"https:\/\/contraluzcucuta.co\/index.php?rest_route=%2Fwp%2Fv2%2Ftags&post=31934"}],"curies":[{"name":"wp","href":"https:\/\/api.w.org\/{rel}","templated":true}]}}